{"id":78,"date":"2023-06-21T00:00:45","date_gmt":"2023-06-21T00:00:45","guid":{"rendered":"http:\/\/themedemos.webmandesign.eu\/cindy\/?p=78"},"modified":"2024-01-15T12:58:59","modified_gmt":"2024-01-15T12:58:59","slug":"traitement-des-resultats-des-enquetes-de-seromonitoring-des-campagnes-de-vaccination-contre-la-ppr-le-praps-2-renforce-les-capacites-des-experts-des-six-pays","status":"publish","type":"post","link":"https:\/\/praps.sn\/v2\/traitement-des-resultats-des-enquetes-de-seromonitoring-des-campagnes-de-vaccination-contre-la-ppr-le-praps-2-renforce-les-capacites-des-experts-des-six-pays\/","title":{"rendered":"Traitement des r\u00e9sultats des enqu\u00eates de s\u00e9romonitoring des campagnes de vaccination contre la PPR : Le PRAPS-2 renforce les capacit\u00e9s des experts des six pays"},"content":{"rendered":"\t\t<div data-elementor-type=\"wp-post\" data-elementor-id=\"78\" class=\"elementor elementor-78\">\n\t\t\t\t<div class=\"elementor-element elementor-element-0a206f0 e-flex e-con-boxed wpr-particle-no wpr-jarallax-no wpr-parallax-no wpr-sticky-section-no e-con e-parent\" data-id=\"0a206f0\" data-element_type=\"container\" data-settings=\"{&quot;background_background&quot;:&quot;classic&quot;}\">\n\t\t\t\t\t<div class=\"e-con-inner\">\n\t\t\t\t<div class=\"elementor-element elementor-element-26a239d elementor-widget elementor-widget-page-title\" data-id=\"26a239d\" data-element_type=\"widget\" data-settings=\"{&quot;align&quot;:&quot;center&quot;}\" data-widget_type=\"page-title.default\">\n\t\t\t\t<div class=\"elementor-widget-container\">\n\t\t\t\t\t\t\t\n\t\t<div class=\"hfe-page-title hfe-page-title-wrapper elementor-widget-heading\">\n\n\t\t\t\t\t\t\t\t<h2 class=\"elementor-heading-title elementor-size-default\">\n\t\t\t\t\t\t\t\t\n\t\t\t\tTraitement des r\u00e9sultats des enqu\u00eates de s\u00e9romonitoring des campagnes de vaccination contre la PPR : Le PRAPS-2 renforce les capacit\u00e9s des experts des six pays  \n\t\t\t<\/h2 > \n\t\t\t\t\t<\/div>\n\t\t\t\t\t\t<\/div>\n\t\t\t\t<\/div>\n\t\t\t\t\t<\/div>\n\t\t\t\t<\/div>\n\t\t<div class=\"elementor-element elementor-element-2ce97af4 e-flex e-con-boxed wpr-particle-no wpr-jarallax-no wpr-parallax-no wpr-sticky-section-no e-con e-parent\" data-id=\"2ce97af4\" data-element_type=\"container\">\n\t\t\t\t\t<div class=\"e-con-inner\">\n\t\t\t\t<div class=\"elementor-element elementor-element-6054e186 elementor-widget elementor-widget-text-editor\" data-id=\"6054e186\" data-element_type=\"widget\" data-widget_type=\"text-editor.default\">\n\t\t\t\t<div class=\"elementor-widget-container\">\n\t\t\t\t\t\t\t\t\t\n<p>Un important atelier de formation sur le traitement des r\u00e9sultats des enqu\u00eates de s\u00e9romonitoring des campagnes de vaccination contre la Peste des Petits Ruminants( PPR) r\u00e9unit une trentaine d\u2019experts venus du Burkina Faso, du Mali, du Niger de la Mauritanie, du S\u00e9n\u00e9gal et du Tchad .<\/p>\n<p>Cette formation \u00a0r\u00e9gionale ax\u00e9e sur le traitement des donn\u00e9es issues des enqu\u00eates de s\u00e9romonitoring des campagnes de vaccination contre la PPR, une des maladies\u00a0\u00a0 qui d\u00e9ciment le cheptel au Sahel est organis\u00e9e par le PRAPS-2 en rapport avec l\u2019Organisation Mondiale de la Sant\u00e9 Animale \u00e0 qui le CILSS a confi\u00e9 la composante \u2018 am\u00e9lioration de la sant\u00e9 animale et le contr\u00f4le des m\u00e9dicaments v\u00e9t\u00e9rinaires\u00a0\u00bb avec le Centre R\u00e9gional en Sant\u00e9 Animale( CRSA).<\/p>\n<p><img fetchpriority=\"high\" decoding=\"async\" class=\"alignleft wp-image-930\" src=\"https:\/\/praps.sn\/v2\/wp-content\/uploads\/2020\/06\/traitement-seromonitoring1-640x452.jpg\" alt=\"\" width=\"600\" height=\"423\" srcset=\"https:\/\/praps.sn\/v2\/wp-content\/uploads\/2020\/06\/traitement-seromonitoring1-640x452.jpg 640w, https:\/\/praps.sn\/v2\/wp-content\/uploads\/2020\/06\/traitement-seromonitoring1.jpg 673w\" sizes=\"(max-width: 600px) 100vw, 600px\" \/><\/p>\n<p>Les objectifs de cette session de formation r\u00e9gionale sont entre autres\u00a0:<\/p>\n<ul>\n<li>La ma\u00eetrise des outils\u00a0 et m\u00e9thodes d\u2019analyse des donn\u00e9es\u00a0 et l\u2019interpr\u00e9tation des enqu\u00eates s\u00e9romonitoring PPR par les experts des pays,<\/li>\n<li>L\u2019application des outils et m\u00e9thodes aux donn\u00e9es recueillies par les pays,<\/li>\n<li>Partager les informations entre pays,<\/li>\n<li>Formuler des recommandations pour red\u00e9finir ou adapter\u00a0 les strat\u00e9gies d\u2019\u00e9radication de la PPR dans les pays de mise\u00a0 en\u00a0 \u0153uvre du PRAPS-2.<\/li>\n<\/ul>\n<p>La c\u00e9r\u00e9monie officielle a d\u00e9marr\u00e9 par un mot d\u2019ouverture et de transmission du message du <strong>Professeur Alfarouk,<\/strong> Coordonnateur Technique de \u2018l\u2019OMSA-Assistance Technique cibl\u00e9e\u00a0 de la Composante 1, <strong>Docteure Anta Diagne<\/strong> a mis l\u2019accent sur l\u2019importance de cette formation.<\/p>\n<p>Au nom des autorit\u00e9s s\u00e9n\u00e9galaises, en l\u2019occurrence la Direction des Services v\u00e9t\u00e9rinaires, Docteure<strong> Adji Mareme GAYE <\/strong>a d\u2019abord pr\u00e9sent\u00e9 les excuses du Directeur emp\u00each\u00e9, tout en saluant le choix port\u00e9 sur le S\u00e9n\u00e9gal sur une formation aussi importante que celle-ci.<\/p>\n<p>Rappelons que pour \u00e9radiquer la PPR au niveau des six pays du PRAPS-2, un objectif de vaccination et de marquage \u00a0de 396400000\u00a0 est assign\u00e9 aux services v\u00e9t\u00e9rinaires du PRAPS-2.<\/p>\n\n<p>\u00a0<\/p>\t\t\t\t\t\t\t\t<\/div>\n\t\t\t\t<\/div>\n\t\t\t\t\t<\/div>\n\t\t\t\t<\/div>\n\t\t\t\t<\/div>\n\t\t","protected":false},"excerpt":{"rendered":"<div class=\"entry-summary\">\nUn important atelier de formation sur le traitement des r\u00e9sultats des enqu\u00eates de s\u00e9romonitoring des campagnes de vaccination contre la Peste des Petits Ruminants\n<\/div>\n<div class=\"link-more-container\"><a href=\"https:\/\/praps.sn\/v2\/traitement-des-resultats-des-enquetes-de-seromonitoring-des-campagnes-de-vaccination-contre-la-ppr-le-praps-2-renforce-les-capacites-des-experts-des-six-pays\/\" class=\"link-more\" aria-label=\"Continue reading Traitement des r\u00e9sultats des enqu\u00eates de s\u00e9romonitoring des campagnes de vaccination contre la PPR : Le PRAPS-2 renforce les capacit\u00e9s des experts des six pays\">Continue reading&hellip;<\/a><\/div>\n","protected":false},"author":5,"featured_media":928,"comment_status":"closed","ping_status":"closed","sticky":false,"template":"elementor_theme","format":"standard","meta":{"footnotes":""},"categories":[1],"tags":[54,55,52,50,51,53],"class_list":["post-78","post","type-post","status-publish","format-standard","has-post-thumbnail","hentry","category-actualites","tag-campagnes-de-vaccination","tag-contre-la-peste-des-petits-ruminants-ppr","tag-enquetes","tag-formation","tag-resultats","tag-seromonitoring","entry","entry-type-post"],"jetpack_featured_media_url":"https:\/\/praps.sn\/v2\/wp-content\/uploads\/2020\/06\/traitement-seromonitoring-310x205-1.jpg","_links":{"self":[{"href":"https:\/\/praps.sn\/v2\/wp-json\/wp\/v2\/posts\/78","targetHints":{"allow":["GET"]}}],"collection":[{"href":"https:\/\/praps.sn\/v2\/wp-json\/wp\/v2\/posts"}],"about":[{"href":"https:\/\/praps.sn\/v2\/wp-json\/wp\/v2\/types\/post"}],"author":[{"embeddable":true,"href":"https:\/\/praps.sn\/v2\/wp-json\/wp\/v2\/users\/5"}],"replies":[{"embeddable":true,"href":"https:\/\/praps.sn\/v2\/wp-json\/wp\/v2\/comments?post=78"}],"version-history":[{"count":24,"href":"https:\/\/praps.sn\/v2\/wp-json\/wp\/v2\/posts\/78\/revisions"}],"predecessor-version":[{"id":3027,"href":"https:\/\/praps.sn\/v2\/wp-json\/wp\/v2\/posts\/78\/revisions\/3027"}],"wp:featuredmedia":[{"embeddable":true,"href":"https:\/\/praps.sn\/v2\/wp-json\/wp\/v2\/media\/928"}],"wp:attachment":[{"href":"https:\/\/praps.sn\/v2\/wp-json\/wp\/v2\/media?parent=78"}],"wp:term":[{"taxonomy":"category","embeddable":true,"href":"https:\/\/praps.sn\/v2\/wp-json\/wp\/v2\/categories?post=78"},{"taxonomy":"post_tag","embeddable":true,"href":"https:\/\/praps.sn\/v2\/wp-json\/wp\/v2\/tags?post=78"}],"curies":[{"name":"wp","href":"https:\/\/api.w.org\/{rel}","templated":true}]}}