{"id":4423,"date":"2025-10-11T12:58:28","date_gmt":"2025-10-11T12:58:28","guid":{"rendered":"https:\/\/praps.sn\/v2\/?p=4423"},"modified":"2025-10-11T13:33:37","modified_gmt":"2025-10-11T13:33:37","slug":"marche-a-betail-de-bondji-au-senegal-plaque-tournante-du-commerce-du-betail-au-sahel","status":"publish","type":"post","link":"https:\/\/praps.sn\/v2\/marche-a-betail-de-bondji-au-senegal-plaque-tournante-du-commerce-du-betail-au-sahel\/","title":{"rendered":"March\u00e9 \u00e0 b\u00e9tail de Bondji : plaque tournante du commerce du b\u00e9tail au Sahel"},"content":{"rendered":"\t\t<div data-elementor-type=\"wp-post\" data-elementor-id=\"4423\" class=\"elementor elementor-4423\">\n\t\t\t\t<div class=\"elementor-element elementor-element-0a206f0 e-flex e-con-boxed wpr-particle-no wpr-jarallax-no wpr-parallax-no wpr-sticky-section-no e-con e-parent\" data-id=\"0a206f0\" data-element_type=\"container\" data-settings=\"{&quot;background_background&quot;:&quot;classic&quot;}\">\n\t\t\t\t\t<div class=\"e-con-inner\">\n\t\t\t\t<div class=\"elementor-element elementor-element-26a239d elementor-widget elementor-widget-page-title\" data-id=\"26a239d\" data-element_type=\"widget\" data-settings=\"{&quot;align&quot;:&quot;center&quot;}\" data-widget_type=\"page-title.default\">\n\t\t\t\t<div class=\"elementor-widget-container\">\n\t\t\t\t\t\t\t\n\t\t<div class=\"hfe-page-title hfe-page-title-wrapper elementor-widget-heading\">\n\n\t\t\t\t\t\t\t\t<h2 class=\"elementor-heading-title elementor-size-default\">\n\t\t\t\t\t\t\t\t\n\t\t\t\tMarch\u00e9 \u00e0 b\u00e9tail de Bondji : plaque tournante du commerce du b\u00e9tail au Sahel  \n\t\t\t<\/h2 > \n\t\t\t\t\t<\/div>\n\t\t\t\t\t\t<\/div>\n\t\t\t\t<\/div>\n\t\t\t\t\t<\/div>\n\t\t\t\t<\/div>\n\t\t<div class=\"elementor-element elementor-element-ca53c79 e-flex e-con-boxed wpr-particle-no wpr-jarallax-no wpr-parallax-no wpr-sticky-section-no e-con e-parent\" data-id=\"ca53c79\" data-element_type=\"container\">\n\t\t\t\t\t<div class=\"e-con-inner\">\n\t\t\t\t<div class=\"elementor-element elementor-element-abbfb6d elementor-widget elementor-widget-text-editor\" data-id=\"abbfb6d\" data-element_type=\"widget\" data-widget_type=\"text-editor.default\">\n\t\t\t\t<div class=\"elementor-widget-container\">\n\t\t\t\t\t\t\t\t\t<div style=\"color: #444444; margin-bottom: 30px; font-family: Montserrat, sans-serif;\"><i>Le march\u00e9 \u00e0 b\u00e9tail de Bondji, situ\u00e9 dans le d\u00e9partement de Bakel (R\u00e9gion de Tambacounda), conna\u00eet un nouveau souffle. Construit par le Projet R\u00e9gional d\u2019Appui au Pastoralisme au Sahel-Phase 2 (PRAPS-2), \u00e0 hauteur de 107 millions de francs CFA, ce site strat\u00e9gique attire d\u00e9sormais de nombreux \u00e9leveurs et marchands de b\u00e9tail chaque jeudi. V\u00e9ritable p\u00f4le \u00e9conomique \u00e0 l\u2019\u00e9chelle r\u00e9gionale, il r\u00e9pond aux besoins des acteurs de la chaine de valeur de disposer d\u2019un cadre s\u00e9curis\u00e9 pour les transactions commerciales autour du b\u00e9tail.&nbsp;<\/i><br><span style=\"text-align: justify; color: #333333; font-size: 14px;\">\u00c0 Bondji, dans la r\u00e9gion de Tambacounda au S\u00e9n\u00e9gal, chaque jeudi, le march\u00e9 devient un v\u00e9ritable carrefour r\u00e9gional, attirant une multitude d\u2019\u00e9leveurs et de commer\u00e7ants de b\u00e9tail venus non seulement de cette localit\u00e9, des r\u00e9gions s\u00e9n\u00e9galaises telles que Matam, Kaffrine, Diourbel et Saint-Louis, mais \u00e9galement des pays voisins comme le Mali et la Mauritanie. La foire hebdomadaire accueille environ 1 000 bovins et 2 000 petits ruminants. Ces chiffres grimpent lors des f\u00eates religieuses et des c\u00e9l\u00e9brations communautaires<\/span><\/div>\n<div style=\"color: #444444; margin-bottom: 30px; font-family: Montserrat, sans-serif;\"><span style=\"color: #333333; font-size: 14px; text-align: justify;\">En ce 2 octobre 2025, Mamadou Abdoul Ba, commer\u00e7ant de b\u00e9tail, a achemin\u00e9 une trentaine de b\u0153ufs au march\u00e9 de Bondji. \u00ab&nbsp;<\/span><i style=\"color: #333333; font-size: 14px; text-align: justify;\">Avant la construction des infrastructures marchandes, nous enregistrions des pertes d\u2019animaux. Aujourd\u2019hui, tout est s\u00e9curis\u00e9&nbsp;<\/i><span style=\"color: #333333; font-size: 14px; text-align: justify;\">\u00bb, t\u00e9moigne-t-il. Et de pr\u00e9ciser qu\u2019il \u00e9coule chaque jour de march\u00e9 entre 20 et 30 b\u0153ufs, \u00e0 des prix variant entre 250 000 et 500 000 francs CFA l\u2019unit\u00e9.&nbsp;<\/span><span style=\"color: rgb(51, 51, 51); font-size: 14px; text-align: justify;\">Originaire de Kiffa, en Mauritanie, Baba Dicko est venu au march\u00e9 de Bondji pour \u00e9couler son b\u00e9tail. \u00ab<\/span><i style=\"color: rgb(51, 51, 51); font-size: 14px; text-align: justify;\">&nbsp;Aujourd\u2019hui, j\u2019ai amen\u00e9 87 bovins. Il m\u2019en reste 25 que je vendrai dans d\u2019autres march\u00e9s tout au long de mon trajet de retour&nbsp;<\/i><span style=\"color: rgb(51, 51, 51); font-size: 14px; text-align: justify;\">\u00bb, confie-t-il. Habitu\u00e9 des circuits commerciaux transfrontaliers, Baba Dicko affirme fr\u00e9quenter ces march\u00e9s sans difficult\u00e9. \u00ab&nbsp;<\/span><i style=\"color: rgb(51, 51, 51); font-size: 14px; text-align: justify;\">Ici, les \u00e9changes se passent bien. Il y a une bonne entente avec les acteurs sur place.<\/i><span style=\"color: rgb(51, 51, 51); font-size: 14px; text-align: justify;\">&nbsp;\u00bb, ajoute-t-il.&nbsp;<\/span><span style=\"color: rgb(51, 51, 51); font-size: 14px; text-align: justify;\">La gestion du march\u00e9 \u00e0 b\u00e9tail de Bondji est assur\u00e9e par un Comit\u00e9 de gestion (COGES) regroupant les acteurs de la fili\u00e8re. \u00ab&nbsp;<\/span><i style=\"color: rgb(51, 51, 51); font-size: 14px; text-align: justify;\">Nous veillons \u00e0 la s\u00e9curit\u00e9 du site et des transactions, \u00e0 l\u2019entretien des infrastructures, ainsi qu\u2019\u00e0 la collecte des taxes li\u00e9es \u00e0 la fr\u00e9quentation du march\u00e9, soit 250 francs CFA par t\u00eate de bovin \u00e0 l\u2019entr\u00e9e et \u00e0 la sortie, et 100 francs CFA par petit ruminant \u00e0 l\u2019entr\u00e9e uniquement<\/i><span style=\"color: rgb(51, 51, 51); font-size: 14px; text-align: justify;\">&nbsp;\u00bb, pr\u00e9cise Yoro Samba Sagna, pr\u00e9sident du COGES.<\/span><\/div>\n<p><span style=\"color: #333333; font-family: Montserrat, sans-serif; font-size: 14px; text-align: justify;\">L\u2019infrastructure permet de s\u00e9curiser les animaux, d\u2019offrir aux \u00e9leveurs des prix r\u00e9mun\u00e9rateurs et aux commer\u00e7ants de r\u00e9elles opportunit\u00e9s \u00e9conomiques, tout en g\u00e9n\u00e9rant des recettes destin\u00e9es au d\u00e9veloppement communautaire. Par ailleurs, de nombreuses femmes y m\u00e8nent des activit\u00e9s g\u00e9n\u00e9ratrices de revenus, notamment \u00e0 travers la vente de denr\u00e9es alimentaires et d\u2019aliments du b\u00e9tail. Il en est ainsi de Diari Diao, restauratrice, qui dit b\u00e9n\u00e9ficier pleinement de l\u2019affluence du march\u00e9. \u00ab&nbsp;<\/span><i style=\"color: #333333; font-family: Montserrat, sans-serif; font-size: 14px; text-align: justify;\">Cette client\u00e8le me permet de r\u00e9aliser de bonnes ventes chaque jeudi<\/i><span style=\"color: #333333; font-family: Montserrat, sans-serif; font-size: 14px; text-align: justify;\">&nbsp;\u00bb, confie-t-elle.<\/span><\/p>\n<p style=\"margin-right: 0px; margin-bottom: 10px; margin-left: 0px; text-align: justify; color: #333333; font-family: Montserrat, sans-serif; font-size: 14px;\">Le march\u00e9 \u00e0 b\u00e9tail au c\u0153ur de cette vitalit\u00e9 \u00e9conomique est r\u00e9alis\u00e9 par le PRAPS-2 au S\u00e9n\u00e9gal. \u00ab&nbsp;<i>A la demande des acteurs, nous avons construit le march\u00e9 \u00e0 b\u00e9tail des petits ruminants et r\u00e9habilit\u00e9 le march\u00e9 des gros ruminants, en y installant des abreuvoirs, des forages solaires, des hangars, des quais d\u2019embarquement et en r\u00e9fectionnant les bureaux. D\u00e8s le d\u00e9but du processus, nous avons mis en \u0153uvre l\u2019approche d\u2019ing\u00e9nierie sociale visant \u00e0 assurer l\u2019appropriation de l\u2019infrastructure par les b\u00e9n\u00e9ficiaires et sa durabilit\u00e9<\/i>&nbsp;\u00bb, a soutenu Dr Alfred Diouf, Chef d\u2019antenne du PRAPS-2 S\u00e9n\u00e9gal \u00e0 Kanel.<\/p>\n<p style=\"margin-right: 0px; margin-bottom: 10px; margin-left: 0px; text-align: justify; color: #333333; font-family: Montserrat, sans-serif; font-size: 14px;\">Dans le cadre de sa deuxi\u00e8me phase, le PRAPS-2 S\u00e9n\u00e9gal pr\u00e9voit la construction et la r\u00e9habilitation de quatre march\u00e9s \u00e0 b\u00e9tail suppl\u00e9mentaires dont deux sont d\u00e9j\u00e0 r\u00e9ceptionn\u00e9s, venant s\u2019ajouter aux huit infrastructures d\u00e9j\u00e0 r\u00e9alis\u00e9es lors de la phase initiale du projet. Financ\u00e9 \u00e0 hauteur de 50 millions de dollars US par la Banque mondiale et l\u2019\u00c9tat s\u00e9n\u00e9galais, le projet vise \u00e0 renforcer durablement la r\u00e9silience des pasteurs et agropasteurs. Mis en \u0153uvre sur la p\u00e9riode 2022-2027, le PRAPS-2 SN consolide les acquis de sa premi\u00e8re phase, r\u00e9alis\u00e9e entre 2015 et 2021 avec un budget de 30 millions de dollars US.<\/p>\n<p style=\"margin-right: 0px; margin-bottom: 10px; margin-left: 0px; text-align: justify; color: #333333; font-family: Montserrat, sans-serif; font-size: 14px;\">Dans ses six pays d\u2019intervention (Burkina Faso, Mali, Mauritanie, Niger, S\u00e9n\u00e9gal et Tchad), le PRAPS-2 s\u2019emploie \u00e0 r\u00e9aliser 84 march\u00e9s \u00e0 b\u00e9tail, en plus des 102 infrastructures mises en place lors de sa premi\u00e8re phase. Plac\u00e9 sous la coordination r\u00e9gionale du Comit\u00e9 permanent Inter-Etats de Lutte contre la s\u00e9cheresse dans le Sahel (CILSS), le projet est financ\u00e9 par la Banque mondiale et les Etats participants \u00e0 hauteur de 297, 73 milliards de francs CFA (517 millions de dollars US). Sur ses deux phases, le financement global \u00e0 l&rsquo;\u00e9chelle r\u00e9gionale s\u2019\u00e9l\u00e8ve \u00e0 765 millions de dollars US environ, soit 439, 87 milliards de francs CFA.&nbsp;<\/p>\n<p style=\"margin-right: 0px; margin-bottom: 10px; margin-left: 0px; color: #333333; font-family: Montserrat, sans-serif; font-size: 14px;\"><span style=\"font-weight: bold;\">Roger SANKARA<\/span><\/p>\t\t\t\t\t\t\t\t<\/div>\n\t\t\t\t<\/div>\n\t\t\t\t<div class=\"elementor-element elementor-element-8875b1c elementor-widget elementor-widget-image\" data-id=\"8875b1c\" data-element_type=\"widget\" data-widget_type=\"image.default\">\n\t\t\t\t<div class=\"elementor-widget-container\">\n\t\t\t\t\t\t\t\t\t\t\t\t\t\t\t<img fetchpriority=\"high\" decoding=\"async\" width=\"1200\" height=\"1200\" src=\"https:\/\/praps.sn\/v2\/wp-content\/uploads\/2025\/10\/YSS.jpg\" class=\"attachment-large size-large wp-image-4429\" alt=\"\" srcset=\"https:\/\/praps.sn\/v2\/wp-content\/uploads\/2025\/10\/YSS.jpg 1200w, https:\/\/praps.sn\/v2\/wp-content\/uploads\/2025\/10\/YSS-640x640.jpg 640w, https:\/\/praps.sn\/v2\/wp-content\/uploads\/2025\/10\/YSS-768x768.jpg 768w\" sizes=\"(max-width: 1200px) 100vw, 1200px\" \/>\t\t\t\t\t\t\t\t\t\t\t\t\t\t\t<\/div>\n\t\t\t\t<\/div>\n\t\t\t\t\t<\/div>\n\t\t\t\t<\/div>\n\t\t<div class=\"elementor-element elementor-element-bcf39b8 e-flex e-con-boxed wpr-particle-no wpr-jarallax-no wpr-parallax-no wpr-sticky-section-no e-con e-parent\" data-id=\"bcf39b8\" data-element_type=\"container\">\n\t\t\t\t\t<div class=\"e-con-inner\">\n\t\t\t\t<div class=\"elementor-element elementor-element-0c5ee1d elementor-widget elementor-widget-image\" data-id=\"0c5ee1d\" data-element_type=\"widget\" data-widget_type=\"image.default\">\n\t\t\t\t<div class=\"elementor-widget-container\">\n\t\t\t\t\t\t\t\t\t\t\t\t\t\t\t<img decoding=\"async\" width=\"1320\" height=\"880\" src=\"https:\/\/praps.sn\/v2\/wp-content\/uploads\/2025\/10\/DSC_5371-1320x880.jpg\" class=\"attachment-large size-large wp-image-4425\" alt=\"\" srcset=\"https:\/\/praps.sn\/v2\/wp-content\/uploads\/2025\/10\/DSC_5371-1320x880.jpg 1320w, https:\/\/praps.sn\/v2\/wp-content\/uploads\/2025\/10\/DSC_5371-640x427.jpg 640w, https:\/\/praps.sn\/v2\/wp-content\/uploads\/2025\/10\/DSC_5371-768x512.jpg 768w, https:\/\/praps.sn\/v2\/wp-content\/uploads\/2025\/10\/DSC_5371-1536x1024.jpg 1536w, https:\/\/praps.sn\/v2\/wp-content\/uploads\/2025\/10\/DSC_5371-2048x1365.jpg 2048w\" sizes=\"(max-width: 1320px) 100vw, 1320px\" \/>\t\t\t\t\t\t\t\t\t\t\t\t\t\t\t<\/div>\n\t\t\t\t<\/div>\n\t\t\t\t\t<\/div>\n\t\t\t\t<\/div>\n\t\t<div class=\"elementor-element elementor-element-3e8b2cb e-flex e-con-boxed wpr-particle-no wpr-jarallax-no wpr-parallax-no wpr-sticky-section-no e-con e-parent\" data-id=\"3e8b2cb\" data-element_type=\"container\">\n\t\t\t\t\t<div class=\"e-con-inner\">\n\t\t<div class=\"elementor-element elementor-element-c0a2519 e-con-full e-flex wpr-particle-no wpr-jarallax-no wpr-parallax-no wpr-sticky-section-no e-con e-child\" data-id=\"c0a2519\" data-element_type=\"container\">\n\t\t\t\t<\/div>\n\t\t\t\t\t<\/div>\n\t\t\t\t<\/div>\n\t\t<div class=\"elementor-element elementor-element-45c82b2 e-flex e-con-boxed wpr-particle-no wpr-jarallax-no wpr-parallax-no wpr-sticky-section-no e-con e-parent\" data-id=\"45c82b2\" data-element_type=\"container\">\n\t\t\t\t\t<div class=\"e-con-inner\">\n\t\t\t\t<div class=\"elementor-element elementor-element-f4307c5 elementor-widget elementor-widget-image\" data-id=\"f4307c5\" data-element_type=\"widget\" data-widget_type=\"image.default\">\n\t\t\t\t<div class=\"elementor-widget-container\">\n\t\t\t\t\t\t\t\t\t\t\t\t\t\t\t<img decoding=\"async\" width=\"1320\" height=\"880\" src=\"https:\/\/praps.sn\/v2\/wp-content\/uploads\/2025\/10\/DSC_5461-1320x880.jpg\" class=\"attachment-large size-large wp-image-4428\" alt=\"\" srcset=\"https:\/\/praps.sn\/v2\/wp-content\/uploads\/2025\/10\/DSC_5461-1320x880.jpg 1320w, https:\/\/praps.sn\/v2\/wp-content\/uploads\/2025\/10\/DSC_5461-640x427.jpg 640w, https:\/\/praps.sn\/v2\/wp-content\/uploads\/2025\/10\/DSC_5461-768x512.jpg 768w, https:\/\/praps.sn\/v2\/wp-content\/uploads\/2025\/10\/DSC_5461-1536x1024.jpg 1536w, https:\/\/praps.sn\/v2\/wp-content\/uploads\/2025\/10\/DSC_5461-2048x1365.jpg 2048w\" sizes=\"(max-width: 1320px) 100vw, 1320px\" \/>\t\t\t\t\t\t\t\t\t\t\t\t\t\t\t<\/div>\n\t\t\t\t<\/div>\n\t\t\t\t\t<\/div>\n\t\t\t\t<\/div>\n\t\t\t\t<\/div>\n\t\t","protected":false},"excerpt":{"rendered":"<div class=\"entry-summary\">\nLe march\u00e9 \u00e0 b\u00e9tail de Bondji, situ\u00e9 dans le d\u00e9partement de Bakel (R\u00e9gion de Tambacounda), conna\u00eet un nouveau souffle. Construit par le Projet R\u00e9gional d\u2019Appui au Pastoralisme au Sahel-Phase 2 (PRAPS-2), \u00e0 hauteur de 107 millions de francs CFA, ce site strat\u00e9gique attire d\u00e9sormais de nombreux \u00e9leveurs et marchands de b\u00e9tail chaque jeudi.\n<\/div>\n<div class=\"link-more-container\"><a href=\"https:\/\/praps.sn\/v2\/marche-a-betail-de-bondji-au-senegal-plaque-tournante-du-commerce-du-betail-au-sahel\/\" class=\"link-more\" aria-label=\"Continue reading March\u00e9 \u00e0 b\u00e9tail de Bondji : plaque tournante du commerce du b\u00e9tail au Sahel\">Continue reading&hellip;<\/a><\/div>\n","protected":false},"author":3,"featured_media":4429,"comment_status":"closed","ping_status":"closed","sticky":false,"template":"","format":"standard","meta":{"footnotes":""},"categories":[1],"tags":[149,141,43,158,156,113,157,152],"class_list":["post-4423","post","type-post","status-publish","format-standard","has-post-thumbnail","hentry","category-actualites","tag-banquemondiale","tag-cilss","tag-formation-professionnelle","tag-infrastructures-pastorales","tag-marche-a-betail","tag-omsa-praps2","tag-sante-animales","tag-sous-projet","entry","entry-type-post"],"jetpack_featured_media_url":"https:\/\/praps.sn\/v2\/wp-content\/uploads\/2025\/10\/YSS.jpg","_links":{"self":[{"href":"https:\/\/praps.sn\/v2\/wp-json\/wp\/v2\/posts\/4423","targetHints":{"allow":["GET"]}}],"collection":[{"href":"https:\/\/praps.sn\/v2\/wp-json\/wp\/v2\/posts"}],"about":[{"href":"https:\/\/praps.sn\/v2\/wp-json\/wp\/v2\/types\/post"}],"author":[{"embeddable":true,"href":"https:\/\/praps.sn\/v2\/wp-json\/wp\/v2\/users\/3"}],"replies":[{"embeddable":true,"href":"https:\/\/praps.sn\/v2\/wp-json\/wp\/v2\/comments?post=4423"}],"version-history":[{"count":17,"href":"https:\/\/praps.sn\/v2\/wp-json\/wp\/v2\/posts\/4423\/revisions"}],"predecessor-version":[{"id":4469,"href":"https:\/\/praps.sn\/v2\/wp-json\/wp\/v2\/posts\/4423\/revisions\/4469"}],"wp:featuredmedia":[{"embeddable":true,"href":"https:\/\/praps.sn\/v2\/wp-json\/wp\/v2\/media\/4429"}],"wp:attachment":[{"href":"https:\/\/praps.sn\/v2\/wp-json\/wp\/v2\/media?parent=4423"}],"wp:term":[{"taxonomy":"category","embeddable":true,"href":"https:\/\/praps.sn\/v2\/wp-json\/wp\/v2\/categories?post=4423"},{"taxonomy":"post_tag","embeddable":true,"href":"https:\/\/praps.sn\/v2\/wp-json\/wp\/v2\/tags?post=4423"}],"curies":[{"name":"wp","href":"https:\/\/api.w.org\/{rel}","templated":true}]}}