{"id":4372,"date":"2025-06-02T09:04:27","date_gmt":"2025-06-02T09:04:27","guid":{"rendered":"https:\/\/praps.sn\/v2\/?p=4372"},"modified":"2025-06-02T09:18:58","modified_gmt":"2025-06-02T09:18:58","slug":"participation-du-praps2-sn-a-la-25eme-edition-de-la-fiara-des-femmes-transformatrices-de-lait-ambassadrices-du-pastoralisme-moderne","status":"publish","type":"post","link":"https:\/\/praps.sn\/v2\/participation-du-praps2-sn-a-la-25eme-edition-de-la-fiara-des-femmes-transformatrices-de-lait-ambassadrices-du-pastoralisme-moderne\/","title":{"rendered":"FIARA  2025:  Des femmes transformatrices de lait, ambassadrices du pastoralisme moderne"},"content":{"rendered":"\t\t<div data-elementor-type=\"wp-post\" data-elementor-id=\"4372\" class=\"elementor elementor-4372\">\n\t\t\t\t<div class=\"elementor-element elementor-element-0a206f0 e-flex e-con-boxed wpr-particle-no wpr-jarallax-no wpr-parallax-no wpr-sticky-section-no e-con e-parent\" data-id=\"0a206f0\" data-element_type=\"container\" data-settings=\"{&quot;background_background&quot;:&quot;classic&quot;}\">\n\t\t\t\t\t<div class=\"e-con-inner\">\n\t\t\t\t<div class=\"elementor-element elementor-element-26a239d elementor-widget elementor-widget-page-title\" data-id=\"26a239d\" data-element_type=\"widget\" data-settings=\"{&quot;align&quot;:&quot;center&quot;}\" data-widget_type=\"page-title.default\">\n\t\t\t\t<div class=\"elementor-widget-container\">\n\t\t\t\t\t\t\t\n\t\t<div class=\"hfe-page-title hfe-page-title-wrapper elementor-widget-heading\">\n\n\t\t\t\t\t\t\t\t<h2 class=\"elementor-heading-title elementor-size-default\">\n\t\t\t\t\t\t\t\t\n\t\t\t\tFIARA  2025:  Des femmes transformatrices de lait, ambassadrices du pastoralisme moderne  \n\t\t\t<\/h2 > \n\t\t\t\t\t<\/div>\n\t\t\t\t\t\t<\/div>\n\t\t\t\t<\/div>\n\t\t\t\t\t<\/div>\n\t\t\t\t<\/div>\n\t\t<div class=\"elementor-element elementor-element-ca53c79 e-flex e-con-boxed wpr-particle-no wpr-jarallax-no wpr-parallax-no wpr-sticky-section-no e-con e-parent\" data-id=\"ca53c79\" data-element_type=\"container\">\n\t\t\t\t\t<div class=\"e-con-inner\">\n\t\t\t\t<div class=\"elementor-element elementor-element-abbfb6d elementor-widget elementor-widget-text-editor\" data-id=\"abbfb6d\" data-element_type=\"widget\" data-widget_type=\"text-editor.default\">\n\t\t\t\t<div class=\"elementor-widget-container\">\n\t\t\t\t\t\t\t\t\t<p style=\"margin: 0cm; font-size: 12pt; font-family: Calibri, sans-serif; color: #000000; text-align: justify;\"><b><span style=\"font-family: 'Times New Roman', serif;\">Apr\u00e8s la construction et l\u2019\u00e9quipement d\u2019unit\u00e9s de transformation laiti\u00e8re (UTL) dans sa zone d\u2019intervention, le PRAPS appuie r\u00e9guli\u00e8rement les b\u00e9n\u00e9ficiaires \u00e0 l\u2019occasion des grandes rencontres comme la Foire Internationale des Ressources Animales (FIARA).<\/span><\/b><\/p>\n<p style=\"margin: 0cm; font-size: 12pt; font-family: Calibri, sans-serif; color: #000000; text-align: justify;\"><span style=\"font-family: 'Times New Roman', serif;\">\u00a0<\/span><span style=\"font-family: 'Times New Roman', serif; font-size: 12pt;\">Dans le d\u00e9dale des all\u00e9es anim\u00e9es de la Foire Internationale de l\u2019Agriculture et des Ressources Animales (FIARA), les visiteurs se faufilent entre les \u00e9tals des stands color\u00e9s de fruits et produits tropicaux. Sous de grandes tentes, des animaux et engins agricoles dernier cri sont expos\u00e9s. Dans ce tumulte festif, un stand attire particuli\u00e8rement les curieux : celui des transformatrices de lait soutenues par le Projet R\u00e9gional d\u2019Appui au Pastoralisme au Sahel (PRAPS). Elles sont plusieurs femmes venues de la zone agrosylvopastorale et s\u2019activant dans la transformation du lait local. Longtemps rel\u00e9gu\u00e9es au second plan dans la cha\u00eene de valeur du lait, ces femmes ont vu leur quotidien transform\u00e9, gr\u00e2ce \u00e0 l\u2019appui de partenaires comme le PRAPS.<\/span><\/p>\n<p style=\"margin: 0cm; font-size: 12pt; font-family: Calibri, sans-serif; color: #000000; text-align: justify;\"><span style=\"font-family: 'Times New Roman', serif;\">Dans sa premi\u00e8re phase, le projet a construit 5 mini-laiteries \u00e0 Tar\u00e9dji, Dahra Djoloff, Boulal et Sinthiou Bamamb\u00e9 pour des groupements d\u2019int\u00e9r\u00eat \u00e9conomique (GIE) de femmes. Il a aussi construit ou r\u00e9habilit\u00e9 six centres de collecte du lait \u00e0 D\u00e9aly, Boulal, Mafr\u00e9, Souyl\u00e8ne, Mboundom et Lour Escal. Situ\u00e9es dans sa zone d\u2019intervention, ces infrastructures laiti\u00e8res sont dot\u00e9es d\u2019\u00e9quipements adapt\u00e9s \u00e0 la collecte et \u00e0 la transformation du lait dans les meilleures conditions d\u2019hygi\u00e8ne. Le co\u00fbt global des travaux et \u00e9quipements de ces infrastructures s\u2019\u00e9l\u00e8ve \u00e0 366 000 000 FCFA. \u00a0<\/span><\/p>\n<p style=\"margin: 0cm; font-size: 12pt; font-family: Calibri, sans-serif; color: #000000; text-align: justify;\">\u00a0<b style=\"font-size: 12pt;\"><span style=\"font-family: 'Times New Roman', serif;\">Formation, un levier de transformation\u00a0\u00a0<\/span><\/b><\/p>\n<p style=\"margin: 0cm; font-size: 12pt; font-family: Calibri, sans-serif; color: #000000; text-align: justify;\"><b><span style=\"font-family: 'Times New Roman', serif;\">\u00a0<\/span><\/b><span style=\"font-family: 'Times New Roman', serif; font-size: 12pt;\">Au-del\u00e0 des infrastructures, c\u2019est un changement de vision qui s\u2019est op\u00e9r\u00e9. \u00ab<\/span><i style=\"font-family: 'Times New Roman', serif; font-size: 12pt;\">Avant, on perdait des quantit\u00e9s importantes de lait, particuli\u00e8rement en p\u00e9riode d\u2019hivernage, faute d\u2019unit\u00e9s de transformation et de savoir-faire ad\u00e9quats. On faisait du lait caill\u00e9 \u00e0 la maison, dans des conditions pas toujours id\u00e9ales. Aujourd\u2019hui, gr\u00e2ce \u00e0 la formation que nous avons re\u00e7ue, on fabrique du yaourt, du fromage, du beurre de vache, avec des normes de qualit\u00e9 qui nous permettent m\u00eame d\u2019atteindre les march\u00e9s urbains \u00bb<\/i><span style=\"font-family: 'Times New Roman', serif; font-size: 12pt;\">, confie Aminata Dia, transformatrice venue de la r\u00e9gion de Louga et pr\u00e9sente \u00e0 la FIARA gr\u00e2ce \u00e0 l\u2019accompagnement du PRAPS. <\/span><span style=\"font-family: 'Times New Roman', serif; font-size: 12pt;\">\u00a0<\/span><\/p>\n<p style=\"margin: 0cm; font-size: 12pt; font-family: Calibri, sans-serif; color: #000000; text-align: justify;\"><span style=\"font-family: 'Times New Roman', serif;\">Dans l\u2019optique d\u2019appuyer la valorisation des produits animaux et de soutenir le d\u00e9veloppement des cha\u00eenes de valeur lait, le PRAPS a mis l\u2019accent sur la formation comme levier de transformation. En plus des b\u00e2timents, certaines b\u00e9n\u00e9ficiaires ont \u00e9t\u00e9 accompagn\u00e9es par des sessions de formation techniques portant sur l\u2019hygi\u00e8ne, la transformation, le conditionnement, entre autres. Rien n\u2019a \u00e9t\u00e9 laiss\u00e9 au hasard. Les r\u00e9sultats de cette vision syst\u00e9mique ne se font pas attendre, comme en t\u00e9moigne la qualit\u00e9 de leurs produits qui rivalisent en pr\u00e9sentation et en go\u00fbt avec ceux du secteur industriel. \u00ab <i>Nous avons appris \u00e0 pasteuriser le lait, \u00e0 faire des recettes innovantes, \u00e0 pr\u00e9senter nos produits avec des emballages attractifs. Les clients reviennent. Nous en sommes fi\u00e8res <\/i>\u00bb, se r\u00e9jouit N\u00e9n\u00e9 Di\u00e9dhiou, dont les pots de yaourt aromatis\u00e9 et les portions de fromage se vendent comme de petits pains.<\/span><\/p>\n<p style=\"margin: 0cm; font-size: 12pt; font-family: Calibri, sans-serif; color: #000000; text-align: justify;\"><span style=\"font-family: 'Times New Roman', serif;\">\u00a0<\/span><b style=\"font-size: 12pt;\"><span style=\"font-family: 'Times New Roman', serif;\">Autonomisation financi\u00e8re<\/span><\/b><\/p>\n<p style=\"margin: 0cm; font-size: 12pt; font-family: Calibri, sans-serif; color: #000000; text-align: justify;\"><span style=\"font-family: 'Times New Roman', serif;\">\u00a0<\/span><span style=\"font-family: 'Times New Roman', serif; font-size: 12pt;\">En plus de la cr\u00e9ation et de l\u2019\u00e9quipement de leurs unit\u00e9s de transformation laiti\u00e8re et des formations pratiques, le PRAPS appuie ces acteurs \u00e0 l\u2019occasion des grandes foires agricoles, comme la FIARA. L\u2019objectif \u00e9tant d\u2019appuyer la promotion des produits laitiers. Ainsi, le projet facilite la participation logistique <\/span><span style=\"font-family: 'Times New Roman', serif; font-size: 12pt;\">\u00a0<\/span><span style=\"font-family: 'Times New Roman', serif; font-size: 12pt;\">des b\u00e9n\u00e9ficiaires, \u00e0 travers la prise en charge de leur transport, la location de stands et leur restauration. Une approche qui ouvre \u00e0 ces b\u00e9n\u00e9ficiaires des march\u00e9s \u00e9largis et r\u00e9mun\u00e9rateurs. \u00ab <\/span><i style=\"font-family: 'Times New Roman', serif; font-size: 12pt;\">Avant, je gagnais \u00e0 peine 20 000 FCFA par jour en vendant du lait caill\u00e9 dans le village. Aujourd\u2019hui, pendant la FIARA, je fais parfois jusqu\u2019\u00e0 700 000 FCFA de chiffre d\u2019affaires <\/i><span style=\"font-family: 'Times New Roman', serif; font-size: 12pt;\">\u00bb, t\u00e9moigne Seynabou K\u00e2, du GIE Kedoungal Kossam de Dahra.<\/span><\/p>\n<p style=\"margin: 0cm; font-size: 12pt; font-family: Calibri, sans-serif; color: #000000; text-align: justify;\"><span style=\"font-family: 'Times New Roman', serif;\">\u00ab <i>Et m\u00eame apr\u00e8s la foire, je garde les contacts des clients. Certains m\u2019appellent pour passer des commandes surtout pour le fromage<\/i> \u00bb, rench\u00e9rit-elle. \u00a0Gr\u00e2ce \u00e0 leur participation r\u00e9guli\u00e8re \u00e0 ces foires, les b\u00e9n\u00e9ficiaires du PRAPS ont vu leurs revenus sensiblement augmenter. Ce qui leur permet d\u2019augmenter leurs investissements productifs. \u00ab\u00a0<i>Les b\u00e9n\u00e9fices g\u00e9n\u00e9r\u00e9s par l\u2019activit\u00e9\u00a0 sont r\u00e9investis dans l\u2019achat de cong\u00e9lateurs,\u00a0 d\u2019emballages, de tanks, de\u00a0 tricycles pour la collecte de lait, ou m\u00eame dans l\u2019\u00e9levage de vaches laiti\u00e8res pour s\u00e9curiser notre approvisionnement<\/i>\u00a0\u00bb, explique Seynabou K\u00e2. L\u2019augmentation des revenus permet \u00e9galement \u00e0 plusieurs transformatrices d\u2019acc\u00e9der aux microcr\u00e9dits pour agrandir leur activit\u00e9.<\/span><\/p>\n<p style=\"margin: 0cm; font-size: 12pt; font-family: Calibri, sans-serif; color: #000000; text-align: justify;\"><span style=\"font-family: 'Times New Roman', serif;\">\u00a0<\/span><b style=\"font-size: 12pt;\"><span style=\"font-family: 'Times New Roman', serif;\">Le PRAPS, catalyseur d\u2019\u00e9mancipation<\/span><\/b><\/p>\n<p style=\"margin: 0cm; font-size: 12pt; font-family: Calibri, sans-serif; color: #000000; text-align: justify;\"><span style=\"font-family: 'Times New Roman', serif;\">\u00a0<\/span><span style=\"font-family: 'Times New Roman', serif; font-size: 12pt;\">\u00c0 travers son appui pour la valorisation du lait local, le PRAPS ne se contente pas de promouvoir le pastoralisme moderne. Il renforce \u00e9galement la r\u00e9silience \u00e9conomique des femmes agropasteurs, faisant d\u2019elles des actrices cl\u00e9 de la souverainet\u00e9 alimentaire et des mod\u00e8les inspirants pour leurs communaut\u00e9s.<\/span><\/p>\n<p style=\"margin: 0cm; font-size: 12pt; font-family: Calibri, sans-serif; color: #000000; text-align: justify;\"><span style=\"font-family: 'Times New Roman', serif;\">A la cl\u00f4ture de la FIARA, ces femmes transformatrices ne sont pas reparties comme elles sont venues. Elles emportent avec elles bien plus que des ventes et des contacts. Elles repartent avec une reconnaissance, une fiert\u00e9 nouvelle et un \u00e9lan collectif. \u00ab <i>Aujourd\u2019hui, nous ne sommes plus seulement des vendeuses de lait. Nous sommes des entrepreneures laiti\u00e8res<\/i> \u00bb conclut fi\u00e8rement N\u00e9n\u00e9 Di\u00e9dhiou. Les histoires de r\u00e9ussite \u00e9conomique de ces b\u00e9n\u00e9ficiaires suscitent inspiration, au-del\u00e0 du go\u00fbt irr\u00e9sistible de leurs produits.<\/span><\/p>\n<p style=\"margin: 0cm; font-size: 12pt; font-family: Calibri, sans-serif; color: #000000; text-align: justify;\"><span style=\"font-family: 'Times New Roman', serif;\">\u00a0<\/span><\/p>\n<p style=\"margin: 0cm; font-size: 12pt; font-family: Calibri, sans-serif; color: #000000; text-align: justify;\"><span style=\"font-family: 'Times New Roman', serif;\">\u00a0<\/span><\/p>\n<p style=\"margin: 0cm; font-size: 12pt; font-family: Calibri, sans-serif; color: #000000; text-align: justify;\"><span style=\"font-family: 'Times New Roman', serif;\">\u00a0<\/span><\/p>\n<p style=\"margin: 0cm; font-size: 12pt; font-family: Calibri, sans-serif; color: #000000; text-align: justify;\"><span style=\"font-family: 'Times New Roman', serif;\">\u00a0<\/span><\/p>\n<p style=\"margin: 0cm; font-size: 12pt; font-family: Calibri, sans-serif; color: #000000; text-align: justify;\"><span style=\"font-family: 'Times New Roman', serif;\">\u00a0<\/span><\/p>\n<p style=\"margin: 0cm; font-size: 12pt; font-family: Calibri, sans-serif; color: #000000; text-align: justify;\"><span style=\"font-family: 'Times New Roman', serif;\">\u00a0<\/span><\/p>\n<p style=\"margin: 0cm; font-size: 12pt; font-family: Calibri, sans-serif; color: #000000; text-align: justify;\"><span style=\"font-family: 'Times New Roman', serif;\">\u00a0<\/span><\/p>\n<p style=\"margin: 0cm; font-size: 12pt; font-family: Calibri, sans-serif; color: #000000; text-align: justify;\"><span lang=\"FR\" style=\"font-family: 'Times New Roman', serif;\">\u00a0<\/span><\/p>\t\t\t\t\t\t\t\t<\/div>\n\t\t\t\t<\/div>\n\t\t\t\t\t<\/div>\n\t\t\t\t<\/div>\n\t\t<div class=\"elementor-element elementor-element-2ecc5da e-flex e-con-boxed wpr-particle-no wpr-jarallax-no wpr-parallax-no wpr-sticky-section-no e-con e-parent\" data-id=\"2ecc5da\" data-element_type=\"container\">\n\t\t\t\t\t<div class=\"e-con-inner\">\n\t\t\t\t<div class=\"elementor-element elementor-element-53ddfb0 elementor-widget elementor-widget-image\" data-id=\"53ddfb0\" data-element_type=\"widget\" data-widget_type=\"image.default\">\n\t\t\t\t<div class=\"elementor-widget-container\">\n\t\t\t\t\t\t\t\t\t\t\t\t\t\t\t<img fetchpriority=\"high\" decoding=\"async\" width=\"1080\" height=\"810\" src=\"https:\/\/praps.sn\/v2\/wp-content\/uploads\/2025\/06\/WhatsApp-Image-2025-05-01-at-12.47.41.jpeg\" class=\"attachment-large size-large wp-image-4377\" alt=\"\" srcset=\"https:\/\/praps.sn\/v2\/wp-content\/uploads\/2025\/06\/WhatsApp-Image-2025-05-01-at-12.47.41.jpeg 1080w, https:\/\/praps.sn\/v2\/wp-content\/uploads\/2025\/06\/WhatsApp-Image-2025-05-01-at-12.47.41-640x480.jpeg 640w, https:\/\/praps.sn\/v2\/wp-content\/uploads\/2025\/06\/WhatsApp-Image-2025-05-01-at-12.47.41-768x576.jpeg 768w\" sizes=\"(max-width: 1080px) 100vw, 1080px\" \/>\t\t\t\t\t\t\t\t\t\t\t\t\t\t\t<\/div>\n\t\t\t\t<\/div>\n\t\t\t\t\t<\/div>\n\t\t\t\t<\/div>\n\t\t<div class=\"elementor-element elementor-element-bcf39b8 e-flex e-con-boxed wpr-particle-no wpr-jarallax-no wpr-parallax-no wpr-sticky-section-no e-con e-parent\" data-id=\"bcf39b8\" data-element_type=\"container\">\n\t\t\t\t\t<div class=\"e-con-inner\">\n\t\t\t\t<div class=\"elementor-element elementor-element-0c5ee1d elementor-widget elementor-widget-image\" data-id=\"0c5ee1d\" data-element_type=\"widget\" data-widget_type=\"image.default\">\n\t\t\t\t<div class=\"elementor-widget-container\">\n\t\t\t\t\t\t\t\t\t\t\t\t\t\t\t<img decoding=\"async\" width=\"1320\" height=\"2346\" src=\"https:\/\/praps.sn\/v2\/wp-content\/uploads\/2025\/06\/DSC01982-1320x2346.jpg\" class=\"attachment-large size-large wp-image-4376\" alt=\"\" srcset=\"https:\/\/praps.sn\/v2\/wp-content\/uploads\/2025\/06\/DSC01982-1320x2346.jpg 1320w, https:\/\/praps.sn\/v2\/wp-content\/uploads\/2025\/06\/DSC01982-640x1137.jpg 640w, https:\/\/praps.sn\/v2\/wp-content\/uploads\/2025\/06\/DSC01982-768x1365.jpg 768w, https:\/\/praps.sn\/v2\/wp-content\/uploads\/2025\/06\/DSC01982-864x1536.jpg 864w, https:\/\/praps.sn\/v2\/wp-content\/uploads\/2025\/06\/DSC01982-1152x2048.jpg 1152w, https:\/\/praps.sn\/v2\/wp-content\/uploads\/2025\/06\/DSC01982-scaled.jpg 1440w\" sizes=\"(max-width: 1320px) 100vw, 1320px\" \/>\t\t\t\t\t\t\t\t\t\t\t\t\t\t\t<\/div>\n\t\t\t\t<\/div>\n\t\t\t\t\t<\/div>\n\t\t\t\t<\/div>\n\t\t<div class=\"elementor-element elementor-element-45c82b2 e-flex e-con-boxed wpr-particle-no wpr-jarallax-no wpr-parallax-no wpr-sticky-section-no e-con e-parent\" data-id=\"45c82b2\" data-element_type=\"container\">\n\t\t\t\t\t<div class=\"e-con-inner\">\n\t\t\t\t<div class=\"elementor-element elementor-element-f4307c5 elementor-widget elementor-widget-image\" data-id=\"f4307c5\" data-element_type=\"widget\" data-widget_type=\"image.default\">\n\t\t\t\t<div class=\"elementor-widget-container\">\n\t\t\t\t\t\t\t\t\t\t\t\t\t\t\t<img decoding=\"async\" width=\"724\" height=\"1086\" src=\"https:\/\/praps.sn\/v2\/wp-content\/uploads\/2025\/06\/3DF5AF5D-3F72-4D9B-8374-CBFBE9681CFA_1_105_c.jpeg\" class=\"attachment-large size-large wp-image-4375\" alt=\"\" srcset=\"https:\/\/praps.sn\/v2\/wp-content\/uploads\/2025\/06\/3DF5AF5D-3F72-4D9B-8374-CBFBE9681CFA_1_105_c.jpeg 724w, https:\/\/praps.sn\/v2\/wp-content\/uploads\/2025\/06\/3DF5AF5D-3F72-4D9B-8374-CBFBE9681CFA_1_105_c-640x960.jpeg 640w\" sizes=\"(max-width: 724px) 100vw, 724px\" \/>\t\t\t\t\t\t\t\t\t\t\t\t\t\t\t<\/div>\n\t\t\t\t<\/div>\n\t\t\t\t\t<\/div>\n\t\t\t\t<\/div>\n\t\t\t\t<\/div>\n\t\t","protected":false},"excerpt":{"rendered":"<div class=\"entry-summary\">\nApr\u00e8s la construction et l\u2019\u00e9quipement d\u2019unit\u00e9s de transformation laiti\u00e8re (UTL) dans sa zone d\u2019intervention, le PRAPS appuie r\u00e9guli\u00e8rement les b\u00e9n\u00e9ficiaires \u00e0 l\u2019occasion des grandes rencontres comme la Foire Internationale des Ressources Animales (FIARA).\n<\/div>\n<div class=\"link-more-container\"><a href=\"https:\/\/praps.sn\/v2\/participation-du-praps2-sn-a-la-25eme-edition-de-la-fiara-des-femmes-transformatrices-de-lait-ambassadrices-du-pastoralisme-moderne\/\" class=\"link-more\" aria-label=\"Continue reading FIARA  2025:  Des femmes transformatrices de lait, ambassadrices du pastoralisme moderne\">Continue reading&hellip;<\/a><\/div>\n","protected":false},"author":3,"featured_media":4327,"comment_status":"closed","ping_status":"closed","sticky":false,"template":"","format":"standard","meta":{"footnotes":""},"categories":[1],"tags":[149,141,151,44],"class_list":["post-4372","post","type-post","status-publish","format-standard","has-post-thumbnail","hentry","category-actualites","tag-banquemondiale","tag-cilss","tag-journee-du-lait","tag-praps-senegal-phase-2","entry","entry-type-post"],"jetpack_featured_media_url":"https:\/\/praps.sn\/v2\/wp-content\/uploads\/2025\/05\/WhatsApp-Image-25-05-01-at-12.47.41.jpeg","_links":{"self":[{"href":"https:\/\/praps.sn\/v2\/wp-json\/wp\/v2\/posts\/4372","targetHints":{"allow":["GET"]}}],"collection":[{"href":"https:\/\/praps.sn\/v2\/wp-json\/wp\/v2\/posts"}],"about":[{"href":"https:\/\/praps.sn\/v2\/wp-json\/wp\/v2\/types\/post"}],"author":[{"embeddable":true,"href":"https:\/\/praps.sn\/v2\/wp-json\/wp\/v2\/users\/3"}],"replies":[{"embeddable":true,"href":"https:\/\/praps.sn\/v2\/wp-json\/wp\/v2\/comments?post=4372"}],"version-history":[{"count":6,"href":"https:\/\/praps.sn\/v2\/wp-json\/wp\/v2\/posts\/4372\/revisions"}],"predecessor-version":[{"id":4382,"href":"https:\/\/praps.sn\/v2\/wp-json\/wp\/v2\/posts\/4372\/revisions\/4382"}],"wp:featuredmedia":[{"embeddable":true,"href":"https:\/\/praps.sn\/v2\/wp-json\/wp\/v2\/media\/4327"}],"wp:attachment":[{"href":"https:\/\/praps.sn\/v2\/wp-json\/wp\/v2\/media?parent=4372"}],"wp:term":[{"taxonomy":"category","embeddable":true,"href":"https:\/\/praps.sn\/v2\/wp-json\/wp\/v2\/categories?post=4372"},{"taxonomy":"post_tag","embeddable":true,"href":"https:\/\/praps.sn\/v2\/wp-json\/wp\/v2\/tags?post=4372"}],"curies":[{"name":"wp","href":"https:\/\/api.w.org\/{rel}","templated":true}]}}