{"id":4049,"date":"2024-09-07T19:52:36","date_gmt":"2024-09-07T19:52:36","guid":{"rendered":"https:\/\/praps.sn\/v2\/?p=4049"},"modified":"2024-09-09T10:58:57","modified_gmt":"2024-09-09T10:58:57","slug":"formation-en-embouche-ovine-et-en-aviculture-le-praps2-transforme-les-perspectives-des-beneficiaires","status":"publish","type":"post","link":"https:\/\/praps.sn\/v2\/formation-en-embouche-ovine-et-en-aviculture-le-praps2-transforme-les-perspectives-des-beneficiaires\/","title":{"rendered":"Formation en embouche ovine et en aviculture:  Le PRAPS2 transforme les perspectives des b\u00e9n\u00e9ficiaires"},"content":{"rendered":"\t\t<div data-elementor-type=\"wp-post\" data-elementor-id=\"4049\" class=\"elementor elementor-4049\">\n\t\t\t\t<div class=\"elementor-element elementor-element-0a206f0 e-flex e-con-boxed wpr-particle-no wpr-jarallax-no wpr-parallax-no wpr-sticky-section-no e-con e-parent\" data-id=\"0a206f0\" data-element_type=\"container\" data-settings=\"{&quot;background_background&quot;:&quot;classic&quot;}\">\n\t\t\t\t\t<div class=\"e-con-inner\">\n\t\t\t\t<div class=\"elementor-element elementor-element-26a239d elementor-widget elementor-widget-page-title\" data-id=\"26a239d\" data-element_type=\"widget\" data-settings=\"{&quot;align&quot;:&quot;center&quot;}\" data-widget_type=\"page-title.default\">\n\t\t\t\t<div class=\"elementor-widget-container\">\n\t\t\t\t\t\t\t\n\t\t<div class=\"hfe-page-title hfe-page-title-wrapper elementor-widget-heading\">\n\n\t\t\t\t\t\t\t\t<h2 class=\"elementor-heading-title elementor-size-default\">\n\t\t\t\t\t\t\t\t\n\t\t\t\tFormation en embouche ovine et en aviculture:  Le PRAPS2 transforme les perspectives des b\u00e9n\u00e9ficiaires  \n\t\t\t<\/h2 > \n\t\t\t\t\t<\/div>\n\t\t\t\t\t\t<\/div>\n\t\t\t\t<\/div>\n\t\t\t\t\t<\/div>\n\t\t\t\t<\/div>\n\t\t<div class=\"elementor-element elementor-element-2ce97af4 e-flex e-con-boxed wpr-particle-no wpr-jarallax-no wpr-parallax-no wpr-sticky-section-no e-con e-parent\" data-id=\"2ce97af4\" data-element_type=\"container\">\n\t\t\t\t\t<div class=\"e-con-inner\">\n\t\t\t\t<div class=\"elementor-element elementor-element-6054e186 elementor-widget elementor-widget-text-editor\" data-id=\"6054e186\" data-element_type=\"widget\" data-widget_type=\"text-editor.default\">\n\t\t\t\t<div class=\"elementor-widget-container\">\n\t\t\t\t\t\t\t\t\t<p>\u00a0<\/p><p><b><span style=\"font-family: 'Arial Narrow',sans-serif; mso-fareast-font-family: 'Times New Roman';\">Pour aider les familles de pasteurs \u00e0 diversifier leurs sources de revenus, le PRAPS2 a form\u00e9 des jeunes et des femmes \u00e0 divers m\u00e9tiers. A l\u2019issue de la formation, les b\u00e9n\u00e9ficiaires ont re\u00e7u des kits pour d\u00e9marrer leurs activit\u00e9s. Aujourd\u2019hui, c\u2019est au tour des apprenants de la formation aux m\u00e9tiers d\u2019\u00e9levage de recevoir leur dotation. <\/span><\/b><\/p><p><span style=\"font-family: 'Arial Narrow',sans-serif; mso-fareast-font-family: 'Times New Roman';\">Le vendredi 6 septembre 2024, le Projet R\u00e9gional d\u2019Appui au Pastoralisme au Sahel Phase II (PRAPS2), a organis\u00e9 une c\u00e9r\u00e9monie de remise de mat\u00e9riels et de b\u00e9liers aux b\u00e9n\u00e9ficiaires d\u2019une formation professionnelle en embouche ovine et en aviculture, \u00e0 Ran\u00e9rou-Ferlo dans le Nord du pays. <\/span><\/p><p><span style=\"font-family: 'Arial Narrow',sans-serif;\">Pr\u00e9sid\u00e9e par M. Ndiouga Mbow Adjoint au Pr\u00e9fet du d\u00e9partement, la c\u00e9r\u00e9monie s&rsquo;est d\u00e9roul\u00e9e en pr\u00e9sence de nombreuses personnalit\u00e9s, dont Dr Mamadou Ousseynou Sakho, Coordonnateur national du PRAPS2, les repr\u00e9sentants du Conseil d\u00e9partemental, du Directoire r\u00e9gional des femmes en \u00e9levage (DIREFEL) et de la Maison des \u00e9leveurs (MDE). Ces derniers ont soulign\u00e9\u00a0l\u2019importance de l\u2019initiative pour le renforcement des capacit\u00e9s des \u00e9leveurs et la promotion d&rsquo;activit\u00e9s g\u00e9n\u00e9ratrices de revenus pour les familles d\u2019\u00e9leveurs. Dans son discours le Coordonnateur du PRAPS2 SN est revenu sur l\u2019objet de la rencontre et le but de la formation. <\/span><span style=\"font-family: 'Arial Narrow',sans-serif; mso-fareast-font-family: 'Times New Roman';\">\u00ab\u00a0<i>Nous sommes r\u00e9unis ici pour la c\u00e9r\u00e9monie de remise de kits pour le d\u00e9marrage des activit\u00e9s des b\u00e9n\u00e9ficiaires de la premi\u00e8re cohorte de la formation professionnelle. Au d\u00e9but du projet, une \u00e9tude a \u00e9t\u00e9 faite pour identifier les m\u00e9tiers porteurs en milieu pastoral. Des m\u00e9tiers d\u2019\u00e9levage et d\u2019autres m\u00e9tiers pouvant constituer une source de diversification des revenus tels que la coiffure, la couture, la teinture, l\u2019\u00e9lectricit\u00e9 b\u00e2timent, etc. ont \u00e9t\u00e9 identifi\u00e9s. Les apprenants des autres m\u00e9tiers avaient d\u00e9j\u00e0 re\u00e7u leur mat\u00e9riel au mois de mai dernier \u00e0 l\u2019issue de leur formation. Aujourd\u2019hui, c\u2019est au tour des b\u00e9n\u00e9ficiaires de la formation dans le domaine de l\u2019\u00e9levage de recevoir leur kit de d\u00e9marrage<\/i>\u00a0\u00bb, explique Dr Sakho. <\/span><\/p><p><span style=\"font-family: 'Arial Narrow',sans-serif; mso-fareast-font-family: 'Times New Roman';\">\u00a0<\/span><\/p><p><b><span style=\"font-family: 'Arial Narrow',sans-serif;\">Un appui pr\u00e9cieux pour les jeunes et femmes de familles de pasteurs <\/span><\/b><\/p><p><span style=\"font-family: 'Arial Narrow',sans-serif;\">Le PRAPS2 dans le cadre de la mise en \u0153uvre de sa composante 4\u00a0\u00e0 savoir \u00ab l\u2019am\u00e9lioration de l\u2019inclusion sociale et \u00e9conomique des femmes et des jeunes\u00a0\u00bb, a initi\u00e9 la formation professionnelle et technique, pour renforcer les capacit\u00e9s de ceux-ci et faciliter leur insertion dans le secteur productif. <\/span><span style=\"font-family: 'Arial Narrow',sans-serif; mso-fareast-font-family: 'Times New Roman';\">Cette formation sp\u00e9cialis\u00e9e en embouche ovine et en aviculture avec pour objectif d\u2019am\u00e9liorer les techniques d\u2019\u00e9levage et d\u2019optimiser la productivit\u00e9 des \u00e9leveurs s\u2019inscrit en droite ligne de la sous-composante portant sur l\u2019acc\u00e8s \u00e0 la formation professionnelle et technique. D\u2019une dur\u00e9e de 90 jours, la formation est dispens\u00e9e en 6 sessions d\u2019une dur\u00e9e de 15 jours chacune. Le contenu de la formation a port\u00e9 sur divers aspects techniques, allant de la nutrition animale \u00e0 la gestion des maladies, en passant par les pratiques de reproduction. \u00ab\u00a0<i>Au cours de cette formation, les apprenants ont \u00e9t\u00e9 initi\u00e9s aux techniques de distribution de la ration, \u00e0 la distinction des maladies m\u00e9taboliques, des pathologies li\u00e9es \u00e0 la production telles que le botulisme, la m\u00e9t\u00e9orisation, la diarrh\u00e9e, le pica, l&rsquo;ent\u00e9rostomie, la tox\u00e9mie de gestation, ainsi que l&rsquo;application des plans de prophylaxie. <\/i><\/span><i><span style=\"font-family: 'Arial Narrow',sans-serif;\">Cette formation va permettre \u00e0 ces jeunes de trouver une source de revenus, d\u2019autant plus que la zone manque d\u2019entreprises pour les embaucher<\/span><\/i><span style=\"font-family: 'Arial Narrow',sans-serif;\">\u00a0<\/span><span style=\"font-family: 'Arial Narrow',sans-serif; mso-fareast-font-family: 'Times New Roman';\">\u00bb, indique Moussa Maria, Directeur du Centre professionnel de Ran\u00e9rou-Ferlo. <\/span><\/p><p><span style=\"font-family: 'Arial Narrow',sans-serif;\">Au total 21 jeunes, dont 11 femmes de la tranche d\u2019\u00e2ge de 18 \u00e0 40 ans, ont b\u00e9n\u00e9fici\u00e9 de la formation. <i>\u00ab\u00a0La pr\u00e9sence des femmes \u00e0 ces activit\u00e9s \u00e9tait exceptionnelle durant toute la formation. Elles ont exerc\u00e9 des t\u00e2ches habituellement r\u00e9serv\u00e9es aux hommes dans le domaine de l&#8217;embouche et de l&rsquo;aviculture<\/i>\u00a0\u00bb, s\u2019est f\u00e9licit\u00e9 M.\u00a0 Maria. <\/span><\/p><p><b><span style=\"font-family: 'Arial Narrow',sans-serif; mso-fareast-font-family: 'Times New Roman';\">\u00a0<\/span><\/b><\/p><p><b><span style=\"font-family: 'Arial Narrow',sans-serif; mso-fareast-font-family: 'Times New Roman';\">Des mat\u00e9riels modernes pour une meilleure efficacit\u00e9<\/span><\/b><\/p><p><span style=\"font-family: 'Arial Narrow',sans-serif; mso-fareast-font-family: 'Times New Roman';\">Au cours de la c\u00e9r\u00e9monie, les b\u00e9n\u00e9ficiaires ont re\u00e7u des sujets et divers mat\u00e9riels adapt\u00e9s \u00e0 leurs besoins sp\u00e9cifiques. Chaque b\u00e9n\u00e9ficiaire a re\u00e7u deux b\u00e9liers, une mangeoire, deux bassines, deux sacs d\u2019aliments concentr\u00e9s d\u2019un poids de 40 kg chacun pour la suppl\u00e9mentation, une pierre \u00e0 l\u00e9cher et des antiparasitaires. Ces mat\u00e9riels sont fournis pour am\u00e9liorer les conditions de travail des \u00e9leveurs et augmenter leur productivit\u00e9.<\/span><\/p><p><span style=\"font-family: 'Arial Narrow',sans-serif; mso-fareast-font-family: 'Times New Roman';\">Ibrahima Dembel\u00e9, un des apprenants qui a re\u00e7u des moutons et des \u00e9quipements, exprime sa profonde gratitude au PRAPS2. \u00ab <i>Cette formation et la remise de mat\u00e9riels sont un v\u00e9ritable tournant pour nous. Le PRAPS2 nous a appris des techniques d\u2019\u00e9levage et nous a form\u00e9s en entrepreneuriat. Au cours de la formation, nous avons acquis de nombreuses connaissances sur l\u2019alimentation et la sant\u00e9 animale. Gr\u00e2ce \u00e0 ces ressources mises \u00e0 notre disposition, nous pouvons d\u00e9sormais appliquer les meilleures pratiques apprises, am\u00e9liorer significativement nos productions et avoir plus de revenus pour mieux entretenir notre famille<\/i> \u00bb. <\/span><\/p><p><span style=\"font-family: 'Arial Narrow',sans-serif; mso-fareast-font-family: 'Times New Roman';\">Dans son \u00e9lan d\u2019encouragement, Dr Sakho appelle les b\u00e9n\u00e9ficiaires \u00e0 faire bon usage de ces kits afin d\u2019am\u00e9liorer leur situation \u00e9conomique. <i>\u00ab\u00a0Nous esp\u00e9rons qu\u2019avec les kits, les b\u00e9n\u00e9ficiaires pourront d\u00e9marrer leurs activit\u00e9s d\u2019autant plus qu\u2019ils ont \u00e9t\u00e9 form\u00e9s en entrepreneuriat. S\u2019ils arrivent \u00e0 conduire l\u2019op\u00e9ration correctement, ils pourront sur la base des recettes g\u00e9n\u00e9r\u00e9es par ces deux b\u00e9liers constituer un apport personnel pour acc\u00e9der aux financements de structures telles que la Banque Agricole, la DER ou le FONSTAB<\/i>\u00a0\u00bb, soutient Dr Sakho.<\/span><\/p><p><span style=\"font-family: 'Arial Narrow',sans-serif; mso-fareast-font-family: 'Times New Roman';\">\u00a0<\/span><\/p><p><span style=\"font-family: 'Arial Narrow',sans-serif;\">Concomitamment \u00e0 l\u2019organisation de la c\u00e9r\u00e9monie de Ran\u00e9rou par l\u2019antenne de Kanel, celle de Ndioum a tenu, le m\u00eame jour une c\u00e9r\u00e9monie identique pr\u00e9sid\u00e9e par M. Mamadou Sy, Sous-pr\u00e9fet de Gamadji Sar\u00e9. Plusieurs membres d\u2019Organisations professionnelles en Elevage (OPE) ont particip\u00e9 \u00e0 la rencontre. Ainsi, les 22 b\u00e9n\u00e9ficiaires dont 13 femmes des d\u00e9partements de Podor et de Dagana form\u00e9s aux m\u00e9tiers de l\u2019\u00e9levage ont re\u00e7u leurs kits de d\u00e9marrage. Ces derniers sont compos\u00e9s de deux b\u00e9liers et des m\u00eames \u00e9quipements. <\/span><\/p><p><span style=\"font-family: 'Arial Narrow',sans-serif;\">\u00a0<\/span><\/p><p><span style=\"font-family: 'Arial Narrow',sans-serif;\">Pour l\u2019antenne de Koungheul, elle compte organiser, le jeudi 12 septembre 2024, une c\u00e9r\u00e9monie de remise de kits aux 20 b\u00e9n\u00e9ficiaires de la formation en embouche ovine et en aviculture de sa zone d\u2019intervention. <\/span><\/p><p><span style=\"font-family: 'Arial Narrow',sans-serif;\">Le PRAPS2 pr\u00e9voit de continuer de telles formations professionnelles et techniques qui ouvrent de belles perspectives aux jeunes et femmes des familles de pasteurs. <\/span><\/p><p>\u00a0<\/p><p><span style=\"font-family: 'Arial Narrow',sans-serif;\">\u00a0<\/span><\/p><p>\u00a0<\/p>\t\t\t\t\t\t\t\t<\/div>\n\t\t\t\t<\/div>\n\t\t\t\t\t<\/div>\n\t\t\t\t<\/div>\n\t\t<div class=\"elementor-element elementor-element-58c4e3f e-flex e-con-boxed wpr-particle-no wpr-jarallax-no wpr-parallax-no wpr-sticky-section-no e-con e-parent\" data-id=\"58c4e3f\" data-element_type=\"container\">\n\t\t\t\t\t<div class=\"e-con-inner\">\n\t\t\t\t<div class=\"elementor-element elementor-element-8ddf4f1 elementor-widget elementor-widget-image\" data-id=\"8ddf4f1\" data-element_type=\"widget\" data-widget_type=\"image.default\">\n\t\t\t\t<div class=\"elementor-widget-container\">\n\t\t\t\t\t\t\t\t\t\t\t\t\t\t\t<img fetchpriority=\"high\" decoding=\"async\" width=\"1080\" height=\"608\" src=\"https:\/\/praps.sn\/v2\/wp-content\/uploads\/2024\/09\/WhatsApp-Image-2024-09-07-a-01.45.25_98b4e9c2.jpg\" class=\"attachment-large size-large wp-image-4052\" alt=\"\" srcset=\"https:\/\/praps.sn\/v2\/wp-content\/uploads\/2024\/09\/WhatsApp-Image-2024-09-07-a-01.45.25_98b4e9c2.jpg 1080w, https:\/\/praps.sn\/v2\/wp-content\/uploads\/2024\/09\/WhatsApp-Image-2024-09-07-a-01.45.25_98b4e9c2-640x360.jpg 640w, https:\/\/praps.sn\/v2\/wp-content\/uploads\/2024\/09\/WhatsApp-Image-2024-09-07-a-01.45.25_98b4e9c2-480x270.jpg 480w, https:\/\/praps.sn\/v2\/wp-content\/uploads\/2024\/09\/WhatsApp-Image-2024-09-07-a-01.45.25_98b4e9c2-768x432.jpg 768w\" sizes=\"(max-width: 1080px) 100vw, 1080px\" \/>\t\t\t\t\t\t\t\t\t\t\t\t\t\t\t<\/div>\n\t\t\t\t<\/div>\n\t\t\t\t\t<\/div>\n\t\t\t\t<\/div>\n\t\t<div class=\"elementor-element elementor-element-2a1273a e-flex e-con-boxed wpr-particle-no wpr-jarallax-no wpr-parallax-no wpr-sticky-section-no e-con e-parent\" data-id=\"2a1273a\" data-element_type=\"container\">\n\t\t\t\t\t<div class=\"e-con-inner\">\n\t\t\t\t<div class=\"elementor-element elementor-element-5ebcc15 elementor-widget elementor-widget-image\" data-id=\"5ebcc15\" data-element_type=\"widget\" data-widget_type=\"image.default\">\n\t\t\t\t<div class=\"elementor-widget-container\">\n\t\t\t\t\t\t\t\t\t\t\t\t\t\t\t<img decoding=\"async\" width=\"1280\" height=\"720\" src=\"https:\/\/praps.sn\/v2\/wp-content\/uploads\/2024\/09\/WhatsApp-Image-2024-09-06-a-17.42.29_5c99638d.jpg\" class=\"attachment-large size-large wp-image-4051\" alt=\"\" srcset=\"https:\/\/praps.sn\/v2\/wp-content\/uploads\/2024\/09\/WhatsApp-Image-2024-09-06-a-17.42.29_5c99638d.jpg 1280w, https:\/\/praps.sn\/v2\/wp-content\/uploads\/2024\/09\/WhatsApp-Image-2024-09-06-a-17.42.29_5c99638d-640x360.jpg 640w, https:\/\/praps.sn\/v2\/wp-content\/uploads\/2024\/09\/WhatsApp-Image-2024-09-06-a-17.42.29_5c99638d-480x270.jpg 480w, https:\/\/praps.sn\/v2\/wp-content\/uploads\/2024\/09\/WhatsApp-Image-2024-09-06-a-17.42.29_5c99638d-768x432.jpg 768w\" sizes=\"(max-width: 1280px) 100vw, 1280px\" \/>\t\t\t\t\t\t\t\t\t\t\t\t\t\t\t<\/div>\n\t\t\t\t<\/div>\n\t\t\t\t\t<\/div>\n\t\t\t\t<\/div>\n\t\t<div class=\"elementor-element elementor-element-cef0a05 e-flex e-con-boxed wpr-particle-no wpr-jarallax-no wpr-parallax-no wpr-sticky-section-no e-con e-parent\" data-id=\"cef0a05\" data-element_type=\"container\">\n\t\t\t\t\t<div class=\"e-con-inner\">\n\t\t\t\t<div class=\"elementor-element elementor-element-79b55ed elementor-widget elementor-widget-image\" data-id=\"79b55ed\" data-element_type=\"widget\" data-widget_type=\"image.default\">\n\t\t\t\t<div class=\"elementor-widget-container\">\n\t\t\t\t\t\t\t\t\t\t\t\t\t\t\t<img decoding=\"async\" width=\"1280\" height=\"720\" src=\"https:\/\/praps.sn\/v2\/wp-content\/uploads\/2024\/09\/WhatsApp-Image-2024-09-06-a-17.42.41_0f4549d9.jpg\" class=\"attachment-large size-large wp-image-4053\" alt=\"\" srcset=\"https:\/\/praps.sn\/v2\/wp-content\/uploads\/2024\/09\/WhatsApp-Image-2024-09-06-a-17.42.41_0f4549d9.jpg 1280w, https:\/\/praps.sn\/v2\/wp-content\/uploads\/2024\/09\/WhatsApp-Image-2024-09-06-a-17.42.41_0f4549d9-640x360.jpg 640w, https:\/\/praps.sn\/v2\/wp-content\/uploads\/2024\/09\/WhatsApp-Image-2024-09-06-a-17.42.41_0f4549d9-480x270.jpg 480w, https:\/\/praps.sn\/v2\/wp-content\/uploads\/2024\/09\/WhatsApp-Image-2024-09-06-a-17.42.41_0f4549d9-768x432.jpg 768w\" sizes=\"(max-width: 1280px) 100vw, 1280px\" \/>\t\t\t\t\t\t\t\t\t\t\t\t\t\t\t<\/div>\n\t\t\t\t<\/div>\n\t\t\t\t<div class=\"elementor-element elementor-element-c669a38 elementor-widget elementor-widget-image\" data-id=\"c669a38\" data-element_type=\"widget\" data-widget_type=\"image.default\">\n\t\t\t\t<div class=\"elementor-widget-container\">\n\t\t\t\t\t\t\t\t\t\t\t\t\t\t\t<img loading=\"lazy\" decoding=\"async\" width=\"1\" height=\"1\" src=\"https:\/\/praps.sn\/v2\/wp-content\/uploads\/2024\/08\/IMG_1636.jpg\" class=\"attachment-large size-large wp-image-3902\" alt=\"\" \/>\t\t\t\t\t\t\t\t\t\t\t\t\t\t\t<\/div>\n\t\t\t\t<\/div>\n\t\t\t\t\t<\/div>\n\t\t\t\t<\/div>\n\t\t<div class=\"elementor-element elementor-element-87d282d e-flex e-con-boxed wpr-particle-no wpr-jarallax-no wpr-parallax-no wpr-sticky-section-no e-con e-parent\" data-id=\"87d282d\" data-element_type=\"container\">\n\t\t\t\t\t<div class=\"e-con-inner\">\n\t\t\t\t<div class=\"elementor-element elementor-element-446ac49 elementor-widget elementor-widget-image\" data-id=\"446ac49\" data-element_type=\"widget\" data-widget_type=\"image.default\">\n\t\t\t\t<div class=\"elementor-widget-container\">\n\t\t\t\t\t\t\t\t\t\t\t\t\t\t\t<img loading=\"lazy\" decoding=\"async\" width=\"1080\" height=\"608\" src=\"https:\/\/praps.sn\/v2\/wp-content\/uploads\/2024\/09\/WhatsApp-Image-2024-09-07-a-01.44.50_b4d25688.jpg\" class=\"attachment-large size-large wp-image-4056\" alt=\"\" srcset=\"https:\/\/praps.sn\/v2\/wp-content\/uploads\/2024\/09\/WhatsApp-Image-2024-09-07-a-01.44.50_b4d25688.jpg 1080w, https:\/\/praps.sn\/v2\/wp-content\/uploads\/2024\/09\/WhatsApp-Image-2024-09-07-a-01.44.50_b4d25688-640x360.jpg 640w, https:\/\/praps.sn\/v2\/wp-content\/uploads\/2024\/09\/WhatsApp-Image-2024-09-07-a-01.44.50_b4d25688-480x270.jpg 480w, https:\/\/praps.sn\/v2\/wp-content\/uploads\/2024\/09\/WhatsApp-Image-2024-09-07-a-01.44.50_b4d25688-768x432.jpg 768w\" sizes=\"(max-width: 1080px) 100vw, 1080px\" \/>\t\t\t\t\t\t\t\t\t\t\t\t\t\t\t<\/div>\n\t\t\t\t<\/div>\n\t\t\t\t\t<\/div>\n\t\t\t\t<\/div>\n\t\t\t\t<\/div>\n\t\t","protected":false},"excerpt":{"rendered":"<div class=\"entry-summary\">\nPour aider les familles de pasteurs \u00e0 diversifier leurs sources de revenus, le PRAPS2 a form\u00e9 des jeunes et des femmes \u00e0 divers m\u00e9tiers. A l\u2019issue de la formation, les b\u00e9n\u00e9ficiaires ont re\u00e7u des kits pour d\u00e9marrer leurs activit\u00e9s&#8230;\n<\/div>\n<div class=\"link-more-container\"><a href=\"https:\/\/praps.sn\/v2\/formation-en-embouche-ovine-et-en-aviculture-le-praps2-transforme-les-perspectives-des-beneficiaires\/\" class=\"link-more\" aria-label=\"Continue reading Formation en embouche ovine et en aviculture:  Le PRAPS2 transforme les perspectives des b\u00e9n\u00e9ficiaires\">Continue reading&hellip;<\/a><\/div>\n","protected":false},"author":3,"featured_media":4051,"comment_status":"closed","ping_status":"closed","sticky":false,"template":"","format":"standard","meta":{"footnotes":""},"categories":[1],"tags":[43,115],"class_list":["post-4049","post","type-post","status-publish","format-standard","has-post-thumbnail","hentry","category-actualites","tag-formation-professionnelle","tag-praps2","entry","entry-type-post"],"jetpack_featured_media_url":"https:\/\/praps.sn\/v2\/wp-content\/uploads\/2024\/09\/WhatsApp-Image-2024-09-06-a-17.42.29_5c99638d.jpg","_links":{"self":[{"href":"https:\/\/praps.sn\/v2\/wp-json\/wp\/v2\/posts\/4049","targetHints":{"allow":["GET"]}}],"collection":[{"href":"https:\/\/praps.sn\/v2\/wp-json\/wp\/v2\/posts"}],"about":[{"href":"https:\/\/praps.sn\/v2\/wp-json\/wp\/v2\/types\/post"}],"author":[{"embeddable":true,"href":"https:\/\/praps.sn\/v2\/wp-json\/wp\/v2\/users\/3"}],"replies":[{"embeddable":true,"href":"https:\/\/praps.sn\/v2\/wp-json\/wp\/v2\/comments?post=4049"}],"version-history":[{"count":26,"href":"https:\/\/praps.sn\/v2\/wp-json\/wp\/v2\/posts\/4049\/revisions"}],"predecessor-version":[{"id":4085,"href":"https:\/\/praps.sn\/v2\/wp-json\/wp\/v2\/posts\/4049\/revisions\/4085"}],"wp:featuredmedia":[{"embeddable":true,"href":"https:\/\/praps.sn\/v2\/wp-json\/wp\/v2\/media\/4051"}],"wp:attachment":[{"href":"https:\/\/praps.sn\/v2\/wp-json\/wp\/v2\/media?parent=4049"}],"wp:term":[{"taxonomy":"category","embeddable":true,"href":"https:\/\/praps.sn\/v2\/wp-json\/wp\/v2\/categories?post=4049"},{"taxonomy":"post_tag","embeddable":true,"href":"https:\/\/praps.sn\/v2\/wp-json\/wp\/v2\/tags?post=4049"}],"curies":[{"name":"wp","href":"https:\/\/api.w.org\/{rel}","templated":true}]}}