{"id":1976,"date":"2022-08-19T16:30:04","date_gmt":"2022-08-19T16:30:04","guid":{"rendered":"https:\/\/praps.sn\/v2\/?p=1976"},"modified":"2024-03-14T12:46:41","modified_gmt":"2024-03-14T12:46:41","slug":"tdr_analyse-environnementale-et-sociale_aires-abattage","status":"publish","type":"post","link":"https:\/\/praps.sn\/v2\/tdr_analyse-environnementale-et-sociale_aires-abattage\/","title":{"rendered":"TDR_analyse environnementale et sociale_aires abattage"},"content":{"rendered":"\t\t<div data-elementor-type=\"wp-post\" data-elementor-id=\"1976\" class=\"elementor elementor-1976\">\n\t\t\t\t<div class=\"elementor-element elementor-element-4e1e07a0 e-flex e-con-boxed wpr-particle-no wpr-jarallax-no wpr-parallax-no wpr-sticky-section-no e-con e-parent\" data-id=\"4e1e07a0\" data-element_type=\"container\" data-settings=\"{&quot;background_background&quot;:&quot;classic&quot;}\">\n\t\t\t\t\t<div class=\"e-con-inner\">\n\t\t\t\t<div class=\"elementor-element elementor-element-21857266 elementor-widget elementor-widget-page-title\" data-id=\"21857266\" data-element_type=\"widget\" data-settings=\"{&quot;align&quot;:&quot;center&quot;}\" data-widget_type=\"page-title.default\">\n\t\t\t\t<div class=\"elementor-widget-container\">\n\t\t\t\t\t\t\t\n\t\t<div class=\"hfe-page-title hfe-page-title-wrapper elementor-widget-heading\">\n\n\t\t\t\t\t\t\t\t<h2 class=\"elementor-heading-title elementor-size-default\">\n\t\t\t\t\t\t\t\t\n\t\t\t\tTDR_analyse environnementale et sociale_aires abattage  \n\t\t\t<\/h2 > \n\t\t\t\t\t<\/div>\n\t\t\t\t\t\t<\/div>\n\t\t\t\t<\/div>\n\t\t\t\t\t<\/div>\n\t\t\t\t<\/div>\n\t\t<div class=\"elementor-element elementor-element-94d30e6 e-flex e-con-boxed wpr-particle-no wpr-jarallax-no wpr-parallax-no wpr-sticky-section-no e-con e-parent\" data-id=\"94d30e6\" data-element_type=\"container\" data-settings=\"{&quot;background_background&quot;:&quot;classic&quot;}\">\n\t\t\t\t\t<div class=\"e-con-inner\">\n\t\t<div class=\"elementor-element elementor-element-a740853 e-con-full e-flex wpr-particle-no wpr-jarallax-no wpr-parallax-no wpr-sticky-section-no e-con e-child\" data-id=\"a740853\" data-element_type=\"container\">\n\t\t\t\t<div class=\"elementor-element elementor-element-15ab138 elementor-widget elementor-widget-text-editor\" data-id=\"15ab138\" data-element_type=\"widget\" data-widget_type=\"text-editor.default\">\n\t\t\t\t<div class=\"elementor-widget-container\">\n\t\t\t\t\t\t\t\t\t<h4 style=\"text-align: center;\"><span style=\"color: #813400;\"><strong>OBJET DE L\u2019\u00c9TUDE :<\/strong><\/span><\/h4><h4 style=\"text-align: center;\">S\u00e9lection d&rsquo;un bureau d\u2019\u00e9tudes pour la r\u00e9alisation des Analyses environnementale et sociale des travaux de<br \/>construction de 8 aires d&rsquo;abattage<\/h4><p>Le projet est structur\u00e9 autour des cinq composantes suivantes :<br \/>\u2756 Composante 1 : Am\u00e9lioration de la sant\u00e9 animale et contr\u00f4le des m\u00e9dicaments v\u00e9t\u00e9rinaires ;<br \/>\u2756 Composante 2 : Gestion durable des paysages et am\u00e9lioration de la gouvernance ;<br \/>\u2756 Composante 3 : Am\u00e9lioration des cha\u00eenes de valeur du b\u00e9tail ;<br \/>\u2756 Composante 4 : Am\u00e9lioration de l&rsquo;inclusion sociale et \u00e9conomique, femmes et jeunes ;<br \/>\u2756 Composant<\/p>\t\t\t\t\t\t\t\t<\/div>\n\t\t\t\t<\/div>\n\t\t\t\t<div class=\"elementor-element elementor-element-8606166 elementor-widget elementor-widget-button\" data-id=\"8606166\" data-element_type=\"widget\" data-widget_type=\"button.default\">\n\t\t\t\t<div class=\"elementor-widget-container\">\n\t\t\t\t\t\t\t\t\t<div class=\"elementor-button-wrapper\">\n\t\t\t\t\t<a class=\"elementor-button elementor-button-link elementor-size-md\" href=\"https:\/\/praps.sn\/v2\/wp-content\/uploads\/2022\/08\/TDR_analyse-environnementale-et-sociale_aires-abattage.pdf\" target=\"_blank\">\n\t\t\t\t\t\t<span class=\"elementor-button-content-wrapper\">\n\t\t\t\t\t\t\t\t\t<span class=\"elementor-button-text\">Cliquez ici pour t\u00e9l\u00e9charger les termes de r\u00e9f\u00e9rences<\/span>\n\t\t\t\t\t<\/span>\n\t\t\t\t\t<\/a>\n\t\t\t\t<\/div>\n\t\t\t\t\t\t\t\t<\/div>\n\t\t\t\t<\/div>\n\t\t\t\t<\/div>\n\t\t<div class=\"elementor-element elementor-element-787f256 e-con-full e-flex wpr-particle-no wpr-jarallax-no wpr-parallax-no wpr-sticky-section-no e-con e-child\" data-id=\"787f256\" data-element_type=\"container\">\n\t\t\t\t<div class=\"elementor-element elementor-element-3e5479f elementor-widget elementor-widget-image\" data-id=\"3e5479f\" data-element_type=\"widget\" data-widget_type=\"image.default\">\n\t\t\t\t<div class=\"elementor-widget-container\">\n\t\t\t\t\t\t\t\t\t\t\t\t\t\t\t\t<a href=\"https:\/\/praps.sn\/v2\/wp-content\/uploads\/2022\/08\/TDR_analyse-environnementale-et-sociale_aires-abattage.pdf\" target=\"_blank\">\n\t\t\t\t\t\t\t<img fetchpriority=\"high\" decoding=\"async\" width=\"595\" height=\"842\" src=\"https:\/\/praps.sn\/v2\/wp-content\/uploads\/2022\/08\/TDR_analyse-environnementale-et-sociale_aires-abattage.png\" class=\"attachment-medium_large size-medium_large wp-image-1978\" alt=\"\" \/>\t\t\t\t\t\t\t\t<\/a>\n\t\t\t\t\t\t\t\t\t\t\t\t\t\t\t<\/div>\n\t\t\t\t<\/div>\n\t\t\t\t<\/div>\n\t\t\t\t\t<\/div>\n\t\t\t\t<\/div>\n\t\t\t\t<\/div>\n\t\t","protected":false},"excerpt":{"rendered":"<div class=\"entry-summary\">\nR\u00e9alisation des \u00e9tudes APS\/APD\/ DAO, contr\u00f4le et suivi des travaux de r\u00e9habilitation et de construction de 05 forages pastoraux et de 05 mini-forages Marteau Fond de Trou (MFT)\n<\/div>\n<div class=\"link-more-container\"><a href=\"https:\/\/praps.sn\/v2\/tdr_analyse-environnementale-et-sociale_aires-abattage\/\" class=\"link-more\" aria-label=\"Continue reading TDR_analyse environnementale et sociale_aires abattage\">Continue reading&hellip;<\/a><\/div>\n","protected":false},"author":5,"featured_media":0,"comment_status":"closed","ping_status":"closed","sticky":false,"template":"","format":"standard","meta":{"footnotes":""},"categories":[58,59],"tags":[],"class_list":["post-1976","post","type-post","status-publish","format-standard","hentry","category-appels-doffres","category-manifestations-dinterets","entry","entry-type-post"],"jetpack_featured_media_url":"","_links":{"self":[{"href":"https:\/\/praps.sn\/v2\/wp-json\/wp\/v2\/posts\/1976","targetHints":{"allow":["GET"]}}],"collection":[{"href":"https:\/\/praps.sn\/v2\/wp-json\/wp\/v2\/posts"}],"about":[{"href":"https:\/\/praps.sn\/v2\/wp-json\/wp\/v2\/types\/post"}],"author":[{"embeddable":true,"href":"https:\/\/praps.sn\/v2\/wp-json\/wp\/v2\/users\/5"}],"replies":[{"embeddable":true,"href":"https:\/\/praps.sn\/v2\/wp-json\/wp\/v2\/comments?post=1976"}],"version-history":[{"count":10,"href":"https:\/\/praps.sn\/v2\/wp-json\/wp\/v2\/posts\/1976\/revisions"}],"predecessor-version":[{"id":2433,"href":"https:\/\/praps.sn\/v2\/wp-json\/wp\/v2\/posts\/1976\/revisions\/2433"}],"wp:attachment":[{"href":"https:\/\/praps.sn\/v2\/wp-json\/wp\/v2\/media?parent=1976"}],"wp:term":[{"taxonomy":"category","embeddable":true,"href":"https:\/\/praps.sn\/v2\/wp-json\/wp\/v2\/categories?post=1976"},{"taxonomy":"post_tag","embeddable":true,"href":"https:\/\/praps.sn\/v2\/wp-json\/wp\/v2\/tags?post=1976"}],"curies":[{"name":"wp","href":"https:\/\/api.w.org\/{rel}","templated":true}]}}