{"id":97,"date":"2019-09-19T17:22:30","date_gmt":"2019-09-19T15:22:30","guid":{"rendered":"https:\/\/praps.sn\/archives\/?p=97"},"modified":"2019-09-19T17:22:31","modified_gmt":"2019-09-19T15:22:31","slug":"atelier-de-formation-sur-la-methodologie-delaboration-des-plans-nationaux-de-formation-des-services-publics-veterinaires","status":"publish","type":"post","link":"https:\/\/praps.sn\/archives\/atelier-de-formation-sur-la-methodologie-delaboration-des-plans-nationaux-de-formation-des-services-publics-veterinaires\/","title":{"rendered":"Atelier de formation sur la m\u00e9thodologie d\u2019\u00e9laboration des plans nationaux de formation des services publics v\u00e9t\u00e9rinaires"},"content":{"rendered":"\n<p><strong>Dakar 17\/09\/2019. <\/strong>L\u2019atelier de formation sur la m\u00e9thodologie d\u2019\u00e9laboration des plans nationaux\nde formation des services publics v\u00e9t\u00e9rinaires s\u2019est ouvert le 16 septembre 2019, \u00e0 l\u2019h\u00f4tel\n\u00ab&nbsp;Le Lagon 2&nbsp;\u00bb, situ\u00e9 sur la Corniche Est, \u00e0 Dakar (S\u00e9n\u00e9gal). La c\u00e9r\u00e9monie d\u2019ouverture a \u00e9t\u00e9 pr\u00e9sid\u00e9e, au nom du\nMinistre de l\u2019Elevage et des Productions animales, par le Dr Ibrahima Niang, Coordonnateur\ndu PRAPS S\u00e9n\u00e9gal. Cette session de formation est organis\u00e9e sur l\u2019initiative de la Coordination r\u00e9gionale de la Composante sant\u00e9 animale\n(CRCSA) du Projet d\u2019Appui au Pastoralisme au Sahel (PRAPS), \u00e0 l\u2019Organisation mondiale de la Sant\u00e9 animale\n(OIE) par le CILSS.<\/p>\n\n\n\n<p>A l\u2019origine de cette activit\u00e9, une recommandation&nbsp;: la r\u00e9union de\nconcertation organis\u00e9e\n\u00e0 Dakar du 03 au 06 mai 2017 avait\nclairement manifest\u00e9 le besoin d\u2019appuyer les pays pour \u00e9laborer leurs\nplans de formation (PdF) en sant\u00e9\nanimale en\nvue\nde renforcer\nles services publics v\u00e9t\u00e9rinaires\navec des cadres comp\u00e9tents et en quantit\u00e9 suffisante (v\u00e9t\u00e9rinaires, ing\u00e9nieurs des travaux d\u2019\u00e9levage, agents\ntechniques, v\u00e9t\u00e9rinaires sp\u00e9cialis\u00e9s, etc.)<\/p>\n\n\n\n<p>L\u2019objectif g\u00e9n\u00e9ral de cette\nsession de formation est d\u2019outiller\net de renforcer les capacit\u00e9s des agents concern\u00e9s par la gestion et la planification de\nl\u2019utilisation des ressources humaines des services publics\nv\u00e9t\u00e9rinaires sur la m\u00e9thodologie d\u2019\u00e9laboration des\nplans\nnationaux de formation.<\/p>\n\n\n\n<p>Les r\u00e9sultats attendus sont les suivants&nbsp;: <\/p>\n\n\n\n<ul class=\"wp-block-list\"><li>l\u2019\u00e9tat des lieux des ressources humaines affect\u00e9es aux services publics v\u00e9t\u00e9rinaires\nnationaux et les politiques et strat\u00e9gies de d\u00e9veloppement des ressources humaines sont\npr\u00e9sent\u00e9s\npar chacun\ndes\npays ;<\/li><li>les proc\u00e9dures techniques permettant\nl\u2019\u00e9laboration d\u2019un plan national de formation des services publics v\u00e9t\u00e9rinaires y compris l\u2019\u00e9laboration de r\u00e9f\u00e9rentiels emplois et\ncomp\u00e9tences sont maitris\u00e9es ;<\/li><li>la d\u00e9marche organisationnelle et r\u00e9dactionnelle des plans de formation des services publics v\u00e9t\u00e9rinaires est con\u00e7ue de mani\u00e8re\nparticipative et maitris\u00e9e par tous les participants ;<\/li><li>un canevas harmonis\u00e9 de r\u00e9daction du plan national de formation\ndes services publics\nv\u00e9t\u00e9rinaires est\nvalid\u00e9 par tous les participants ;<\/li><li>les proc\u00e9dures techniques relatives \u00e0 la budg\u00e9tisation et\nau financement du plan\nnational de\nformation des services publics v\u00e9t\u00e9rinaires sont maitris\u00e9es par tous les\nparticipants ;<\/li><li>les outils de suivi-\u00e9valuation du plan national\nde formation des services publics v\u00e9t\u00e9rinaires sont maitris\u00e9s par tous les participants ;<\/li><li>une feuille\nde route de mise en\n\u0153uvre et de suivi du plan\nde formation est \u00e9labor\u00e9e par les participants de chaque pays.<\/li><\/ul>\n\n\n\n<p>La\nformation est assur\u00e9e par un bin\u00f4me de FVI (France V\u00e9t\u00e9rinaire Internationale)\navec les Dr J\u00e9r\u00f4me Thonnat et Pascal Hendrikx, tous deux membres de l\u2019\u00e9quipe\nmixte SupAgro-CIRAD de Montpellier. Pour le Dr J\u00e9r\u00f4me Thonnat, \u00ab&nbsp;\u00e0 l\u2019issue\nde la formation, les participants devraient \u00eatre capables de construire une\nanalyse de situation en int\u00e9grant une approche GPEC (Gestion pr\u00e9visionnelle des\nemplois et des comp\u00e9tences) ; analyser des besoins de formation ; construire un\nPlan de formation (PdF) et choisir des strat\u00e9gies ; mettre en place un\ndispositif de pilotage du PdF et \u00e9valuer des activit\u00e9s mises en \u0153uvre dans le\ncadre d\u2019un plan de formation.\u00bb<\/p>\n\n\n\n<p>En ouvrant, la\ns\u00e9ance inaugurale de l\u2019atelier, le Dr Ibrahima Niang s\u2019est f\u00e9licit\u00e9 de\nl\u2019initiative de la Coordination r\u00e9gionale de la Composante sant\u00e9 animale qui\nvise \u00e0 donner aux six pays du PRAPS les comp\u00e9tences requises \u00ab&nbsp;pour faire face aux\nmultiples d\u00e9fis qui assaillent le mieux-\u00eatre de nos diff\u00e9rents cheptels&nbsp;\u00bb.\nCette formation ambitionne, selon lui, \u00ab&nbsp;d\u2019outiller et de renforcer\nles\ncapacit\u00e9s des\nparticipants par la gestion et la planification de\nl\u2019utilisation des ressources humaines des services publics\nv\u00e9t\u00e9rinaires.&nbsp;\u00bb Ce faisant, le CRCSA s\u2019attaque,\nde mani\u00e8re frontale, aux principaux obstacles qui inhibent la prosp\u00e9rit\u00e9 des\ncommunaut\u00e9s pastorales, a encore soutenu le Coordonnateur du PRAPS S\u00e9n\u00e9gal.<\/p>\n\n\n\n<p>&nbsp;Parmi les\nr\u00e9sultats attendus, le Dr Niang a salu\u00e9 \u00ab&nbsp;la ma\u00eetrise \u00e9ventuelle des\nproc\u00e9dures techniques permettant l\u2019\u00e9laboration des r\u00e9f\u00e9rentiels emplois et\ncomp\u00e9tences, mais aussi l\u2019harmonisation r\u00e9dactionnelle des plans de formation\ndes services publics v\u00e9t\u00e9rinaires. Pour terminer, le Dr Niang a adress\u00e9 ses vifs\nremerciements et sa reconnaissance \u00e0 la Banque mondiale, \u00e0 l\u2019Organisation\nmondiale de la sant\u00e9 animale, au CIRAD, \u00e0 l\u2019EISMV, au CILSS et \u00e0 tous les\nautres partenaires, de&nbsp; \u00ab&nbsp;l\u2019appui constant qu\u2019ils ne cessent\nd\u2019apporter \u00e0 nos pays respectifs pour un PRAPS aur\u00e9ol\u00e9 de succ\u00e8s \u00e0 l\u2019horizon\n2021.\u00bb<\/p>\n\n\n\n<p>Auparavant,\nsouhaitant la bienvenue \u00e0 la vingtaine de participants, au nom du Dr Idriss\nOumar Alfaroukh, le Dr Hassane Hadakal, Assistant technique r\u00e9gional charg\u00e9 de\nla formation du PRAPS\/OIE, avait camp\u00e9 les termes de r\u00e9f\u00e9rence de cet atelier.\nSelon lui,&nbsp; \u00ab&nbsp;cette formation devait\nse tenir il y deux ans, mais il fallait d\u2019abord mettre en place un dispositif\npr\u00e9alable. Il s\u2019agissait d\u2019abord de faire une premi\u00e8re situation de l\u2019\u00e9tat des\nlieux des SV des six pays du PRAPS. Cette exigence a d\u00e9marr\u00e9 en compl\u00e9ment du\ndisponible, \u00e0 savoir les rapports PVS pour les pays qui en disposent, en\nessayant de combler le gap pour les autres. C\u2019est dans ce cadre, a affirm\u00e9 le\nDr Hadakal, \u00ab que nous avons eu l\u2019honneur et la chance de parcourir les six\npays du PRAPS pour effectuer, avec les SV, un travail qui a consist\u00e9 \u00e0 mettre\nen place une base de donn\u00e9es en format Excel. Cette base de donn\u00e9es repr\u00e9sente\nun minimum d\u2019informations disponibles sur l\u2019\u00e9tat des personnels des SV des pays\nconcern\u00e9s en compl\u00e9ment de l\u2019existant.\u00bb<\/p>\n\n\n\n<p>Le\nDr Hadakal a ensuite exprim\u00e9 son souhait de voir cette formation d\u00e9boucher sur\nl\u2019acquisition de comp\u00e9tences durables \u00e0 transmettre aux g\u00e9n\u00e9rations actuelles\net futures, moyennant des ajustements et am\u00e9liorations p\u00e9riodiques. <\/p>\n\n\n\n<p>L\u2019Ecole\ninter-\u00e9tats des sciences et m\u00e9decine v\u00e9t\u00e9rinaires (EISMV), partenaire\nstrat\u00e9gique du PRAPS, fortement impliqu\u00e9e dans la formation initiale et\ncontinue des pays sah\u00e9liens \u00e9tait repr\u00e9sent\u00e9e par son Directeur G\u00e9n\u00e9ral, Yalac\u00e9\nYamba Kaboret. Ce dernier a renouvel\u00e9 la disponibilit\u00e9 de sa structure \u00e0\naccompagner les d\u00e9cideurs africains et les techniciens \u00e0 rendre toujours plus\nperformants les services v\u00e9t\u00e9rinaires&nbsp;\nafin d\u2019asseoir un \u00e9levage productif et comp\u00e9titif. Outre la formation, l\u2019EISMV\ncontribue \u00e0 s\u00e9curiser la sant\u00e9 animale en veillant sur la s\u00e9curit\u00e9 des\nm\u00e9dicaments et des vaccins en tant que laboratoire de r\u00e9f\u00e9rence de l\u2019UEMOA.<\/p>\n\n\n\n<p>Pour\nsa part, le Dr Caroline Plant\u00e9, TTL du PRAPS r\u00e9gional et Co-TTL du PRAPS\nS\u00e9n\u00e9gal, a d\u2019embl\u00e9e admis que la pertinence de cet atelier est de s\u2019attaquer\naux faiblesses de l\u2019\u00e9levage des pays sah\u00e9liens, parmi lesquelles la formation\ncontinue et initiale des personnels des services v\u00e9t\u00e9rinaires. A son avis, les\nressources humaines sont au c\u0153ur de la sant\u00e9 et du bien-\u00eatre des animaux. Mme\nPlant\u00e9 milite pour une utilisation optimale des disponibilit\u00e9s pour aboutir \u00e0\ndes r\u00e9sultats probants. Elle pr\u00eache donc pour l\u2019inscription des programmes de\nformation dans la dur\u00e9e pour \u00e9viter les effets \u00ab&nbsp;feu de paille&nbsp;\u00bb.<\/p>\n\n\n\n<ul class=\"wp-block-gallery columns-3 is-cropped wp-block-gallery-1 is-layout-flex wp-block-gallery-is-layout-flex\"><li class=\"blocks-gallery-item\"><figure><img loading=\"lazy\" decoding=\"async\" width=\"1024\" height=\"768\" src=\"https:\/\/praps.sn\/archives\/wp-content\/uploads\/2019\/09\/20190917_122502-1024x768.jpg\" alt=\"\" data-id=\"102\" data-link=\"https:\/\/praps.sn\/archives\/?attachment_id=102\" class=\"wp-image-102\" srcset=\"https:\/\/praps.sn\/archives\/wp-content\/uploads\/2019\/09\/20190917_122502-1024x768.jpg 1024w, https:\/\/praps.sn\/archives\/wp-content\/uploads\/2019\/09\/20190917_122502-300x225.jpg 300w, https:\/\/praps.sn\/archives\/wp-content\/uploads\/2019\/09\/20190917_122502-768x576.jpg 768w\" sizes=\"auto, (max-width: 1024px) 100vw, 1024px\" \/><\/figure><\/li><li class=\"blocks-gallery-item\"><figure><img loading=\"lazy\" decoding=\"async\" width=\"1024\" height=\"768\" src=\"https:\/\/praps.sn\/archives\/wp-content\/uploads\/2019\/09\/20190917_122442-1024x768.jpg\" alt=\"\" data-id=\"101\" data-link=\"https:\/\/praps.sn\/archives\/?attachment_id=101\" class=\"wp-image-101\" srcset=\"https:\/\/praps.sn\/archives\/wp-content\/uploads\/2019\/09\/20190917_122442-1024x768.jpg 1024w, https:\/\/praps.sn\/archives\/wp-content\/uploads\/2019\/09\/20190917_122442-300x225.jpg 300w, https:\/\/praps.sn\/archives\/wp-content\/uploads\/2019\/09\/20190917_122442-768x576.jpg 768w\" sizes=\"auto, (max-width: 1024px) 100vw, 1024px\" \/><\/figure><\/li><li class=\"blocks-gallery-item\"><figure><img loading=\"lazy\" decoding=\"async\" width=\"1024\" height=\"768\" src=\"https:\/\/praps.sn\/archives\/wp-content\/uploads\/2019\/09\/20190916_100842-1024x768.jpg\" alt=\"\" data-id=\"100\" data-link=\"https:\/\/praps.sn\/archives\/?attachment_id=100\" class=\"wp-image-100\" srcset=\"https:\/\/praps.sn\/archives\/wp-content\/uploads\/2019\/09\/20190916_100842-1024x768.jpg 1024w, https:\/\/praps.sn\/archives\/wp-content\/uploads\/2019\/09\/20190916_100842-300x225.jpg 300w, https:\/\/praps.sn\/archives\/wp-content\/uploads\/2019\/09\/20190916_100842-768x576.jpg 768w\" sizes=\"auto, (max-width: 1024px) 100vw, 1024px\" \/><\/figure><\/li><li class=\"blocks-gallery-item\"><figure><img loading=\"lazy\" decoding=\"async\" width=\"1024\" height=\"768\" src=\"https:\/\/praps.sn\/archives\/wp-content\/uploads\/2019\/09\/20190916_095117-1024x768.jpg\" alt=\"\" data-id=\"98\" data-link=\"https:\/\/praps.sn\/archives\/?attachment_id=98\" class=\"wp-image-98\" srcset=\"https:\/\/praps.sn\/archives\/wp-content\/uploads\/2019\/09\/20190916_095117-1024x768.jpg 1024w, https:\/\/praps.sn\/archives\/wp-content\/uploads\/2019\/09\/20190916_095117-300x225.jpg 300w, https:\/\/praps.sn\/archives\/wp-content\/uploads\/2019\/09\/20190916_095117-768x576.jpg 768w\" sizes=\"auto, (max-width: 1024px) 100vw, 1024px\" \/><\/figure><\/li><\/ul>\n","protected":false},"excerpt":{"rendered":"<p>Dakar 17\/09\/2019. L\u2019atelier de formation sur la m\u00e9thodologie d\u2019\u00e9laboration des plans nationaux de formation des services publics v\u00e9t\u00e9rinaires s\u2019est ouvert le 16 septembre 2019, \u00e0 l\u2019h\u00f4tel \u00ab&nbsp;Le Lagon 2&nbsp;\u00bb, situ\u00e9 sur la Corniche Est, \u00e0 Dakar (S\u00e9n\u00e9gal). La c\u00e9r\u00e9monie d\u2019ouverture a \u00e9t\u00e9 pr\u00e9sid\u00e9e, au nom du Ministre de l\u2019Elevage et des Productions animales, par le &hellip;<\/p>\n","protected":false},"author":1,"featured_media":99,"comment_status":"closed","ping_status":"closed","sticky":false,"template":"","format":"standard","meta":{"_monsterinsights_skip_tracking":false,"_monsterinsights_sitenote_active":false,"_monsterinsights_sitenote_note":"","_monsterinsights_sitenote_category":0,"footnotes":""},"categories":[4,5],"tags":[],"class_list":["post-97","post","type-post","status-publish","format-standard","has-post-thumbnail","","category-a-la-une","category-amelioration-de-la-sante-animale"],"yoast_head":"<!-- This site is optimized with the Yoast SEO plugin v22.7 - https:\/\/yoast.com\/wordpress\/plugins\/seo\/ -->\n<title>Atelier de formation sur la m\u00e9thodologie d\u2019\u00e9laboration des plans nationaux de formation des services publics v\u00e9t\u00e9rinaires - PRAPS 1 SENEGAL<\/title>\n<meta name=\"robots\" content=\"index, follow, max-snippet:-1, max-image-preview:large, max-video-preview:-1\" \/>\n<link rel=\"canonical\" href=\"https:\/\/praps.sn\/archives\/atelier-de-formation-sur-la-methodologie-delaboration-des-plans-nationaux-de-formation-des-services-publics-veterinaires\/\" \/>\n<meta property=\"og:locale\" content=\"fr_FR\" \/>\n<meta property=\"og:type\" content=\"article\" \/>\n<meta property=\"og:title\" content=\"Atelier de formation sur la m\u00e9thodologie d\u2019\u00e9laboration des plans nationaux de formation des services publics v\u00e9t\u00e9rinaires - PRAPS 1 SENEGAL\" \/>\n<meta property=\"og:description\" content=\"Dakar 17\/09\/2019. L\u2019atelier de formation sur la m\u00e9thodologie d\u2019\u00e9laboration des plans nationaux de formation des services publics v\u00e9t\u00e9rinaires s\u2019est ouvert le 16 septembre 2019, \u00e0 l\u2019h\u00f4tel \u00ab&nbsp;Le Lagon 2&nbsp;\u00bb, situ\u00e9 sur la Corniche Est, \u00e0 Dakar (S\u00e9n\u00e9gal). La c\u00e9r\u00e9monie d\u2019ouverture a \u00e9t\u00e9 pr\u00e9sid\u00e9e, au nom du Ministre de l\u2019Elevage et des Productions animales, par le &hellip;\" \/>\n<meta property=\"og:url\" content=\"https:\/\/praps.sn\/archives\/atelier-de-formation-sur-la-methodologie-delaboration-des-plans-nationaux-de-formation-des-services-publics-veterinaires\/\" \/>\n<meta property=\"og:site_name\" content=\"PRAPS 1 SENEGAL\" \/>\n<meta property=\"article:published_time\" content=\"2019-09-19T15:22:30+00:00\" \/>\n<meta property=\"article:modified_time\" content=\"2019-09-19T15:22:31+00:00\" \/>\n<meta property=\"og:image\" content=\"https:\/\/praps.sn\/archives\/wp-content\/uploads\/2019\/09\/20190916_095429.jpg\" \/>\n\t<meta property=\"og:image:width\" content=\"2592\" \/>\n\t<meta property=\"og:image:height\" content=\"1944\" \/>\n\t<meta property=\"og:image:type\" content=\"image\/jpeg\" \/>\n<meta name=\"author\" content=\"youssouphasarr\" \/>\n<meta name=\"twitter:card\" content=\"summary_large_image\" \/>\n<meta name=\"twitter:label1\" content=\"\u00c9crit par\" \/>\n\t<meta name=\"twitter:data1\" content=\"youssouphasarr\" \/>\n\t<meta name=\"twitter:label2\" content=\"Dur\u00e9e de lecture estim\u00e9e\" \/>\n\t<meta name=\"twitter:data2\" content=\"6 minutes\" \/>\n<script type=\"application\/ld+json\" class=\"yoast-schema-graph\">{\"@context\":\"https:\/\/schema.org\",\"@graph\":[{\"@type\":\"Article\",\"@id\":\"https:\/\/praps.sn\/archives\/atelier-de-formation-sur-la-methodologie-delaboration-des-plans-nationaux-de-formation-des-services-publics-veterinaires\/#article\",\"isPartOf\":{\"@id\":\"https:\/\/praps.sn\/archives\/atelier-de-formation-sur-la-methodologie-delaboration-des-plans-nationaux-de-formation-des-services-publics-veterinaires\/\"},\"author\":{\"name\":\"youssouphasarr\",\"@id\":\"https:\/\/praps.sn\/archives\/#\/schema\/person\/a674c1b3cc917deb3478bff3c0de730f\"},\"headline\":\"Atelier de formation sur la m\u00e9thodologie d\u2019\u00e9laboration des plans nationaux de formation des services publics v\u00e9t\u00e9rinaires\",\"datePublished\":\"2019-09-19T15:22:30+00:00\",\"dateModified\":\"2019-09-19T15:22:31+00:00\",\"mainEntityOfPage\":{\"@id\":\"https:\/\/praps.sn\/archives\/atelier-de-formation-sur-la-methodologie-delaboration-des-plans-nationaux-de-formation-des-services-publics-veterinaires\/\"},\"wordCount\":1284,\"publisher\":{\"@id\":\"https:\/\/praps.sn\/archives\/#organization\"},\"image\":{\"@id\":\"https:\/\/praps.sn\/archives\/atelier-de-formation-sur-la-methodologie-delaboration-des-plans-nationaux-de-formation-des-services-publics-veterinaires\/#primaryimage\"},\"thumbnailUrl\":\"https:\/\/praps.sn\/archives\/wp-content\/uploads\/2019\/09\/20190916_095429.jpg\",\"articleSection\":[\"A la une\",\"Am\u00e9lioration de la sant\u00e9 animale\"],\"inLanguage\":\"fr-FR\"},{\"@type\":\"WebPage\",\"@id\":\"https:\/\/praps.sn\/archives\/atelier-de-formation-sur-la-methodologie-delaboration-des-plans-nationaux-de-formation-des-services-publics-veterinaires\/\",\"url\":\"https:\/\/praps.sn\/archives\/atelier-de-formation-sur-la-methodologie-delaboration-des-plans-nationaux-de-formation-des-services-publics-veterinaires\/\",\"name\":\"Atelier de formation sur la m\u00e9thodologie d\u2019\u00e9laboration des plans nationaux de formation des services publics v\u00e9t\u00e9rinaires - PRAPS 1 SENEGAL\",\"isPartOf\":{\"@id\":\"https:\/\/praps.sn\/archives\/#website\"},\"primaryImageOfPage\":{\"@id\":\"https:\/\/praps.sn\/archives\/atelier-de-formation-sur-la-methodologie-delaboration-des-plans-nationaux-de-formation-des-services-publics-veterinaires\/#primaryimage\"},\"image\":{\"@id\":\"https:\/\/praps.sn\/archives\/atelier-de-formation-sur-la-methodologie-delaboration-des-plans-nationaux-de-formation-des-services-publics-veterinaires\/#primaryimage\"},\"thumbnailUrl\":\"https:\/\/praps.sn\/archives\/wp-content\/uploads\/2019\/09\/20190916_095429.jpg\",\"datePublished\":\"2019-09-19T15:22:30+00:00\",\"dateModified\":\"2019-09-19T15:22:31+00:00\",\"breadcrumb\":{\"@id\":\"https:\/\/praps.sn\/archives\/atelier-de-formation-sur-la-methodologie-delaboration-des-plans-nationaux-de-formation-des-services-publics-veterinaires\/#breadcrumb\"},\"inLanguage\":\"fr-FR\",\"potentialAction\":[{\"@type\":\"ReadAction\",\"target\":[\"https:\/\/praps.sn\/archives\/atelier-de-formation-sur-la-methodologie-delaboration-des-plans-nationaux-de-formation-des-services-publics-veterinaires\/\"]}]},{\"@type\":\"ImageObject\",\"inLanguage\":\"fr-FR\",\"@id\":\"https:\/\/praps.sn\/archives\/atelier-de-formation-sur-la-methodologie-delaboration-des-plans-nationaux-de-formation-des-services-publics-veterinaires\/#primaryimage\",\"url\":\"https:\/\/praps.sn\/archives\/wp-content\/uploads\/2019\/09\/20190916_095429.jpg\",\"contentUrl\":\"https:\/\/praps.sn\/archives\/wp-content\/uploads\/2019\/09\/20190916_095429.jpg\",\"width\":2592,\"height\":1944},{\"@type\":\"BreadcrumbList\",\"@id\":\"https:\/\/praps.sn\/archives\/atelier-de-formation-sur-la-methodologie-delaboration-des-plans-nationaux-de-formation-des-services-publics-veterinaires\/#breadcrumb\",\"itemListElement\":[{\"@type\":\"ListItem\",\"position\":1,\"name\":\"Home\",\"item\":\"https:\/\/praps.sn\/archives\/\"},{\"@type\":\"ListItem\",\"position\":2,\"name\":\"Atelier de formation sur la m\u00e9thodologie d\u2019\u00e9laboration des plans nationaux de formation des services publics v\u00e9t\u00e9rinaires\"}]},{\"@type\":\"WebSite\",\"@id\":\"https:\/\/praps.sn\/archives\/#website\",\"url\":\"https:\/\/praps.sn\/archives\/\",\"name\":\"PRAPS SENEGAL\",\"description\":\"Projet d&#039;Appui au Pastoralisme au Sahel-Phase 1\",\"publisher\":{\"@id\":\"https:\/\/praps.sn\/archives\/#organization\"},\"potentialAction\":[{\"@type\":\"SearchAction\",\"target\":{\"@type\":\"EntryPoint\",\"urlTemplate\":\"https:\/\/praps.sn\/archives\/?s={search_term_string}\"},\"query-input\":\"required name=search_term_string\"}],\"inLanguage\":\"fr-FR\"},{\"@type\":\"Organization\",\"@id\":\"https:\/\/praps.sn\/archives\/#organization\",\"name\":\"PRAPS S\u00e9n\u00e9gal\",\"url\":\"https:\/\/praps.sn\/archives\/\",\"logo\":{\"@type\":\"ImageObject\",\"inLanguage\":\"fr-FR\",\"@id\":\"https:\/\/praps.sn\/archives\/#\/schema\/logo\/image\/\",\"url\":\"https:\/\/praps.sn\/archives\/wp-content\/uploads\/2019\/09\/banniere_praps-1.png\",\"contentUrl\":\"https:\/\/praps.sn\/archives\/wp-content\/uploads\/2019\/09\/banniere_praps-1.png\",\"width\":159,\"height\":154,\"caption\":\"PRAPS S\u00e9n\u00e9gal\"},\"image\":{\"@id\":\"https:\/\/praps.sn\/archives\/#\/schema\/logo\/image\/\"}},{\"@type\":\"Person\",\"@id\":\"https:\/\/praps.sn\/archives\/#\/schema\/person\/a674c1b3cc917deb3478bff3c0de730f\",\"name\":\"youssouphasarr\"}]}<\/script>\n<!-- \/ Yoast SEO plugin. -->","yoast_head_json":{"title":"Atelier de formation sur la m\u00e9thodologie d\u2019\u00e9laboration des plans nationaux de formation des services publics v\u00e9t\u00e9rinaires - PRAPS 1 SENEGAL","robots":{"index":"index","follow":"follow","max-snippet":"max-snippet:-1","max-image-preview":"max-image-preview:large","max-video-preview":"max-video-preview:-1"},"canonical":"https:\/\/praps.sn\/archives\/atelier-de-formation-sur-la-methodologie-delaboration-des-plans-nationaux-de-formation-des-services-publics-veterinaires\/","og_locale":"fr_FR","og_type":"article","og_title":"Atelier de formation sur la m\u00e9thodologie d\u2019\u00e9laboration des plans nationaux de formation des services publics v\u00e9t\u00e9rinaires - PRAPS 1 SENEGAL","og_description":"Dakar 17\/09\/2019. L\u2019atelier de formation sur la m\u00e9thodologie d\u2019\u00e9laboration des plans nationaux de formation des services publics v\u00e9t\u00e9rinaires s\u2019est ouvert le 16 septembre 2019, \u00e0 l\u2019h\u00f4tel \u00ab&nbsp;Le Lagon 2&nbsp;\u00bb, situ\u00e9 sur la Corniche Est, \u00e0 Dakar (S\u00e9n\u00e9gal). La c\u00e9r\u00e9monie d\u2019ouverture a \u00e9t\u00e9 pr\u00e9sid\u00e9e, au nom du Ministre de l\u2019Elevage et des Productions animales, par le &hellip;","og_url":"https:\/\/praps.sn\/archives\/atelier-de-formation-sur-la-methodologie-delaboration-des-plans-nationaux-de-formation-des-services-publics-veterinaires\/","og_site_name":"PRAPS 1 SENEGAL","article_published_time":"2019-09-19T15:22:30+00:00","article_modified_time":"2019-09-19T15:22:31+00:00","og_image":[{"width":2592,"height":1944,"url":"https:\/\/praps.sn\/archives\/wp-content\/uploads\/2019\/09\/20190916_095429.jpg","type":"image\/jpeg"}],"author":"youssouphasarr","twitter_card":"summary_large_image","twitter_misc":{"\u00c9crit par":"youssouphasarr","Dur\u00e9e de lecture estim\u00e9e":"6 minutes"},"schema":{"@context":"https:\/\/schema.org","@graph":[{"@type":"Article","@id":"https:\/\/praps.sn\/archives\/atelier-de-formation-sur-la-methodologie-delaboration-des-plans-nationaux-de-formation-des-services-publics-veterinaires\/#article","isPartOf":{"@id":"https:\/\/praps.sn\/archives\/atelier-de-formation-sur-la-methodologie-delaboration-des-plans-nationaux-de-formation-des-services-publics-veterinaires\/"},"author":{"name":"youssouphasarr","@id":"https:\/\/praps.sn\/archives\/#\/schema\/person\/a674c1b3cc917deb3478bff3c0de730f"},"headline":"Atelier de formation sur la m\u00e9thodologie d\u2019\u00e9laboration des plans nationaux de formation des services publics v\u00e9t\u00e9rinaires","datePublished":"2019-09-19T15:22:30+00:00","dateModified":"2019-09-19T15:22:31+00:00","mainEntityOfPage":{"@id":"https:\/\/praps.sn\/archives\/atelier-de-formation-sur-la-methodologie-delaboration-des-plans-nationaux-de-formation-des-services-publics-veterinaires\/"},"wordCount":1284,"publisher":{"@id":"https:\/\/praps.sn\/archives\/#organization"},"image":{"@id":"https:\/\/praps.sn\/archives\/atelier-de-formation-sur-la-methodologie-delaboration-des-plans-nationaux-de-formation-des-services-publics-veterinaires\/#primaryimage"},"thumbnailUrl":"https:\/\/praps.sn\/archives\/wp-content\/uploads\/2019\/09\/20190916_095429.jpg","articleSection":["A la une","Am\u00e9lioration de la sant\u00e9 animale"],"inLanguage":"fr-FR"},{"@type":"WebPage","@id":"https:\/\/praps.sn\/archives\/atelier-de-formation-sur-la-methodologie-delaboration-des-plans-nationaux-de-formation-des-services-publics-veterinaires\/","url":"https:\/\/praps.sn\/archives\/atelier-de-formation-sur-la-methodologie-delaboration-des-plans-nationaux-de-formation-des-services-publics-veterinaires\/","name":"Atelier de formation sur la m\u00e9thodologie d\u2019\u00e9laboration des plans nationaux de formation des services publics v\u00e9t\u00e9rinaires - PRAPS 1 SENEGAL","isPartOf":{"@id":"https:\/\/praps.sn\/archives\/#website"},"primaryImageOfPage":{"@id":"https:\/\/praps.sn\/archives\/atelier-de-formation-sur-la-methodologie-delaboration-des-plans-nationaux-de-formation-des-services-publics-veterinaires\/#primaryimage"},"image":{"@id":"https:\/\/praps.sn\/archives\/atelier-de-formation-sur-la-methodologie-delaboration-des-plans-nationaux-de-formation-des-services-publics-veterinaires\/#primaryimage"},"thumbnailUrl":"https:\/\/praps.sn\/archives\/wp-content\/uploads\/2019\/09\/20190916_095429.jpg","datePublished":"2019-09-19T15:22:30+00:00","dateModified":"2019-09-19T15:22:31+00:00","breadcrumb":{"@id":"https:\/\/praps.sn\/archives\/atelier-de-formation-sur-la-methodologie-delaboration-des-plans-nationaux-de-formation-des-services-publics-veterinaires\/#breadcrumb"},"inLanguage":"fr-FR","potentialAction":[{"@type":"ReadAction","target":["https:\/\/praps.sn\/archives\/atelier-de-formation-sur-la-methodologie-delaboration-des-plans-nationaux-de-formation-des-services-publics-veterinaires\/"]}]},{"@type":"ImageObject","inLanguage":"fr-FR","@id":"https:\/\/praps.sn\/archives\/atelier-de-formation-sur-la-methodologie-delaboration-des-plans-nationaux-de-formation-des-services-publics-veterinaires\/#primaryimage","url":"https:\/\/praps.sn\/archives\/wp-content\/uploads\/2019\/09\/20190916_095429.jpg","contentUrl":"https:\/\/praps.sn\/archives\/wp-content\/uploads\/2019\/09\/20190916_095429.jpg","width":2592,"height":1944},{"@type":"BreadcrumbList","@id":"https:\/\/praps.sn\/archives\/atelier-de-formation-sur-la-methodologie-delaboration-des-plans-nationaux-de-formation-des-services-publics-veterinaires\/#breadcrumb","itemListElement":[{"@type":"ListItem","position":1,"name":"Home","item":"https:\/\/praps.sn\/archives\/"},{"@type":"ListItem","position":2,"name":"Atelier de formation sur la m\u00e9thodologie d\u2019\u00e9laboration des plans nationaux de formation des services publics v\u00e9t\u00e9rinaires"}]},{"@type":"WebSite","@id":"https:\/\/praps.sn\/archives\/#website","url":"https:\/\/praps.sn\/archives\/","name":"PRAPS SENEGAL","description":"Projet d&#039;Appui au Pastoralisme au Sahel-Phase 1","publisher":{"@id":"https:\/\/praps.sn\/archives\/#organization"},"potentialAction":[{"@type":"SearchAction","target":{"@type":"EntryPoint","urlTemplate":"https:\/\/praps.sn\/archives\/?s={search_term_string}"},"query-input":"required name=search_term_string"}],"inLanguage":"fr-FR"},{"@type":"Organization","@id":"https:\/\/praps.sn\/archives\/#organization","name":"PRAPS S\u00e9n\u00e9gal","url":"https:\/\/praps.sn\/archives\/","logo":{"@type":"ImageObject","inLanguage":"fr-FR","@id":"https:\/\/praps.sn\/archives\/#\/schema\/logo\/image\/","url":"https:\/\/praps.sn\/archives\/wp-content\/uploads\/2019\/09\/banniere_praps-1.png","contentUrl":"https:\/\/praps.sn\/archives\/wp-content\/uploads\/2019\/09\/banniere_praps-1.png","width":159,"height":154,"caption":"PRAPS S\u00e9n\u00e9gal"},"image":{"@id":"https:\/\/praps.sn\/archives\/#\/schema\/logo\/image\/"}},{"@type":"Person","@id":"https:\/\/praps.sn\/archives\/#\/schema\/person\/a674c1b3cc917deb3478bff3c0de730f","name":"youssouphasarr"}]}},"_links":{"self":[{"href":"https:\/\/praps.sn\/archives\/wp-json\/wp\/v2\/posts\/97","targetHints":{"allow":["GET"]}}],"collection":[{"href":"https:\/\/praps.sn\/archives\/wp-json\/wp\/v2\/posts"}],"about":[{"href":"https:\/\/praps.sn\/archives\/wp-json\/wp\/v2\/types\/post"}],"author":[{"embeddable":true,"href":"https:\/\/praps.sn\/archives\/wp-json\/wp\/v2\/users\/1"}],"replies":[{"embeddable":true,"href":"https:\/\/praps.sn\/archives\/wp-json\/wp\/v2\/comments?post=97"}],"version-history":[{"count":1,"href":"https:\/\/praps.sn\/archives\/wp-json\/wp\/v2\/posts\/97\/revisions"}],"predecessor-version":[{"id":103,"href":"https:\/\/praps.sn\/archives\/wp-json\/wp\/v2\/posts\/97\/revisions\/103"}],"wp:featuredmedia":[{"embeddable":true,"href":"https:\/\/praps.sn\/archives\/wp-json\/wp\/v2\/media\/99"}],"wp:attachment":[{"href":"https:\/\/praps.sn\/archives\/wp-json\/wp\/v2\/media?parent=97"}],"wp:term":[{"taxonomy":"category","embeddable":true,"href":"https:\/\/praps.sn\/archives\/wp-json\/wp\/v2\/categories?post=97"},{"taxonomy":"post_tag","embeddable":true,"href":"https:\/\/praps.sn\/archives\/wp-json\/wp\/v2\/tags?post=97"}],"curies":[{"name":"wp","href":"https:\/\/api.w.org\/{rel}","templated":true}]}}