{"id":859,"date":"2023-06-21T13:33:04","date_gmt":"2023-06-21T12:33:04","guid":{"rendered":"https:\/\/praps.sn\/archives\/?p=859"},"modified":"2023-06-21T13:33:05","modified_gmt":"2023-06-21T12:33:05","slug":"traitement-des-resultats-des-enquetes-de-seromonitoring-des-campagnes-de-vaccination-contre-la-ppr-le-praps-2-renforce-les-capacites-des-experts-des-six-pays","status":"publish","type":"post","link":"https:\/\/praps.sn\/archives\/traitement-des-resultats-des-enquetes-de-seromonitoring-des-campagnes-de-vaccination-contre-la-ppr-le-praps-2-renforce-les-capacites-des-experts-des-six-pays\/","title":{"rendered":"Traitement des r\u00e9sultats des enqu\u00eates de s\u00e9romonitoring des campagnes de vaccination contre la PPR\u00a0: Le PRAPS-2 renforce les capacit\u00e9s des experts des six pays"},"content":{"rendered":"\n<p>un important atelier de formation sur le traitement des r\u00e9sultats des enqu\u00eates de s\u00e9romonitoring des campagnes de vaccination contre la Peste des Petits Ruminants( PPR) r\u00e9unit une trentaine d\u2019experts venus du Burkina Faso, du Mali, du Niger de la Mauritanie, du S\u00e9n\u00e9gal et du Tchad .<\/p>\n\n\n\n<p>Cette formation &nbsp;r\u00e9gionale ax\u00e9e sur le traitement des donn\u00e9es issues des enqu\u00eates de s\u00e9romonitoring des campagnes de vaccination contre la PPR, une des maladies&nbsp;&nbsp; qui d\u00e9ciment le cheptel au Sahel est organis\u00e9e par le PRAPS-2 en rapport avec l\u2019Organisation Mondiale de la Sant\u00e9 Animale \u00e0 qui le CILSS a confi\u00e9 la composante \u2018 am\u00e9lioration de la sant\u00e9 animale et le contr\u00f4le des m\u00e9dicaments v\u00e9t\u00e9rinaires&nbsp;\u00bb avec le Centre R\u00e9gional en Sant\u00e9 Animale( CRSA).<\/p>\n\n\n\n<p>Les objectifs de cette session de formation r\u00e9gionale sont entre autres&nbsp;:<\/p>\n\n\n\n<ul class=\"wp-block-list\"><li>La ma\u00eetrise des outils&nbsp; et m\u00e9thodes d\u2019analyse des donn\u00e9es&nbsp; et l\u2019interpr\u00e9tation des enqu\u00eates s\u00e9romonitoring PPR par les experts des pays,<\/li><li>L\u2019application des outils et m\u00e9thodes aux donn\u00e9es recueillies par les pays,<\/li><li>Partager les informations entre pays,<\/li><li>Formuler des recommandations pour red\u00e9finir ou adapter&nbsp; les strat\u00e9gies d\u2019\u00e9radication de la PPR dans les pays de mise&nbsp; en&nbsp; \u0153uvre du PRAPS-2.<\/li><\/ul>\n\n\n\n<p>La c\u00e9r\u00e9monie officielle a d\u00e9marr\u00e9 par un mot d\u2019ouverture et de transmission du message du <strong>Professeur Alfarouk,<\/strong> Coordonnateur Technique de \u2018l\u2019OMSA-Assistance Technique cibl\u00e9e&nbsp; de la Composante 1, <strong>Docteure Anta Diagne<\/strong> a mis l\u2019accent sur l\u2019importance de cette formation.<\/p>\n\n\n\n<p>Au nom des autorit\u00e9s s\u00e9n\u00e9galaises, en l\u2019occurrence la Direction des Services v\u00e9t\u00e9rinaires, Docteure<strong> Adji Mareme GAYE <\/strong>a d\u2019abord pr\u00e9sent\u00e9 les excuses du Directeur emp\u00each\u00e9, tout en saluant le choix port\u00e9 sur le S\u00e9n\u00e9gal sur une formation aussi importante que celle-ci.<\/p>\n\n\n\n<p>Rappelons que pour \u00e9radiquer la PPR au niveau des six pays du PRAPS-2, un objectif de vaccination et de marquage &nbsp;de 396400000&nbsp; est assign\u00e9 aux services v\u00e9t\u00e9rinaires du PRAPS-2.<\/p>\n\n\n\n<figure class=\"wp-block-image size-full is-style-default\"><img loading=\"lazy\" decoding=\"async\" width=\"673\" height=\"475\" src=\"https:\/\/praps.sn\/archives\/wp-content\/uploads\/2023\/06\/traitement-seromonitoring1.jpg\" alt=\"\" class=\"wp-image-860\" srcset=\"https:\/\/praps.sn\/archives\/wp-content\/uploads\/2023\/06\/traitement-seromonitoring1.jpg 673w, https:\/\/praps.sn\/archives\/wp-content\/uploads\/2023\/06\/traitement-seromonitoring1-300x212.jpg 300w\" sizes=\"auto, (max-width: 673px) 100vw, 673px\" \/><\/figure>\n","protected":false},"excerpt":{"rendered":"<p>un important atelier de formation sur le traitement des r\u00e9sultats des enqu\u00eates de s\u00e9romonitoring des campagnes de vaccination contre la Peste des Petits Ruminants( PPR) r\u00e9unit une trentaine d\u2019experts venus du Burkina Faso, du Mali, du Niger de la Mauritanie, du S\u00e9n\u00e9gal et du Tchad . Cette formation &nbsp;r\u00e9gionale ax\u00e9e sur le traitement des donn\u00e9es &hellip;<\/p>\n","protected":false},"author":4,"featured_media":861,"comment_status":"closed","ping_status":"closed","sticky":false,"template":"","format":"standard","meta":{"_monsterinsights_skip_tracking":false,"_monsterinsights_sitenote_active":false,"_monsterinsights_sitenote_note":"","_monsterinsights_sitenote_category":0,"footnotes":""},"categories":[4],"tags":[],"class_list":["post-859","post","type-post","status-publish","format-standard","has-post-thumbnail","","category-a-la-une"],"yoast_head":"<!-- This site is optimized with the Yoast SEO plugin v22.7 - https:\/\/yoast.com\/wordpress\/plugins\/seo\/ -->\n<title>Traitement des r\u00e9sultats des enqu\u00eates de s\u00e9romonitoring des campagnes de vaccination contre la PPR\u00a0: Le PRAPS-2 renforce les capacit\u00e9s des experts des six pays - PRAPS 1 SENEGAL<\/title>\n<meta name=\"robots\" content=\"index, follow, max-snippet:-1, max-image-preview:large, max-video-preview:-1\" \/>\n<link rel=\"canonical\" href=\"https:\/\/praps.sn\/archives\/traitement-des-resultats-des-enquetes-de-seromonitoring-des-campagnes-de-vaccination-contre-la-ppr-le-praps-2-renforce-les-capacites-des-experts-des-six-pays\/\" \/>\n<meta property=\"og:locale\" content=\"fr_FR\" \/>\n<meta property=\"og:type\" content=\"article\" \/>\n<meta property=\"og:title\" content=\"Traitement des r\u00e9sultats des enqu\u00eates de s\u00e9romonitoring des campagnes de vaccination contre la PPR\u00a0: Le PRAPS-2 renforce les capacit\u00e9s des experts des six pays - PRAPS 1 SENEGAL\" \/>\n<meta property=\"og:description\" content=\"un important atelier de formation sur le traitement des r\u00e9sultats des enqu\u00eates de s\u00e9romonitoring des campagnes de vaccination contre la Peste des Petits Ruminants( PPR) r\u00e9unit une trentaine d\u2019experts venus du Burkina Faso, du Mali, du Niger de la Mauritanie, du S\u00e9n\u00e9gal et du Tchad . Cette formation &nbsp;r\u00e9gionale ax\u00e9e sur le traitement des donn\u00e9es &hellip;\" \/>\n<meta property=\"og:url\" content=\"https:\/\/praps.sn\/archives\/traitement-des-resultats-des-enquetes-de-seromonitoring-des-campagnes-de-vaccination-contre-la-ppr-le-praps-2-renforce-les-capacites-des-experts-des-six-pays\/\" \/>\n<meta property=\"og:site_name\" content=\"PRAPS 1 SENEGAL\" \/>\n<meta property=\"article:published_time\" content=\"2023-06-21T12:33:04+00:00\" \/>\n<meta property=\"article:modified_time\" content=\"2023-06-21T12:33:05+00:00\" \/>\n<meta property=\"og:image\" content=\"https:\/\/praps.sn\/archives\/wp-content\/uploads\/2023\/06\/traitement-seromonitoring.jpg\" \/>\n\t<meta property=\"og:image:width\" content=\"730\" \/>\n\t<meta property=\"og:image:height\" content=\"516\" \/>\n\t<meta property=\"og:image:type\" content=\"image\/jpeg\" \/>\n<meta name=\"author\" content=\"Pape NDIAYE\" \/>\n<meta name=\"twitter:card\" content=\"summary_large_image\" \/>\n<meta name=\"twitter:label1\" content=\"\u00c9crit par\" \/>\n\t<meta name=\"twitter:data1\" content=\"Pape NDIAYE\" \/>\n\t<meta name=\"twitter:label2\" content=\"Dur\u00e9e de lecture estim\u00e9e\" \/>\n\t<meta name=\"twitter:data2\" content=\"2 minutes\" \/>\n<script type=\"application\/ld+json\" class=\"yoast-schema-graph\">{\"@context\":\"https:\/\/schema.org\",\"@graph\":[{\"@type\":\"Article\",\"@id\":\"https:\/\/praps.sn\/archives\/traitement-des-resultats-des-enquetes-de-seromonitoring-des-campagnes-de-vaccination-contre-la-ppr-le-praps-2-renforce-les-capacites-des-experts-des-six-pays\/#article\",\"isPartOf\":{\"@id\":\"https:\/\/praps.sn\/archives\/traitement-des-resultats-des-enquetes-de-seromonitoring-des-campagnes-de-vaccination-contre-la-ppr-le-praps-2-renforce-les-capacites-des-experts-des-six-pays\/\"},\"author\":{\"name\":\"Pape NDIAYE\",\"@id\":\"https:\/\/praps.sn\/archives\/#\/schema\/person\/31c9d59c1fbaf4328ed87af12eafe397\"},\"headline\":\"Traitement des r\u00e9sultats des enqu\u00eates de s\u00e9romonitoring des campagnes de vaccination contre la PPR\u00a0: Le PRAPS-2 renforce les capacit\u00e9s des experts des six pays\",\"datePublished\":\"2023-06-21T12:33:04+00:00\",\"dateModified\":\"2023-06-21T12:33:05+00:00\",\"mainEntityOfPage\":{\"@id\":\"https:\/\/praps.sn\/archives\/traitement-des-resultats-des-enquetes-de-seromonitoring-des-campagnes-de-vaccination-contre-la-ppr-le-praps-2-renforce-les-capacites-des-experts-des-six-pays\/\"},\"wordCount\":387,\"publisher\":{\"@id\":\"https:\/\/praps.sn\/archives\/#organization\"},\"image\":{\"@id\":\"https:\/\/praps.sn\/archives\/traitement-des-resultats-des-enquetes-de-seromonitoring-des-campagnes-de-vaccination-contre-la-ppr-le-praps-2-renforce-les-capacites-des-experts-des-six-pays\/#primaryimage\"},\"thumbnailUrl\":\"https:\/\/praps.sn\/archives\/wp-content\/uploads\/2023\/06\/traitement-seromonitoring.jpg\",\"articleSection\":[\"A la une\"],\"inLanguage\":\"fr-FR\"},{\"@type\":\"WebPage\",\"@id\":\"https:\/\/praps.sn\/archives\/traitement-des-resultats-des-enquetes-de-seromonitoring-des-campagnes-de-vaccination-contre-la-ppr-le-praps-2-renforce-les-capacites-des-experts-des-six-pays\/\",\"url\":\"https:\/\/praps.sn\/archives\/traitement-des-resultats-des-enquetes-de-seromonitoring-des-campagnes-de-vaccination-contre-la-ppr-le-praps-2-renforce-les-capacites-des-experts-des-six-pays\/\",\"name\":\"Traitement des r\u00e9sultats des enqu\u00eates de s\u00e9romonitoring des campagnes de vaccination contre la PPR\u00a0: Le PRAPS-2 renforce les capacit\u00e9s des experts des six pays - PRAPS 1 SENEGAL\",\"isPartOf\":{\"@id\":\"https:\/\/praps.sn\/archives\/#website\"},\"primaryImageOfPage\":{\"@id\":\"https:\/\/praps.sn\/archives\/traitement-des-resultats-des-enquetes-de-seromonitoring-des-campagnes-de-vaccination-contre-la-ppr-le-praps-2-renforce-les-capacites-des-experts-des-six-pays\/#primaryimage\"},\"image\":{\"@id\":\"https:\/\/praps.sn\/archives\/traitement-des-resultats-des-enquetes-de-seromonitoring-des-campagnes-de-vaccination-contre-la-ppr-le-praps-2-renforce-les-capacites-des-experts-des-six-pays\/#primaryimage\"},\"thumbnailUrl\":\"https:\/\/praps.sn\/archives\/wp-content\/uploads\/2023\/06\/traitement-seromonitoring.jpg\",\"datePublished\":\"2023-06-21T12:33:04+00:00\",\"dateModified\":\"2023-06-21T12:33:05+00:00\",\"breadcrumb\":{\"@id\":\"https:\/\/praps.sn\/archives\/traitement-des-resultats-des-enquetes-de-seromonitoring-des-campagnes-de-vaccination-contre-la-ppr-le-praps-2-renforce-les-capacites-des-experts-des-six-pays\/#breadcrumb\"},\"inLanguage\":\"fr-FR\",\"potentialAction\":[{\"@type\":\"ReadAction\",\"target\":[\"https:\/\/praps.sn\/archives\/traitement-des-resultats-des-enquetes-de-seromonitoring-des-campagnes-de-vaccination-contre-la-ppr-le-praps-2-renforce-les-capacites-des-experts-des-six-pays\/\"]}]},{\"@type\":\"ImageObject\",\"inLanguage\":\"fr-FR\",\"@id\":\"https:\/\/praps.sn\/archives\/traitement-des-resultats-des-enquetes-de-seromonitoring-des-campagnes-de-vaccination-contre-la-ppr-le-praps-2-renforce-les-capacites-des-experts-des-six-pays\/#primaryimage\",\"url\":\"https:\/\/praps.sn\/archives\/wp-content\/uploads\/2023\/06\/traitement-seromonitoring.jpg\",\"contentUrl\":\"https:\/\/praps.sn\/archives\/wp-content\/uploads\/2023\/06\/traitement-seromonitoring.jpg\",\"width\":730,\"height\":516},{\"@type\":\"BreadcrumbList\",\"@id\":\"https:\/\/praps.sn\/archives\/traitement-des-resultats-des-enquetes-de-seromonitoring-des-campagnes-de-vaccination-contre-la-ppr-le-praps-2-renforce-les-capacites-des-experts-des-six-pays\/#breadcrumb\",\"itemListElement\":[{\"@type\":\"ListItem\",\"position\":1,\"name\":\"Home\",\"item\":\"https:\/\/praps.sn\/archives\/\"},{\"@type\":\"ListItem\",\"position\":2,\"name\":\"Traitement des r\u00e9sultats des enqu\u00eates de s\u00e9romonitoring des campagnes de vaccination contre la PPR\u00a0: Le PRAPS-2 renforce les capacit\u00e9s des experts des six pays\"}]},{\"@type\":\"WebSite\",\"@id\":\"https:\/\/praps.sn\/archives\/#website\",\"url\":\"https:\/\/praps.sn\/archives\/\",\"name\":\"PRAPS SENEGAL\",\"description\":\"Projet d&#039;Appui au Pastoralisme au Sahel-Phase 1\",\"publisher\":{\"@id\":\"https:\/\/praps.sn\/archives\/#organization\"},\"potentialAction\":[{\"@type\":\"SearchAction\",\"target\":{\"@type\":\"EntryPoint\",\"urlTemplate\":\"https:\/\/praps.sn\/archives\/?s={search_term_string}\"},\"query-input\":\"required name=search_term_string\"}],\"inLanguage\":\"fr-FR\"},{\"@type\":\"Organization\",\"@id\":\"https:\/\/praps.sn\/archives\/#organization\",\"name\":\"PRAPS S\u00e9n\u00e9gal\",\"url\":\"https:\/\/praps.sn\/archives\/\",\"logo\":{\"@type\":\"ImageObject\",\"inLanguage\":\"fr-FR\",\"@id\":\"https:\/\/praps.sn\/archives\/#\/schema\/logo\/image\/\",\"url\":\"https:\/\/praps.sn\/archives\/wp-content\/uploads\/2019\/09\/banniere_praps-1.png\",\"contentUrl\":\"https:\/\/praps.sn\/archives\/wp-content\/uploads\/2019\/09\/banniere_praps-1.png\",\"width\":159,\"height\":154,\"caption\":\"PRAPS S\u00e9n\u00e9gal\"},\"image\":{\"@id\":\"https:\/\/praps.sn\/archives\/#\/schema\/logo\/image\/\"}},{\"@type\":\"Person\",\"@id\":\"https:\/\/praps.sn\/archives\/#\/schema\/person\/31c9d59c1fbaf4328ed87af12eafe397\",\"name\":\"Pape NDIAYE\"}]}<\/script>\n<!-- \/ Yoast SEO plugin. -->","yoast_head_json":{"title":"Traitement des r\u00e9sultats des enqu\u00eates de s\u00e9romonitoring des campagnes de vaccination contre la PPR\u00a0: Le PRAPS-2 renforce les capacit\u00e9s des experts des six pays - PRAPS 1 SENEGAL","robots":{"index":"index","follow":"follow","max-snippet":"max-snippet:-1","max-image-preview":"max-image-preview:large","max-video-preview":"max-video-preview:-1"},"canonical":"https:\/\/praps.sn\/archives\/traitement-des-resultats-des-enquetes-de-seromonitoring-des-campagnes-de-vaccination-contre-la-ppr-le-praps-2-renforce-les-capacites-des-experts-des-six-pays\/","og_locale":"fr_FR","og_type":"article","og_title":"Traitement des r\u00e9sultats des enqu\u00eates de s\u00e9romonitoring des campagnes de vaccination contre la PPR\u00a0: Le PRAPS-2 renforce les capacit\u00e9s des experts des six pays - PRAPS 1 SENEGAL","og_description":"un important atelier de formation sur le traitement des r\u00e9sultats des enqu\u00eates de s\u00e9romonitoring des campagnes de vaccination contre la Peste des Petits Ruminants( PPR) r\u00e9unit une trentaine d\u2019experts venus du Burkina Faso, du Mali, du Niger de la Mauritanie, du S\u00e9n\u00e9gal et du Tchad . Cette formation &nbsp;r\u00e9gionale ax\u00e9e sur le traitement des donn\u00e9es &hellip;","og_url":"https:\/\/praps.sn\/archives\/traitement-des-resultats-des-enquetes-de-seromonitoring-des-campagnes-de-vaccination-contre-la-ppr-le-praps-2-renforce-les-capacites-des-experts-des-six-pays\/","og_site_name":"PRAPS 1 SENEGAL","article_published_time":"2023-06-21T12:33:04+00:00","article_modified_time":"2023-06-21T12:33:05+00:00","og_image":[{"width":730,"height":516,"url":"https:\/\/praps.sn\/archives\/wp-content\/uploads\/2023\/06\/traitement-seromonitoring.jpg","type":"image\/jpeg"}],"author":"Pape NDIAYE","twitter_card":"summary_large_image","twitter_misc":{"\u00c9crit par":"Pape NDIAYE","Dur\u00e9e de lecture estim\u00e9e":"2 minutes"},"schema":{"@context":"https:\/\/schema.org","@graph":[{"@type":"Article","@id":"https:\/\/praps.sn\/archives\/traitement-des-resultats-des-enquetes-de-seromonitoring-des-campagnes-de-vaccination-contre-la-ppr-le-praps-2-renforce-les-capacites-des-experts-des-six-pays\/#article","isPartOf":{"@id":"https:\/\/praps.sn\/archives\/traitement-des-resultats-des-enquetes-de-seromonitoring-des-campagnes-de-vaccination-contre-la-ppr-le-praps-2-renforce-les-capacites-des-experts-des-six-pays\/"},"author":{"name":"Pape NDIAYE","@id":"https:\/\/praps.sn\/archives\/#\/schema\/person\/31c9d59c1fbaf4328ed87af12eafe397"},"headline":"Traitement des r\u00e9sultats des enqu\u00eates de s\u00e9romonitoring des campagnes de vaccination contre la PPR\u00a0: Le PRAPS-2 renforce les capacit\u00e9s des experts des six pays","datePublished":"2023-06-21T12:33:04+00:00","dateModified":"2023-06-21T12:33:05+00:00","mainEntityOfPage":{"@id":"https:\/\/praps.sn\/archives\/traitement-des-resultats-des-enquetes-de-seromonitoring-des-campagnes-de-vaccination-contre-la-ppr-le-praps-2-renforce-les-capacites-des-experts-des-six-pays\/"},"wordCount":387,"publisher":{"@id":"https:\/\/praps.sn\/archives\/#organization"},"image":{"@id":"https:\/\/praps.sn\/archives\/traitement-des-resultats-des-enquetes-de-seromonitoring-des-campagnes-de-vaccination-contre-la-ppr-le-praps-2-renforce-les-capacites-des-experts-des-six-pays\/#primaryimage"},"thumbnailUrl":"https:\/\/praps.sn\/archives\/wp-content\/uploads\/2023\/06\/traitement-seromonitoring.jpg","articleSection":["A la une"],"inLanguage":"fr-FR"},{"@type":"WebPage","@id":"https:\/\/praps.sn\/archives\/traitement-des-resultats-des-enquetes-de-seromonitoring-des-campagnes-de-vaccination-contre-la-ppr-le-praps-2-renforce-les-capacites-des-experts-des-six-pays\/","url":"https:\/\/praps.sn\/archives\/traitement-des-resultats-des-enquetes-de-seromonitoring-des-campagnes-de-vaccination-contre-la-ppr-le-praps-2-renforce-les-capacites-des-experts-des-six-pays\/","name":"Traitement des r\u00e9sultats des enqu\u00eates de s\u00e9romonitoring des campagnes de vaccination contre la PPR\u00a0: Le PRAPS-2 renforce les capacit\u00e9s des experts des six pays - PRAPS 1 SENEGAL","isPartOf":{"@id":"https:\/\/praps.sn\/archives\/#website"},"primaryImageOfPage":{"@id":"https:\/\/praps.sn\/archives\/traitement-des-resultats-des-enquetes-de-seromonitoring-des-campagnes-de-vaccination-contre-la-ppr-le-praps-2-renforce-les-capacites-des-experts-des-six-pays\/#primaryimage"},"image":{"@id":"https:\/\/praps.sn\/archives\/traitement-des-resultats-des-enquetes-de-seromonitoring-des-campagnes-de-vaccination-contre-la-ppr-le-praps-2-renforce-les-capacites-des-experts-des-six-pays\/#primaryimage"},"thumbnailUrl":"https:\/\/praps.sn\/archives\/wp-content\/uploads\/2023\/06\/traitement-seromonitoring.jpg","datePublished":"2023-06-21T12:33:04+00:00","dateModified":"2023-06-21T12:33:05+00:00","breadcrumb":{"@id":"https:\/\/praps.sn\/archives\/traitement-des-resultats-des-enquetes-de-seromonitoring-des-campagnes-de-vaccination-contre-la-ppr-le-praps-2-renforce-les-capacites-des-experts-des-six-pays\/#breadcrumb"},"inLanguage":"fr-FR","potentialAction":[{"@type":"ReadAction","target":["https:\/\/praps.sn\/archives\/traitement-des-resultats-des-enquetes-de-seromonitoring-des-campagnes-de-vaccination-contre-la-ppr-le-praps-2-renforce-les-capacites-des-experts-des-six-pays\/"]}]},{"@type":"ImageObject","inLanguage":"fr-FR","@id":"https:\/\/praps.sn\/archives\/traitement-des-resultats-des-enquetes-de-seromonitoring-des-campagnes-de-vaccination-contre-la-ppr-le-praps-2-renforce-les-capacites-des-experts-des-six-pays\/#primaryimage","url":"https:\/\/praps.sn\/archives\/wp-content\/uploads\/2023\/06\/traitement-seromonitoring.jpg","contentUrl":"https:\/\/praps.sn\/archives\/wp-content\/uploads\/2023\/06\/traitement-seromonitoring.jpg","width":730,"height":516},{"@type":"BreadcrumbList","@id":"https:\/\/praps.sn\/archives\/traitement-des-resultats-des-enquetes-de-seromonitoring-des-campagnes-de-vaccination-contre-la-ppr-le-praps-2-renforce-les-capacites-des-experts-des-six-pays\/#breadcrumb","itemListElement":[{"@type":"ListItem","position":1,"name":"Home","item":"https:\/\/praps.sn\/archives\/"},{"@type":"ListItem","position":2,"name":"Traitement des r\u00e9sultats des enqu\u00eates de s\u00e9romonitoring des campagnes de vaccination contre la PPR\u00a0: Le PRAPS-2 renforce les capacit\u00e9s des experts des six pays"}]},{"@type":"WebSite","@id":"https:\/\/praps.sn\/archives\/#website","url":"https:\/\/praps.sn\/archives\/","name":"PRAPS SENEGAL","description":"Projet d&#039;Appui au Pastoralisme au Sahel-Phase 1","publisher":{"@id":"https:\/\/praps.sn\/archives\/#organization"},"potentialAction":[{"@type":"SearchAction","target":{"@type":"EntryPoint","urlTemplate":"https:\/\/praps.sn\/archives\/?s={search_term_string}"},"query-input":"required name=search_term_string"}],"inLanguage":"fr-FR"},{"@type":"Organization","@id":"https:\/\/praps.sn\/archives\/#organization","name":"PRAPS S\u00e9n\u00e9gal","url":"https:\/\/praps.sn\/archives\/","logo":{"@type":"ImageObject","inLanguage":"fr-FR","@id":"https:\/\/praps.sn\/archives\/#\/schema\/logo\/image\/","url":"https:\/\/praps.sn\/archives\/wp-content\/uploads\/2019\/09\/banniere_praps-1.png","contentUrl":"https:\/\/praps.sn\/archives\/wp-content\/uploads\/2019\/09\/banniere_praps-1.png","width":159,"height":154,"caption":"PRAPS S\u00e9n\u00e9gal"},"image":{"@id":"https:\/\/praps.sn\/archives\/#\/schema\/logo\/image\/"}},{"@type":"Person","@id":"https:\/\/praps.sn\/archives\/#\/schema\/person\/31c9d59c1fbaf4328ed87af12eafe397","name":"Pape NDIAYE"}]}},"_links":{"self":[{"href":"https:\/\/praps.sn\/archives\/wp-json\/wp\/v2\/posts\/859","targetHints":{"allow":["GET"]}}],"collection":[{"href":"https:\/\/praps.sn\/archives\/wp-json\/wp\/v2\/posts"}],"about":[{"href":"https:\/\/praps.sn\/archives\/wp-json\/wp\/v2\/types\/post"}],"author":[{"embeddable":true,"href":"https:\/\/praps.sn\/archives\/wp-json\/wp\/v2\/users\/4"}],"replies":[{"embeddable":true,"href":"https:\/\/praps.sn\/archives\/wp-json\/wp\/v2\/comments?post=859"}],"version-history":[{"count":1,"href":"https:\/\/praps.sn\/archives\/wp-json\/wp\/v2\/posts\/859\/revisions"}],"predecessor-version":[{"id":862,"href":"https:\/\/praps.sn\/archives\/wp-json\/wp\/v2\/posts\/859\/revisions\/862"}],"wp:featuredmedia":[{"embeddable":true,"href":"https:\/\/praps.sn\/archives\/wp-json\/wp\/v2\/media\/861"}],"wp:attachment":[{"href":"https:\/\/praps.sn\/archives\/wp-json\/wp\/v2\/media?parent=859"}],"wp:term":[{"taxonomy":"category","embeddable":true,"href":"https:\/\/praps.sn\/archives\/wp-json\/wp\/v2\/categories?post=859"},{"taxonomy":"post_tag","embeddable":true,"href":"https:\/\/praps.sn\/archives\/wp-json\/wp\/v2\/tags?post=859"}],"curies":[{"name":"wp","href":"https:\/\/api.w.org\/{rel}","templated":true}]}}