{"id":849,"date":"2023-06-09T11:39:16","date_gmt":"2023-06-09T10:39:16","guid":{"rendered":"https:\/\/praps.sn\/archives\/?p=849"},"modified":"2023-06-09T11:42:44","modified_gmt":"2023-06-09T10:42:44","slug":"formation-professionnelle-et-appui-a-lorganisation-des-audiences-foraines-le-praps-2-sn-au-chevet-des-communautes-pastorales","status":"publish","type":"post","link":"https:\/\/praps.sn\/archives\/formation-professionnelle-et-appui-a-lorganisation-des-audiences-foraines-le-praps-2-sn-au-chevet-des-communautes-pastorales\/","title":{"rendered":"Formation professionnelle et appui \u00e0 l\u2019organisation des audiences foraines\u00a0: Le PRAPS-2-SN au chevet des communaut\u00e9s pastorales"},"content":{"rendered":"\n<p>Une importante d\u00e9l\u00e9gation du Projet R\u00e9gional d\u2019Appui au Pastoralisme au Sahel conduite par son Coordonnateur National Docteur Mamadou Ousseynou SAKHO, accompagn\u00e9 des partenaires techniques de mise en \u0153uvre, \u00e0 savoir la Direction de l\u2019Apprentissage et la Direction de l\u2019\u00c9tat civil, a s\u00e9journ\u00e9 du 23 au 26 mai 2023 dans les r\u00e9gions de Louga et Saint Louis.<\/p>\n\n\n\n<p>L\u2019objectif de cette mission \u00e9tait de s\u2019enqu\u00e9rir d\u2019une part, de l\u2019\u00e9tat d\u2019avancement des formations d\u00e9roul\u00e9es au niveau des centres de formation professionnelle de Louga, Podor et A\u00e9r\u00e9 Lao et d\u2019autre part d\u2019appuyer la Commune de Gamadji SAR\u00c9 dans l\u2019organisation d\u2019une audience foraine, avec la collaboration du Tribunal d\u2019Instance de Podor et de la Direction de l\u2019\u00c9tat civil.<\/p>\n\n\n\n<p>Ainsi, pour cette audience foraine, 1500 pasteurs et agropasteurs ont pu b\u00e9n\u00e9ficier d\u2019un acte d\u2019\u00e9tat civil.<\/p>\n\n\n\n<p>Parmi les b\u00e9n\u00e9ficiaires figurent beaucoup de jeunes et de femmes issus des familles pastorales.<\/p>\n\n\n\n<p>La premi\u00e8re \u00e9tape de la mission conduite par le Coordonnateur national a \u00e9t\u00e9 la visite de 4 Centres de Formation professionnelle (CFP) des d\u00e9partements de Louga et Podor. Le tableau ci-dessous pr\u00e9sente les effectifs par centre, les contenus de formation et les taux de pr\u00e9sence des b\u00e9n\u00e9ficiaires et la dur\u00e9e de formation.<\/p>\n\n\n\n<figure class=\"wp-block-image size-large is-resized\"><img loading=\"lazy\" decoding=\"async\" src=\"https:\/\/praps.sn\/archives\/wp-content\/uploads\/2023\/06\/Image7-1024x576.png\" alt=\"\" class=\"wp-image-850\" width=\"807\" height=\"453\" srcset=\"https:\/\/praps.sn\/archives\/wp-content\/uploads\/2023\/06\/Image7-1024x576.png 1024w, https:\/\/praps.sn\/archives\/wp-content\/uploads\/2023\/06\/Image7-300x169.png 300w, https:\/\/praps.sn\/archives\/wp-content\/uploads\/2023\/06\/Image7-768x432.png 768w, https:\/\/praps.sn\/archives\/wp-content\/uploads\/2023\/06\/Image7-1536x864.png 1536w, https:\/\/praps.sn\/archives\/wp-content\/uploads\/2023\/06\/Image7-2048x1152.png 2048w\" sizes=\"auto, (max-width: 807px) 100vw, 807px\" \/><\/figure>\n\n\n\n<p>L\u2019analyse et l\u2019\u00e9valuation des r\u00e9sultats de la mission a donn\u00e9 un \u00e9tat satisfaisant du d\u00e9marrage des formations qui se r\u00e9sume autour des points forts suivants&nbsp;:<\/p>\n\n\n\n<ul class=\"wp-block-list\"><li>D\u00e9marrage satisfaisant avec un taux de pr\u00e9sence de 85% des b\u00e9n\u00e9ficiaires&nbsp;;<\/li><li>Le potentiel de formation des centres ressources \u00e0 travers leur niveau d\u2019\u00e9quipements, leurs infrastructures et la maitrise des contenus par les formateurs-trices. Les produits d\u00e9j\u00e0 obtenus lors des premi\u00e8res sessions de formation (confection de jupe, de jus naturels, cheptel de moutons \u00e9lev\u00e9s\u2026) donne une id\u00e9e de l\u2019approche par comp\u00e9tence et de la pr\u00e9dominance de la formation pratique&nbsp;;<\/li><li>Equipements d\u2019hygi\u00e8ne et de protection individuelle au travail mis \u00e0 disposition des participants-es. Les centres ont pris l\u2019initiative de fournir aux b\u00e9n\u00e9ficiaires des tenues de travail, des chaussures de s\u00e9curit\u00e9, des masques et d\u2019autres EPI (Equipements de Protection Individuelle) requis pour l\u2019hygi\u00e8ne et la s\u00e9curit\u00e9 au travail&nbsp;;<\/li><li>La motivation des b\u00e9n\u00e9ficiaires a \u00e9t\u00e9 manifest\u00e9e \u00e0 travers les feedbacks de leurs repr\u00e9sentants-es dans les 4 centres visit\u00e9s leur information sur les opportunit\u00e9s offertes par cette formation notamment \u00e0 travers l\u2019octroi de kits d\u2019insertion et l\u2019accompagnement post formation des form\u00e9s.<\/li><\/ul>\n\n\n\n<p>La derni\u00e8re \u00e9tape de la tourn\u00e9e de l\u2019\u00e9quipe a \u00e9t\u00e9 consacr\u00e9e \u00e0 l\u2019audience foraine organis\u00e9e dans la commune de Gamadji SAR\u00c9 o\u00f9 la Projet a permis aux populations pastorales cibl\u00e9es de b\u00e9n\u00e9ficier d\u2019actes d\u2019\u00e9tat civil. Un acte salu\u00e9 notamment par les autorit\u00e9s locales, au premier rang desquelles, le Pr\u00e9fet, le Pr\u00e9sident du Tribunal d\u2019Instance et le Maire.<\/p>\n\n\n\n<p>Tirant le bilan de la tourn\u00e9e, le Coordonnateur National s\u2019est f\u00e9licit\u00e9 de l\u2019avancement des activit\u00e9s mais appelle toutes les parties prenantes, \u00e0 plus d\u2019engagement et de sensibilisation, notamment dans le cadre de la d\u00e9claration \u00e0 la naissance, seul gage de l\u2019acc\u00e8s durable des communaut\u00e9s pastorales \u00e0 l\u2019etat civil.<\/p>\n\n\n\n<p>Pour rappel, dans le cadre de la mise en \u0153uvre de la composante 4 du Projet, un objectif d\u2019enr\u00f4ler au moins 5000 pasteurs et agropasteurs a \u00e9t\u00e9 assign\u00e9 au PRAPS-2-SN d\u2019une part et d\u2019autre part de permettre \u00e0 1000 pasteurs et agropasteurs d\u2019acc\u00e9der \u00e0 une formation technique et professionnelle de qualit\u00e9.<\/p>\n\n\n\n<div class=\"wp-block-image\"><figure class=\"alignleft size-full is-resized\"><img loading=\"lazy\" decoding=\"async\" src=\"https:\/\/praps.sn\/archives\/wp-content\/uploads\/2023\/06\/Image2.jpg\" alt=\"\" class=\"wp-image-852\" width=\"414\" height=\"293\" srcset=\"https:\/\/praps.sn\/archives\/wp-content\/uploads\/2023\/06\/Image2.jpg 637w, https:\/\/praps.sn\/archives\/wp-content\/uploads\/2023\/06\/Image2-300x212.jpg 300w\" sizes=\"auto, (max-width: 414px) 100vw, 414px\" \/><\/figure><\/div>\n\n\n\n<div class=\"wp-block-image\"><figure class=\"alignright size-full is-resized\"><img loading=\"lazy\" decoding=\"async\" src=\"https:\/\/praps.sn\/archives\/wp-content\/uploads\/2023\/06\/Image3.jpg\" alt=\"\" class=\"wp-image-853\" width=\"387\" height=\"274\" srcset=\"https:\/\/praps.sn\/archives\/wp-content\/uploads\/2023\/06\/Image3.jpg 622w, https:\/\/praps.sn\/archives\/wp-content\/uploads\/2023\/06\/Image3-300x212.jpg 300w\" sizes=\"auto, (max-width: 387px) 100vw, 387px\" \/><\/figure><\/div>\n\n\n\n<p><\/p>\n\n\n\n<div class=\"wp-block-image is-style-default\"><figure class=\"alignleft size-full is-resized\"><img loading=\"lazy\" decoding=\"async\" src=\"https:\/\/praps.sn\/archives\/wp-content\/uploads\/2023\/06\/Image4.jpg\" alt=\"\" class=\"wp-image-854\" width=\"399\" height=\"264\"\/><\/figure><\/div>\n\n\n\n<figure class=\"wp-block-image size-full is-resized is-style-default\"><img loading=\"lazy\" decoding=\"async\" src=\"https:\/\/praps.sn\/archives\/wp-content\/uploads\/2023\/06\/Image6.jpg\" alt=\"\" class=\"wp-image-856\" width=\"434\" height=\"306\" srcset=\"https:\/\/praps.sn\/archives\/wp-content\/uploads\/2023\/06\/Image6.jpg 588w, https:\/\/praps.sn\/archives\/wp-content\/uploads\/2023\/06\/Image6-300x212.jpg 300w\" sizes=\"auto, (max-width: 434px) 100vw, 434px\" \/><\/figure>\n\n\n\n<div class=\"wp-block-image is-style-default\"><figure class=\"aligncenter size-full is-resized\"><img loading=\"lazy\" decoding=\"async\" src=\"https:\/\/praps.sn\/archives\/wp-content\/uploads\/2023\/06\/Image5.jpg\" alt=\"\" class=\"wp-image-855\" width=\"392\" height=\"221\"\/><\/figure><\/div>\n","protected":false},"excerpt":{"rendered":"<p>Une importante d\u00e9l\u00e9gation du Projet R\u00e9gional d\u2019Appui au Pastoralisme au Sahel conduite par son Coordonnateur National Docteur Mamadou Ousseynou SAKHO, accompagn\u00e9 des partenaires techniques de mise en \u0153uvre, \u00e0 savoir la Direction de l\u2019Apprentissage et la Direction de l\u2019\u00c9tat civil, a s\u00e9journ\u00e9 du 23 au 26 mai 2023 dans les r\u00e9gions de Louga et Saint &hellip;<\/p>\n","protected":false},"author":4,"featured_media":851,"comment_status":"closed","ping_status":"closed","sticky":false,"template":"","format":"standard","meta":{"_monsterinsights_skip_tracking":false,"_monsterinsights_sitenote_active":false,"_monsterinsights_sitenote_note":"","_monsterinsights_sitenote_category":0,"footnotes":""},"categories":[4],"tags":[],"class_list":["post-849","post","type-post","status-publish","format-standard","has-post-thumbnail","","category-a-la-une"],"yoast_head":"<!-- This site is optimized with the Yoast SEO plugin v22.7 - https:\/\/yoast.com\/wordpress\/plugins\/seo\/ -->\n<title>Formation professionnelle et appui \u00e0 l\u2019organisation des audiences foraines\u00a0: Le PRAPS-2-SN au chevet des communaut\u00e9s pastorales - PRAPS 1 SENEGAL<\/title>\n<meta name=\"robots\" content=\"index, follow, max-snippet:-1, max-image-preview:large, max-video-preview:-1\" \/>\n<link rel=\"canonical\" href=\"https:\/\/praps.sn\/archives\/formation-professionnelle-et-appui-a-lorganisation-des-audiences-foraines-le-praps-2-sn-au-chevet-des-communautes-pastorales\/\" \/>\n<meta property=\"og:locale\" content=\"fr_FR\" \/>\n<meta property=\"og:type\" content=\"article\" \/>\n<meta property=\"og:title\" content=\"Formation professionnelle et appui \u00e0 l\u2019organisation des audiences foraines\u00a0: Le PRAPS-2-SN au chevet des communaut\u00e9s pastorales - PRAPS 1 SENEGAL\" \/>\n<meta property=\"og:description\" content=\"Une importante d\u00e9l\u00e9gation du Projet R\u00e9gional d\u2019Appui au Pastoralisme au Sahel conduite par son Coordonnateur National Docteur Mamadou Ousseynou SAKHO, accompagn\u00e9 des partenaires techniques de mise en \u0153uvre, \u00e0 savoir la Direction de l\u2019Apprentissage et la Direction de l\u2019\u00c9tat civil, a s\u00e9journ\u00e9 du 23 au 26 mai 2023 dans les r\u00e9gions de Louga et Saint &hellip;\" \/>\n<meta property=\"og:url\" content=\"https:\/\/praps.sn\/archives\/formation-professionnelle-et-appui-a-lorganisation-des-audiences-foraines-le-praps-2-sn-au-chevet-des-communautes-pastorales\/\" \/>\n<meta property=\"og:site_name\" content=\"PRAPS 1 SENEGAL\" \/>\n<meta property=\"article:published_time\" content=\"2023-06-09T10:39:16+00:00\" \/>\n<meta property=\"article:modified_time\" content=\"2023-06-09T10:42:44+00:00\" \/>\n<meta property=\"og:image\" content=\"https:\/\/praps.sn\/archives\/wp-content\/uploads\/2023\/06\/Image1.jpg\" \/>\n\t<meta property=\"og:image:width\" content=\"617\" \/>\n\t<meta property=\"og:image:height\" content=\"436\" \/>\n\t<meta property=\"og:image:type\" content=\"image\/jpeg\" \/>\n<meta name=\"author\" content=\"Pape NDIAYE\" \/>\n<meta name=\"twitter:card\" content=\"summary_large_image\" \/>\n<meta name=\"twitter:label1\" content=\"\u00c9crit par\" \/>\n\t<meta name=\"twitter:data1\" content=\"Pape NDIAYE\" \/>\n\t<meta name=\"twitter:label2\" content=\"Dur\u00e9e de lecture estim\u00e9e\" \/>\n\t<meta name=\"twitter:data2\" content=\"4 minutes\" \/>\n<script type=\"application\/ld+json\" class=\"yoast-schema-graph\">{\"@context\":\"https:\/\/schema.org\",\"@graph\":[{\"@type\":\"Article\",\"@id\":\"https:\/\/praps.sn\/archives\/formation-professionnelle-et-appui-a-lorganisation-des-audiences-foraines-le-praps-2-sn-au-chevet-des-communautes-pastorales\/#article\",\"isPartOf\":{\"@id\":\"https:\/\/praps.sn\/archives\/formation-professionnelle-et-appui-a-lorganisation-des-audiences-foraines-le-praps-2-sn-au-chevet-des-communautes-pastorales\/\"},\"author\":{\"name\":\"Pape NDIAYE\",\"@id\":\"https:\/\/praps.sn\/archives\/#\/schema\/person\/31c9d59c1fbaf4328ed87af12eafe397\"},\"headline\":\"Formation professionnelle et appui \u00e0 l\u2019organisation des audiences foraines\u00a0: Le PRAPS-2-SN au chevet des communaut\u00e9s pastorales\",\"datePublished\":\"2023-06-09T10:39:16+00:00\",\"dateModified\":\"2023-06-09T10:42:44+00:00\",\"mainEntityOfPage\":{\"@id\":\"https:\/\/praps.sn\/archives\/formation-professionnelle-et-appui-a-lorganisation-des-audiences-foraines-le-praps-2-sn-au-chevet-des-communautes-pastorales\/\"},\"wordCount\":639,\"publisher\":{\"@id\":\"https:\/\/praps.sn\/archives\/#organization\"},\"image\":{\"@id\":\"https:\/\/praps.sn\/archives\/formation-professionnelle-et-appui-a-lorganisation-des-audiences-foraines-le-praps-2-sn-au-chevet-des-communautes-pastorales\/#primaryimage\"},\"thumbnailUrl\":\"https:\/\/praps.sn\/archives\/wp-content\/uploads\/2023\/06\/Image1.jpg\",\"articleSection\":[\"A la une\"],\"inLanguage\":\"fr-FR\"},{\"@type\":\"WebPage\",\"@id\":\"https:\/\/praps.sn\/archives\/formation-professionnelle-et-appui-a-lorganisation-des-audiences-foraines-le-praps-2-sn-au-chevet-des-communautes-pastorales\/\",\"url\":\"https:\/\/praps.sn\/archives\/formation-professionnelle-et-appui-a-lorganisation-des-audiences-foraines-le-praps-2-sn-au-chevet-des-communautes-pastorales\/\",\"name\":\"Formation professionnelle et appui \u00e0 l\u2019organisation des audiences foraines\u00a0: Le PRAPS-2-SN au chevet des communaut\u00e9s pastorales - PRAPS 1 SENEGAL\",\"isPartOf\":{\"@id\":\"https:\/\/praps.sn\/archives\/#website\"},\"primaryImageOfPage\":{\"@id\":\"https:\/\/praps.sn\/archives\/formation-professionnelle-et-appui-a-lorganisation-des-audiences-foraines-le-praps-2-sn-au-chevet-des-communautes-pastorales\/#primaryimage\"},\"image\":{\"@id\":\"https:\/\/praps.sn\/archives\/formation-professionnelle-et-appui-a-lorganisation-des-audiences-foraines-le-praps-2-sn-au-chevet-des-communautes-pastorales\/#primaryimage\"},\"thumbnailUrl\":\"https:\/\/praps.sn\/archives\/wp-content\/uploads\/2023\/06\/Image1.jpg\",\"datePublished\":\"2023-06-09T10:39:16+00:00\",\"dateModified\":\"2023-06-09T10:42:44+00:00\",\"breadcrumb\":{\"@id\":\"https:\/\/praps.sn\/archives\/formation-professionnelle-et-appui-a-lorganisation-des-audiences-foraines-le-praps-2-sn-au-chevet-des-communautes-pastorales\/#breadcrumb\"},\"inLanguage\":\"fr-FR\",\"potentialAction\":[{\"@type\":\"ReadAction\",\"target\":[\"https:\/\/praps.sn\/archives\/formation-professionnelle-et-appui-a-lorganisation-des-audiences-foraines-le-praps-2-sn-au-chevet-des-communautes-pastorales\/\"]}]},{\"@type\":\"ImageObject\",\"inLanguage\":\"fr-FR\",\"@id\":\"https:\/\/praps.sn\/archives\/formation-professionnelle-et-appui-a-lorganisation-des-audiences-foraines-le-praps-2-sn-au-chevet-des-communautes-pastorales\/#primaryimage\",\"url\":\"https:\/\/praps.sn\/archives\/wp-content\/uploads\/2023\/06\/Image1.jpg\",\"contentUrl\":\"https:\/\/praps.sn\/archives\/wp-content\/uploads\/2023\/06\/Image1.jpg\",\"width\":617,\"height\":436},{\"@type\":\"BreadcrumbList\",\"@id\":\"https:\/\/praps.sn\/archives\/formation-professionnelle-et-appui-a-lorganisation-des-audiences-foraines-le-praps-2-sn-au-chevet-des-communautes-pastorales\/#breadcrumb\",\"itemListElement\":[{\"@type\":\"ListItem\",\"position\":1,\"name\":\"Home\",\"item\":\"https:\/\/praps.sn\/archives\/\"},{\"@type\":\"ListItem\",\"position\":2,\"name\":\"Formation professionnelle et appui \u00e0 l\u2019organisation des audiences foraines\u00a0: Le PRAPS-2-SN au chevet des communaut\u00e9s pastorales\"}]},{\"@type\":\"WebSite\",\"@id\":\"https:\/\/praps.sn\/archives\/#website\",\"url\":\"https:\/\/praps.sn\/archives\/\",\"name\":\"PRAPS SENEGAL\",\"description\":\"Projet d&#039;Appui au Pastoralisme au Sahel-Phase 1\",\"publisher\":{\"@id\":\"https:\/\/praps.sn\/archives\/#organization\"},\"potentialAction\":[{\"@type\":\"SearchAction\",\"target\":{\"@type\":\"EntryPoint\",\"urlTemplate\":\"https:\/\/praps.sn\/archives\/?s={search_term_string}\"},\"query-input\":\"required name=search_term_string\"}],\"inLanguage\":\"fr-FR\"},{\"@type\":\"Organization\",\"@id\":\"https:\/\/praps.sn\/archives\/#organization\",\"name\":\"PRAPS S\u00e9n\u00e9gal\",\"url\":\"https:\/\/praps.sn\/archives\/\",\"logo\":{\"@type\":\"ImageObject\",\"inLanguage\":\"fr-FR\",\"@id\":\"https:\/\/praps.sn\/archives\/#\/schema\/logo\/image\/\",\"url\":\"https:\/\/praps.sn\/archives\/wp-content\/uploads\/2019\/09\/banniere_praps-1.png\",\"contentUrl\":\"https:\/\/praps.sn\/archives\/wp-content\/uploads\/2019\/09\/banniere_praps-1.png\",\"width\":159,\"height\":154,\"caption\":\"PRAPS S\u00e9n\u00e9gal\"},\"image\":{\"@id\":\"https:\/\/praps.sn\/archives\/#\/schema\/logo\/image\/\"}},{\"@type\":\"Person\",\"@id\":\"https:\/\/praps.sn\/archives\/#\/schema\/person\/31c9d59c1fbaf4328ed87af12eafe397\",\"name\":\"Pape NDIAYE\"}]}<\/script>\n<!-- \/ Yoast SEO plugin. -->","yoast_head_json":{"title":"Formation professionnelle et appui \u00e0 l\u2019organisation des audiences foraines\u00a0: Le PRAPS-2-SN au chevet des communaut\u00e9s pastorales - PRAPS 1 SENEGAL","robots":{"index":"index","follow":"follow","max-snippet":"max-snippet:-1","max-image-preview":"max-image-preview:large","max-video-preview":"max-video-preview:-1"},"canonical":"https:\/\/praps.sn\/archives\/formation-professionnelle-et-appui-a-lorganisation-des-audiences-foraines-le-praps-2-sn-au-chevet-des-communautes-pastorales\/","og_locale":"fr_FR","og_type":"article","og_title":"Formation professionnelle et appui \u00e0 l\u2019organisation des audiences foraines\u00a0: Le PRAPS-2-SN au chevet des communaut\u00e9s pastorales - PRAPS 1 SENEGAL","og_description":"Une importante d\u00e9l\u00e9gation du Projet R\u00e9gional d\u2019Appui au Pastoralisme au Sahel conduite par son Coordonnateur National Docteur Mamadou Ousseynou SAKHO, accompagn\u00e9 des partenaires techniques de mise en \u0153uvre, \u00e0 savoir la Direction de l\u2019Apprentissage et la Direction de l\u2019\u00c9tat civil, a s\u00e9journ\u00e9 du 23 au 26 mai 2023 dans les r\u00e9gions de Louga et Saint &hellip;","og_url":"https:\/\/praps.sn\/archives\/formation-professionnelle-et-appui-a-lorganisation-des-audiences-foraines-le-praps-2-sn-au-chevet-des-communautes-pastorales\/","og_site_name":"PRAPS 1 SENEGAL","article_published_time":"2023-06-09T10:39:16+00:00","article_modified_time":"2023-06-09T10:42:44+00:00","og_image":[{"width":617,"height":436,"url":"https:\/\/praps.sn\/archives\/wp-content\/uploads\/2023\/06\/Image1.jpg","type":"image\/jpeg"}],"author":"Pape NDIAYE","twitter_card":"summary_large_image","twitter_misc":{"\u00c9crit par":"Pape NDIAYE","Dur\u00e9e de lecture estim\u00e9e":"4 minutes"},"schema":{"@context":"https:\/\/schema.org","@graph":[{"@type":"Article","@id":"https:\/\/praps.sn\/archives\/formation-professionnelle-et-appui-a-lorganisation-des-audiences-foraines-le-praps-2-sn-au-chevet-des-communautes-pastorales\/#article","isPartOf":{"@id":"https:\/\/praps.sn\/archives\/formation-professionnelle-et-appui-a-lorganisation-des-audiences-foraines-le-praps-2-sn-au-chevet-des-communautes-pastorales\/"},"author":{"name":"Pape NDIAYE","@id":"https:\/\/praps.sn\/archives\/#\/schema\/person\/31c9d59c1fbaf4328ed87af12eafe397"},"headline":"Formation professionnelle et appui \u00e0 l\u2019organisation des audiences foraines\u00a0: Le PRAPS-2-SN au chevet des communaut\u00e9s pastorales","datePublished":"2023-06-09T10:39:16+00:00","dateModified":"2023-06-09T10:42:44+00:00","mainEntityOfPage":{"@id":"https:\/\/praps.sn\/archives\/formation-professionnelle-et-appui-a-lorganisation-des-audiences-foraines-le-praps-2-sn-au-chevet-des-communautes-pastorales\/"},"wordCount":639,"publisher":{"@id":"https:\/\/praps.sn\/archives\/#organization"},"image":{"@id":"https:\/\/praps.sn\/archives\/formation-professionnelle-et-appui-a-lorganisation-des-audiences-foraines-le-praps-2-sn-au-chevet-des-communautes-pastorales\/#primaryimage"},"thumbnailUrl":"https:\/\/praps.sn\/archives\/wp-content\/uploads\/2023\/06\/Image1.jpg","articleSection":["A la une"],"inLanguage":"fr-FR"},{"@type":"WebPage","@id":"https:\/\/praps.sn\/archives\/formation-professionnelle-et-appui-a-lorganisation-des-audiences-foraines-le-praps-2-sn-au-chevet-des-communautes-pastorales\/","url":"https:\/\/praps.sn\/archives\/formation-professionnelle-et-appui-a-lorganisation-des-audiences-foraines-le-praps-2-sn-au-chevet-des-communautes-pastorales\/","name":"Formation professionnelle et appui \u00e0 l\u2019organisation des audiences foraines\u00a0: Le PRAPS-2-SN au chevet des communaut\u00e9s pastorales - PRAPS 1 SENEGAL","isPartOf":{"@id":"https:\/\/praps.sn\/archives\/#website"},"primaryImageOfPage":{"@id":"https:\/\/praps.sn\/archives\/formation-professionnelle-et-appui-a-lorganisation-des-audiences-foraines-le-praps-2-sn-au-chevet-des-communautes-pastorales\/#primaryimage"},"image":{"@id":"https:\/\/praps.sn\/archives\/formation-professionnelle-et-appui-a-lorganisation-des-audiences-foraines-le-praps-2-sn-au-chevet-des-communautes-pastorales\/#primaryimage"},"thumbnailUrl":"https:\/\/praps.sn\/archives\/wp-content\/uploads\/2023\/06\/Image1.jpg","datePublished":"2023-06-09T10:39:16+00:00","dateModified":"2023-06-09T10:42:44+00:00","breadcrumb":{"@id":"https:\/\/praps.sn\/archives\/formation-professionnelle-et-appui-a-lorganisation-des-audiences-foraines-le-praps-2-sn-au-chevet-des-communautes-pastorales\/#breadcrumb"},"inLanguage":"fr-FR","potentialAction":[{"@type":"ReadAction","target":["https:\/\/praps.sn\/archives\/formation-professionnelle-et-appui-a-lorganisation-des-audiences-foraines-le-praps-2-sn-au-chevet-des-communautes-pastorales\/"]}]},{"@type":"ImageObject","inLanguage":"fr-FR","@id":"https:\/\/praps.sn\/archives\/formation-professionnelle-et-appui-a-lorganisation-des-audiences-foraines-le-praps-2-sn-au-chevet-des-communautes-pastorales\/#primaryimage","url":"https:\/\/praps.sn\/archives\/wp-content\/uploads\/2023\/06\/Image1.jpg","contentUrl":"https:\/\/praps.sn\/archives\/wp-content\/uploads\/2023\/06\/Image1.jpg","width":617,"height":436},{"@type":"BreadcrumbList","@id":"https:\/\/praps.sn\/archives\/formation-professionnelle-et-appui-a-lorganisation-des-audiences-foraines-le-praps-2-sn-au-chevet-des-communautes-pastorales\/#breadcrumb","itemListElement":[{"@type":"ListItem","position":1,"name":"Home","item":"https:\/\/praps.sn\/archives\/"},{"@type":"ListItem","position":2,"name":"Formation professionnelle et appui \u00e0 l\u2019organisation des audiences foraines\u00a0: Le PRAPS-2-SN au chevet des communaut\u00e9s pastorales"}]},{"@type":"WebSite","@id":"https:\/\/praps.sn\/archives\/#website","url":"https:\/\/praps.sn\/archives\/","name":"PRAPS SENEGAL","description":"Projet d&#039;Appui au Pastoralisme au Sahel-Phase 1","publisher":{"@id":"https:\/\/praps.sn\/archives\/#organization"},"potentialAction":[{"@type":"SearchAction","target":{"@type":"EntryPoint","urlTemplate":"https:\/\/praps.sn\/archives\/?s={search_term_string}"},"query-input":"required name=search_term_string"}],"inLanguage":"fr-FR"},{"@type":"Organization","@id":"https:\/\/praps.sn\/archives\/#organization","name":"PRAPS S\u00e9n\u00e9gal","url":"https:\/\/praps.sn\/archives\/","logo":{"@type":"ImageObject","inLanguage":"fr-FR","@id":"https:\/\/praps.sn\/archives\/#\/schema\/logo\/image\/","url":"https:\/\/praps.sn\/archives\/wp-content\/uploads\/2019\/09\/banniere_praps-1.png","contentUrl":"https:\/\/praps.sn\/archives\/wp-content\/uploads\/2019\/09\/banniere_praps-1.png","width":159,"height":154,"caption":"PRAPS S\u00e9n\u00e9gal"},"image":{"@id":"https:\/\/praps.sn\/archives\/#\/schema\/logo\/image\/"}},{"@type":"Person","@id":"https:\/\/praps.sn\/archives\/#\/schema\/person\/31c9d59c1fbaf4328ed87af12eafe397","name":"Pape NDIAYE"}]}},"_links":{"self":[{"href":"https:\/\/praps.sn\/archives\/wp-json\/wp\/v2\/posts\/849","targetHints":{"allow":["GET"]}}],"collection":[{"href":"https:\/\/praps.sn\/archives\/wp-json\/wp\/v2\/posts"}],"about":[{"href":"https:\/\/praps.sn\/archives\/wp-json\/wp\/v2\/types\/post"}],"author":[{"embeddable":true,"href":"https:\/\/praps.sn\/archives\/wp-json\/wp\/v2\/users\/4"}],"replies":[{"embeddable":true,"href":"https:\/\/praps.sn\/archives\/wp-json\/wp\/v2\/comments?post=849"}],"version-history":[{"count":1,"href":"https:\/\/praps.sn\/archives\/wp-json\/wp\/v2\/posts\/849\/revisions"}],"predecessor-version":[{"id":857,"href":"https:\/\/praps.sn\/archives\/wp-json\/wp\/v2\/posts\/849\/revisions\/857"}],"wp:featuredmedia":[{"embeddable":true,"href":"https:\/\/praps.sn\/archives\/wp-json\/wp\/v2\/media\/851"}],"wp:attachment":[{"href":"https:\/\/praps.sn\/archives\/wp-json\/wp\/v2\/media?parent=849"}],"wp:term":[{"taxonomy":"category","embeddable":true,"href":"https:\/\/praps.sn\/archives\/wp-json\/wp\/v2\/categories?post=849"},{"taxonomy":"post_tag","embeddable":true,"href":"https:\/\/praps.sn\/archives\/wp-json\/wp\/v2\/tags?post=849"}],"curies":[{"name":"wp","href":"https:\/\/api.w.org\/{rel}","templated":true}]}}