{"id":844,"date":"2023-05-11T16:45:24","date_gmt":"2023-05-11T15:45:24","guid":{"rendered":"https:\/\/praps.sn\/archives\/?p=844"},"modified":"2023-05-11T16:45:26","modified_gmt":"2023-05-11T15:45:26","slug":"methodologie-dinspection-et-dorganisation-des-dispositifs-de-controle-des-medicaments-veterinaires-le-praps2-renforce-les-capacites-dexperts-des-services-veterinaires","status":"publish","type":"post","link":"https:\/\/praps.sn\/archives\/methodologie-dinspection-et-dorganisation-des-dispositifs-de-controle-des-medicaments-veterinaires-le-praps2-renforce-les-capacites-dexperts-des-services-veterinaires\/","title":{"rendered":"M\u00e9thodologie d\u2019inspection et d\u2019organisation des dispositifs de contr\u00f4le des m\u00e9dicaments v\u00e9t\u00e9rinaires\u00a0: Le PRAPS2 renforce les capacit\u00e9s d\u2019experts des Services v\u00e9t\u00e9rinaires des six pays b\u00e9n\u00e9ficiaires"},"content":{"rendered":"\n<p><strong>Saly( S\u00e9n\u00e9gal), le 08 mai 2023&nbsp;:<\/strong><\/p>\n\n\n\n<p>Plus de vingt experts en sant\u00e9 animale des six pays b\u00e9n\u00e9ficiaires du Projet r\u00e9gional d\u2019Appui au Pastoralisme au Sahel-phase 2 (PRAPS II), financ\u00e9 avec l\u2019appui de la Banque mondiale, se r\u00e9unissent au S\u00e9n\u00e9gal, du 08 au 12 mai 2023 \u00e0 Saly, pour une session de formation sur&nbsp;la m\u00e9thodologie d\u2019inspection et l\u2019 organisation des dispositifs de contr\u00f4le des m\u00e9dicaments v\u00e9t\u00e9rinaires&nbsp;.<\/p>\n\n\n\n<p>Cet atelier r\u00e9gional est organis\u00e9 par la Coordination technique de l\u2019Organisation Mondiale de la Sant\u00e9 animale (OMSA) charg\u00e9e de la mise en \u0153uvre de la sous-composante 1.1 \u00ab Assistance technique cibl\u00e9e de la composante sant\u00e9 I du PRAPS II&nbsp;: \u00ab&nbsp;Am\u00e9lioration de la Sant\u00e9 animale et le contr\u00f4le des m\u00e9dicaments v\u00e9t\u00e9rinaires&nbsp;\u00bb.<\/p>\n\n\n\n<p>Cette formation est essentielle pour la protection de la sant\u00e9 animale et la pr\u00e9servation de la sant\u00e9 publique, compte tenu des manquements notoires constat\u00e9s dans le march\u00e9 des m\u00e9dicaments v\u00e9t\u00e9rinaire \u00e0 savoir&nbsp;: de mauvaise condition de conservation des produits, existence de circuits illicites de vente de m\u00e9dicaments v\u00e9t\u00e9rinaires contrefaits, administration des produits aux animaux par des non-initi\u00e9s sans supervision v\u00e9t\u00e9rinaire etc.. Face \u00e0 une situation aussi pr\u00e9occupante pour la protection de la sant\u00e9 animale et humaine, dans un contexte&nbsp; de d\u00e9veloppement de l\u2019antibior\u00e9sistance, le renforcement des capacit\u00e9s des experts des Services v\u00e9t\u00e9rinaires, pour la ma\u00eetrise des proc\u00e9dures d\u2019inspection et l\u2019am\u00e9lioration de leurs connaissances sur l\u2019organisation, la planification et la gestion des dispositifs de contr\u00f4le des m\u00e9dicaments v\u00e9t\u00e9rinaires, doit \u00eatre \u00e9rig\u00e9 au rang des premi\u00e8res priorit\u00e9s, particuli\u00e8rement dans le cadre de l\u2019approche One Health.<\/p>\n\n\n\n<p>La c\u00e9r\u00e9monie d\u2019ouverture de l\u2019atelier a \u00e9t\u00e9 marqu\u00e9e par un certain nombre d\u2019allocutions&nbsp;:<\/p>\n\n\n\n<p>Au nom du Professeur Idriss&nbsp;&nbsp; Oumar Alfaroukh, Coordonnateur Technique&nbsp;&nbsp; de l\u2019OMSA&nbsp; pour le PRAPS2 emp\u00each\u00e9, Docteur Anta DIAGNE a tout d\u2019abord pr\u00e9sent\u00e9 les excuses &nbsp;du Professeur et insist\u00e9 sur l\u2019importance de cette session de formation &nbsp;pour le projet qui accompagne les services v\u00e9t\u00e9rinaires pour la surveillance et le contr\u00f4le harmonis\u00e9s des maladies contagieuses animales prioritaires et notamment pour la mise en \u0153uvre des Plans nationaux strat\u00e9giques d\u2019\u00e9radication de la Peste des Petits ruminants et du contr\u00f4le de la p\u00e9ripneumonie contagieuse bovine .<\/p>\n\n\n\n<p>Le Dr Joseph Sawadogo du Centre r\u00e9gional de Sant\u00e9 animale (CRSA\/CEDAO) charg\u00e9e de la sous composante 1.2 \u00ab&nbsp;Int\u00e9gration r\u00e9gionale des politiques, harmonisation r\u00e9glementaire et coordination des pays en mati\u00e8re de gestion de la sant\u00e9 animale \u00bb de la Composante 1 du PRAPS2, a pris la parole au nom de sa Directrice pour remercier l\u2019OMSA de cette invitation. Dans son allocution il a soulign\u00e9 l\u2019existence au niveau de la CEDEAO de textes communautaires r\u00e9gissant les m\u00e9dicaments v\u00e9t\u00e9rinaires depuis plus d\u2019une dizaine d\u2019ann\u00e9es mais qui malheureusement ne sont pas toujours appliqu\u00e9s. Cette situation selon lui est \u00e0 l\u2019origine d\u2019un certain nombre de difficult\u00e9s, dont l\u2019insuffisance du contr\u00f4le, la multiplicit\u00e9 des acteurs, l\u2019absence de synergie, exposant ainsi les populations \u00e0 des risques sanitaires<\/p>\n\n\n\n<p>A sa suite, le Professeur TECKO, repr\u00e9sentant du Directeur&nbsp; de l\u2019EISMV&nbsp; a livr\u00e9 son allocution, en mettant \u2019accent sur les diff\u00e9rentes activit\u00e9s men\u00e9es par son institution qui dispose d\u2019un laboratoire de contr\u00f4le des m\u00e9dicaments v\u00e9t\u00e9rinaires (LACOMEV), agr\u00e9\u00e9 par l\u2019UEMOA et qui est un partenaire des Directions des Services v\u00e9t\u00e9rinaires de plusieurs pays de l\u2019Afrique de l\u2019Ouest pour le suivi de la qualit\u00e9 des m\u00e9dicaments v\u00e9t\u00e9rinaires. Il a \u00e9galement soulign\u00e9 les efforts fournis par le gouvernement des pays et remercie du S\u00e9n\u00e9gal pour son soutien constant.<\/p>\n\n\n\n<p>Venu repr\u00e9senter le Directeur des services v\u00e9t\u00e9rinaires du S\u00e9n\u00e9gal, le Docteur Malick Tine, a soulign\u00e9 l\u2019importance qu\u2019accorde sa direction \u00e0 cette importante activit\u00e9 et renouvelle ses remerciements \u00e0 la Banque Mondiale, au CILSS mais aussi \u00e0 l\u2019Unit\u00e9 de Coordination du PRAPS-2-SN pour leur soutien constant.<\/p>\n\n\n\n<p>Venu pr\u00e9sider la c\u00e9r\u00e9monie d\u2019ouverture au nom du gouvernement du S\u00e9n\u00e9gal, notamment du Premier Ministre Amadou BA, en charge du Minist\u00e8re de l\u2019\u00c9levage et des Productions Animales, le Docteur Mamadou Ousseynou SAKHO, Coordonnateur National du PRAPS-2-SN a d\u2019embl\u00e9e salu\u00e9 le choix port\u00e9 sur le S\u00e9n\u00e9gal pour abriter cette importante session de formation \u00e0 l\u2019endroit des cadres des services v\u00e9t\u00e9rinaires des six pays du PRAPS2.<\/p>\n\n\n\n<p>Il a&nbsp; soulign\u00e9 l\u2019importance que rev\u00eat cette session compte tenu de toutes les attentes qui en sont escompt\u00e9es pour la promotion de l\u2019industrie pharmaceutique, la protection de la &nbsp;sant\u00e9 animale, la pr\u00e9servation de la sant\u00e9 publique et partant &nbsp;&nbsp;pour le renforcement de l\u2019\u00e9conomie de nos pays respectifs.<\/p>\n\n\n\n<p>En outre, il a rappel\u00e9 l\u2019importance d\u2019une harmonisation des approches pour le contr\u00f4le et l\u2019inspection au niveau des diff\u00e9rents maillons de la chaine de valeur des m\u00e9dicaments v\u00e9t\u00e9rinaires allant de la fabrication, \u00e0 l\u2019utilisation des m\u00e9dicaments et voire jusqu\u2019\u00e0 la gestion des d\u00e9chets biom\u00e9dicaux.<\/p>\n\n\n\n<figure class=\"wp-block-image size-large is-resized\"><img loading=\"lazy\" decoding=\"async\" src=\"https:\/\/praps.sn\/archives\/wp-content\/uploads\/2023\/05\/11052-1024x660.jpg\" alt=\"\" class=\"wp-image-846\" width=\"688\" height=\"443\" srcset=\"https:\/\/praps.sn\/archives\/wp-content\/uploads\/2023\/05\/11052-1024x660.jpg 1024w, https:\/\/praps.sn\/archives\/wp-content\/uploads\/2023\/05\/11052-300x193.jpg 300w, https:\/\/praps.sn\/archives\/wp-content\/uploads\/2023\/05\/11052-768x495.jpg 768w, https:\/\/praps.sn\/archives\/wp-content\/uploads\/2023\/05\/11052.jpg 1184w\" sizes=\"auto, (max-width: 688px) 100vw, 688px\" \/><\/figure>\n","protected":false},"excerpt":{"rendered":"<p>Saly( S\u00e9n\u00e9gal), le 08 mai 2023&nbsp;: Plus de vingt experts en sant\u00e9 animale des six pays b\u00e9n\u00e9ficiaires du Projet r\u00e9gional d\u2019Appui au Pastoralisme au Sahel-phase 2 (PRAPS II), financ\u00e9 avec l\u2019appui de la Banque mondiale, se r\u00e9unissent au S\u00e9n\u00e9gal, du 08 au 12 mai 2023 \u00e0 Saly, pour une session de formation sur&nbsp;la m\u00e9thodologie d\u2019inspection &hellip;<\/p>\n","protected":false},"author":4,"featured_media":845,"comment_status":"closed","ping_status":"closed","sticky":false,"template":"","format":"standard","meta":{"_monsterinsights_skip_tracking":false,"_monsterinsights_sitenote_active":false,"_monsterinsights_sitenote_note":"","_monsterinsights_sitenote_category":0,"footnotes":""},"categories":[4],"tags":[],"class_list":["post-844","post","type-post","status-publish","format-standard","has-post-thumbnail","","category-a-la-une"],"yoast_head":"<!-- This site is optimized with the Yoast SEO plugin v22.7 - https:\/\/yoast.com\/wordpress\/plugins\/seo\/ -->\n<title>M\u00e9thodologie d\u2019inspection et d\u2019organisation des dispositifs de contr\u00f4le des m\u00e9dicaments v\u00e9t\u00e9rinaires\u00a0: Le PRAPS2 renforce les capacit\u00e9s d\u2019experts des Services v\u00e9t\u00e9rinaires des six pays b\u00e9n\u00e9ficiaires - PRAPS 1 SENEGAL<\/title>\n<meta name=\"robots\" content=\"index, follow, max-snippet:-1, max-image-preview:large, max-video-preview:-1\" \/>\n<link rel=\"canonical\" href=\"https:\/\/praps.sn\/archives\/methodologie-dinspection-et-dorganisation-des-dispositifs-de-controle-des-medicaments-veterinaires-le-praps2-renforce-les-capacites-dexperts-des-services-veterinaires\/\" \/>\n<meta property=\"og:locale\" content=\"fr_FR\" \/>\n<meta property=\"og:type\" content=\"article\" \/>\n<meta property=\"og:title\" content=\"M\u00e9thodologie d\u2019inspection et d\u2019organisation des dispositifs de contr\u00f4le des m\u00e9dicaments v\u00e9t\u00e9rinaires\u00a0: Le PRAPS2 renforce les capacit\u00e9s d\u2019experts des Services v\u00e9t\u00e9rinaires des six pays b\u00e9n\u00e9ficiaires - PRAPS 1 SENEGAL\" \/>\n<meta property=\"og:description\" content=\"Saly( S\u00e9n\u00e9gal), le 08 mai 2023&nbsp;: Plus de vingt experts en sant\u00e9 animale des six pays b\u00e9n\u00e9ficiaires du Projet r\u00e9gional d\u2019Appui au Pastoralisme au Sahel-phase 2 (PRAPS II), financ\u00e9 avec l\u2019appui de la Banque mondiale, se r\u00e9unissent au S\u00e9n\u00e9gal, du 08 au 12 mai 2023 \u00e0 Saly, pour une session de formation sur&nbsp;la m\u00e9thodologie d\u2019inspection &hellip;\" \/>\n<meta property=\"og:url\" content=\"https:\/\/praps.sn\/archives\/methodologie-dinspection-et-dorganisation-des-dispositifs-de-controle-des-medicaments-veterinaires-le-praps2-renforce-les-capacites-dexperts-des-services-veterinaires\/\" \/>\n<meta property=\"og:site_name\" content=\"PRAPS 1 SENEGAL\" \/>\n<meta property=\"article:published_time\" content=\"2023-05-11T15:45:24+00:00\" \/>\n<meta property=\"article:modified_time\" content=\"2023-05-11T15:45:26+00:00\" \/>\n<meta property=\"og:image\" content=\"https:\/\/praps.sn\/archives\/wp-content\/uploads\/2023\/05\/11051.jpg\" \/>\n\t<meta property=\"og:image:width\" content=\"1331\" \/>\n\t<meta property=\"og:image:height\" content=\"704\" \/>\n\t<meta property=\"og:image:type\" content=\"image\/jpeg\" \/>\n<meta name=\"author\" content=\"Pape NDIAYE\" \/>\n<meta name=\"twitter:card\" content=\"summary_large_image\" \/>\n<meta name=\"twitter:label1\" content=\"\u00c9crit par\" \/>\n\t<meta name=\"twitter:data1\" content=\"Pape NDIAYE\" \/>\n\t<meta name=\"twitter:label2\" content=\"Dur\u00e9e de lecture estim\u00e9e\" \/>\n\t<meta name=\"twitter:data2\" content=\"5 minutes\" \/>\n<script type=\"application\/ld+json\" class=\"yoast-schema-graph\">{\"@context\":\"https:\/\/schema.org\",\"@graph\":[{\"@type\":\"Article\",\"@id\":\"https:\/\/praps.sn\/archives\/methodologie-dinspection-et-dorganisation-des-dispositifs-de-controle-des-medicaments-veterinaires-le-praps2-renforce-les-capacites-dexperts-des-services-veterinaires\/#article\",\"isPartOf\":{\"@id\":\"https:\/\/praps.sn\/archives\/methodologie-dinspection-et-dorganisation-des-dispositifs-de-controle-des-medicaments-veterinaires-le-praps2-renforce-les-capacites-dexperts-des-services-veterinaires\/\"},\"author\":{\"name\":\"Pape NDIAYE\",\"@id\":\"https:\/\/praps.sn\/archives\/#\/schema\/person\/31c9d59c1fbaf4328ed87af12eafe397\"},\"headline\":\"M\u00e9thodologie d\u2019inspection et d\u2019organisation des dispositifs de contr\u00f4le des m\u00e9dicaments v\u00e9t\u00e9rinaires\u00a0: Le PRAPS2 renforce les capacit\u00e9s d\u2019experts des Services v\u00e9t\u00e9rinaires des six pays b\u00e9n\u00e9ficiaires\",\"datePublished\":\"2023-05-11T15:45:24+00:00\",\"dateModified\":\"2023-05-11T15:45:26+00:00\",\"mainEntityOfPage\":{\"@id\":\"https:\/\/praps.sn\/archives\/methodologie-dinspection-et-dorganisation-des-dispositifs-de-controle-des-medicaments-veterinaires-le-praps2-renforce-les-capacites-dexperts-des-services-veterinaires\/\"},\"wordCount\":949,\"publisher\":{\"@id\":\"https:\/\/praps.sn\/archives\/#organization\"},\"image\":{\"@id\":\"https:\/\/praps.sn\/archives\/methodologie-dinspection-et-dorganisation-des-dispositifs-de-controle-des-medicaments-veterinaires-le-praps2-renforce-les-capacites-dexperts-des-services-veterinaires\/#primaryimage\"},\"thumbnailUrl\":\"https:\/\/praps.sn\/archives\/wp-content\/uploads\/2023\/05\/11051.jpg\",\"articleSection\":[\"A la une\"],\"inLanguage\":\"fr-FR\"},{\"@type\":\"WebPage\",\"@id\":\"https:\/\/praps.sn\/archives\/methodologie-dinspection-et-dorganisation-des-dispositifs-de-controle-des-medicaments-veterinaires-le-praps2-renforce-les-capacites-dexperts-des-services-veterinaires\/\",\"url\":\"https:\/\/praps.sn\/archives\/methodologie-dinspection-et-dorganisation-des-dispositifs-de-controle-des-medicaments-veterinaires-le-praps2-renforce-les-capacites-dexperts-des-services-veterinaires\/\",\"name\":\"M\u00e9thodologie d\u2019inspection et d\u2019organisation des dispositifs de contr\u00f4le des m\u00e9dicaments v\u00e9t\u00e9rinaires\u00a0: Le PRAPS2 renforce les capacit\u00e9s d\u2019experts des Services v\u00e9t\u00e9rinaires des six pays b\u00e9n\u00e9ficiaires - PRAPS 1 SENEGAL\",\"isPartOf\":{\"@id\":\"https:\/\/praps.sn\/archives\/#website\"},\"primaryImageOfPage\":{\"@id\":\"https:\/\/praps.sn\/archives\/methodologie-dinspection-et-dorganisation-des-dispositifs-de-controle-des-medicaments-veterinaires-le-praps2-renforce-les-capacites-dexperts-des-services-veterinaires\/#primaryimage\"},\"image\":{\"@id\":\"https:\/\/praps.sn\/archives\/methodologie-dinspection-et-dorganisation-des-dispositifs-de-controle-des-medicaments-veterinaires-le-praps2-renforce-les-capacites-dexperts-des-services-veterinaires\/#primaryimage\"},\"thumbnailUrl\":\"https:\/\/praps.sn\/archives\/wp-content\/uploads\/2023\/05\/11051.jpg\",\"datePublished\":\"2023-05-11T15:45:24+00:00\",\"dateModified\":\"2023-05-11T15:45:26+00:00\",\"breadcrumb\":{\"@id\":\"https:\/\/praps.sn\/archives\/methodologie-dinspection-et-dorganisation-des-dispositifs-de-controle-des-medicaments-veterinaires-le-praps2-renforce-les-capacites-dexperts-des-services-veterinaires\/#breadcrumb\"},\"inLanguage\":\"fr-FR\",\"potentialAction\":[{\"@type\":\"ReadAction\",\"target\":[\"https:\/\/praps.sn\/archives\/methodologie-dinspection-et-dorganisation-des-dispositifs-de-controle-des-medicaments-veterinaires-le-praps2-renforce-les-capacites-dexperts-des-services-veterinaires\/\"]}]},{\"@type\":\"ImageObject\",\"inLanguage\":\"fr-FR\",\"@id\":\"https:\/\/praps.sn\/archives\/methodologie-dinspection-et-dorganisation-des-dispositifs-de-controle-des-medicaments-veterinaires-le-praps2-renforce-les-capacites-dexperts-des-services-veterinaires\/#primaryimage\",\"url\":\"https:\/\/praps.sn\/archives\/wp-content\/uploads\/2023\/05\/11051.jpg\",\"contentUrl\":\"https:\/\/praps.sn\/archives\/wp-content\/uploads\/2023\/05\/11051.jpg\",\"width\":1331,\"height\":704},{\"@type\":\"BreadcrumbList\",\"@id\":\"https:\/\/praps.sn\/archives\/methodologie-dinspection-et-dorganisation-des-dispositifs-de-controle-des-medicaments-veterinaires-le-praps2-renforce-les-capacites-dexperts-des-services-veterinaires\/#breadcrumb\",\"itemListElement\":[{\"@type\":\"ListItem\",\"position\":1,\"name\":\"Home\",\"item\":\"https:\/\/praps.sn\/archives\/\"},{\"@type\":\"ListItem\",\"position\":2,\"name\":\"M\u00e9thodologie d\u2019inspection et d\u2019organisation des dispositifs de contr\u00f4le des m\u00e9dicaments v\u00e9t\u00e9rinaires\u00a0: Le PRAPS2 renforce les capacit\u00e9s d\u2019experts des Services v\u00e9t\u00e9rinaires des six pays b\u00e9n\u00e9ficiaires\"}]},{\"@type\":\"WebSite\",\"@id\":\"https:\/\/praps.sn\/archives\/#website\",\"url\":\"https:\/\/praps.sn\/archives\/\",\"name\":\"PRAPS SENEGAL\",\"description\":\"Projet d&#039;Appui au Pastoralisme au Sahel-Phase 1\",\"publisher\":{\"@id\":\"https:\/\/praps.sn\/archives\/#organization\"},\"potentialAction\":[{\"@type\":\"SearchAction\",\"target\":{\"@type\":\"EntryPoint\",\"urlTemplate\":\"https:\/\/praps.sn\/archives\/?s={search_term_string}\"},\"query-input\":\"required name=search_term_string\"}],\"inLanguage\":\"fr-FR\"},{\"@type\":\"Organization\",\"@id\":\"https:\/\/praps.sn\/archives\/#organization\",\"name\":\"PRAPS S\u00e9n\u00e9gal\",\"url\":\"https:\/\/praps.sn\/archives\/\",\"logo\":{\"@type\":\"ImageObject\",\"inLanguage\":\"fr-FR\",\"@id\":\"https:\/\/praps.sn\/archives\/#\/schema\/logo\/image\/\",\"url\":\"https:\/\/praps.sn\/archives\/wp-content\/uploads\/2019\/09\/banniere_praps-1.png\",\"contentUrl\":\"https:\/\/praps.sn\/archives\/wp-content\/uploads\/2019\/09\/banniere_praps-1.png\",\"width\":159,\"height\":154,\"caption\":\"PRAPS S\u00e9n\u00e9gal\"},\"image\":{\"@id\":\"https:\/\/praps.sn\/archives\/#\/schema\/logo\/image\/\"}},{\"@type\":\"Person\",\"@id\":\"https:\/\/praps.sn\/archives\/#\/schema\/person\/31c9d59c1fbaf4328ed87af12eafe397\",\"name\":\"Pape NDIAYE\"}]}<\/script>\n<!-- \/ Yoast SEO plugin. -->","yoast_head_json":{"title":"M\u00e9thodologie d\u2019inspection et d\u2019organisation des dispositifs de contr\u00f4le des m\u00e9dicaments v\u00e9t\u00e9rinaires\u00a0: Le PRAPS2 renforce les capacit\u00e9s d\u2019experts des Services v\u00e9t\u00e9rinaires des six pays b\u00e9n\u00e9ficiaires - PRAPS 1 SENEGAL","robots":{"index":"index","follow":"follow","max-snippet":"max-snippet:-1","max-image-preview":"max-image-preview:large","max-video-preview":"max-video-preview:-1"},"canonical":"https:\/\/praps.sn\/archives\/methodologie-dinspection-et-dorganisation-des-dispositifs-de-controle-des-medicaments-veterinaires-le-praps2-renforce-les-capacites-dexperts-des-services-veterinaires\/","og_locale":"fr_FR","og_type":"article","og_title":"M\u00e9thodologie d\u2019inspection et d\u2019organisation des dispositifs de contr\u00f4le des m\u00e9dicaments v\u00e9t\u00e9rinaires\u00a0: Le PRAPS2 renforce les capacit\u00e9s d\u2019experts des Services v\u00e9t\u00e9rinaires des six pays b\u00e9n\u00e9ficiaires - PRAPS 1 SENEGAL","og_description":"Saly( S\u00e9n\u00e9gal), le 08 mai 2023&nbsp;: Plus de vingt experts en sant\u00e9 animale des six pays b\u00e9n\u00e9ficiaires du Projet r\u00e9gional d\u2019Appui au Pastoralisme au Sahel-phase 2 (PRAPS II), financ\u00e9 avec l\u2019appui de la Banque mondiale, se r\u00e9unissent au S\u00e9n\u00e9gal, du 08 au 12 mai 2023 \u00e0 Saly, pour une session de formation sur&nbsp;la m\u00e9thodologie d\u2019inspection &hellip;","og_url":"https:\/\/praps.sn\/archives\/methodologie-dinspection-et-dorganisation-des-dispositifs-de-controle-des-medicaments-veterinaires-le-praps2-renforce-les-capacites-dexperts-des-services-veterinaires\/","og_site_name":"PRAPS 1 SENEGAL","article_published_time":"2023-05-11T15:45:24+00:00","article_modified_time":"2023-05-11T15:45:26+00:00","og_image":[{"width":1331,"height":704,"url":"https:\/\/praps.sn\/archives\/wp-content\/uploads\/2023\/05\/11051.jpg","type":"image\/jpeg"}],"author":"Pape NDIAYE","twitter_card":"summary_large_image","twitter_misc":{"\u00c9crit par":"Pape NDIAYE","Dur\u00e9e de lecture estim\u00e9e":"5 minutes"},"schema":{"@context":"https:\/\/schema.org","@graph":[{"@type":"Article","@id":"https:\/\/praps.sn\/archives\/methodologie-dinspection-et-dorganisation-des-dispositifs-de-controle-des-medicaments-veterinaires-le-praps2-renforce-les-capacites-dexperts-des-services-veterinaires\/#article","isPartOf":{"@id":"https:\/\/praps.sn\/archives\/methodologie-dinspection-et-dorganisation-des-dispositifs-de-controle-des-medicaments-veterinaires-le-praps2-renforce-les-capacites-dexperts-des-services-veterinaires\/"},"author":{"name":"Pape NDIAYE","@id":"https:\/\/praps.sn\/archives\/#\/schema\/person\/31c9d59c1fbaf4328ed87af12eafe397"},"headline":"M\u00e9thodologie d\u2019inspection et d\u2019organisation des dispositifs de contr\u00f4le des m\u00e9dicaments v\u00e9t\u00e9rinaires\u00a0: Le PRAPS2 renforce les capacit\u00e9s d\u2019experts des Services v\u00e9t\u00e9rinaires des six pays b\u00e9n\u00e9ficiaires","datePublished":"2023-05-11T15:45:24+00:00","dateModified":"2023-05-11T15:45:26+00:00","mainEntityOfPage":{"@id":"https:\/\/praps.sn\/archives\/methodologie-dinspection-et-dorganisation-des-dispositifs-de-controle-des-medicaments-veterinaires-le-praps2-renforce-les-capacites-dexperts-des-services-veterinaires\/"},"wordCount":949,"publisher":{"@id":"https:\/\/praps.sn\/archives\/#organization"},"image":{"@id":"https:\/\/praps.sn\/archives\/methodologie-dinspection-et-dorganisation-des-dispositifs-de-controle-des-medicaments-veterinaires-le-praps2-renforce-les-capacites-dexperts-des-services-veterinaires\/#primaryimage"},"thumbnailUrl":"https:\/\/praps.sn\/archives\/wp-content\/uploads\/2023\/05\/11051.jpg","articleSection":["A la une"],"inLanguage":"fr-FR"},{"@type":"WebPage","@id":"https:\/\/praps.sn\/archives\/methodologie-dinspection-et-dorganisation-des-dispositifs-de-controle-des-medicaments-veterinaires-le-praps2-renforce-les-capacites-dexperts-des-services-veterinaires\/","url":"https:\/\/praps.sn\/archives\/methodologie-dinspection-et-dorganisation-des-dispositifs-de-controle-des-medicaments-veterinaires-le-praps2-renforce-les-capacites-dexperts-des-services-veterinaires\/","name":"M\u00e9thodologie d\u2019inspection et d\u2019organisation des dispositifs de contr\u00f4le des m\u00e9dicaments v\u00e9t\u00e9rinaires\u00a0: Le PRAPS2 renforce les capacit\u00e9s d\u2019experts des Services v\u00e9t\u00e9rinaires des six pays b\u00e9n\u00e9ficiaires - PRAPS 1 SENEGAL","isPartOf":{"@id":"https:\/\/praps.sn\/archives\/#website"},"primaryImageOfPage":{"@id":"https:\/\/praps.sn\/archives\/methodologie-dinspection-et-dorganisation-des-dispositifs-de-controle-des-medicaments-veterinaires-le-praps2-renforce-les-capacites-dexperts-des-services-veterinaires\/#primaryimage"},"image":{"@id":"https:\/\/praps.sn\/archives\/methodologie-dinspection-et-dorganisation-des-dispositifs-de-controle-des-medicaments-veterinaires-le-praps2-renforce-les-capacites-dexperts-des-services-veterinaires\/#primaryimage"},"thumbnailUrl":"https:\/\/praps.sn\/archives\/wp-content\/uploads\/2023\/05\/11051.jpg","datePublished":"2023-05-11T15:45:24+00:00","dateModified":"2023-05-11T15:45:26+00:00","breadcrumb":{"@id":"https:\/\/praps.sn\/archives\/methodologie-dinspection-et-dorganisation-des-dispositifs-de-controle-des-medicaments-veterinaires-le-praps2-renforce-les-capacites-dexperts-des-services-veterinaires\/#breadcrumb"},"inLanguage":"fr-FR","potentialAction":[{"@type":"ReadAction","target":["https:\/\/praps.sn\/archives\/methodologie-dinspection-et-dorganisation-des-dispositifs-de-controle-des-medicaments-veterinaires-le-praps2-renforce-les-capacites-dexperts-des-services-veterinaires\/"]}]},{"@type":"ImageObject","inLanguage":"fr-FR","@id":"https:\/\/praps.sn\/archives\/methodologie-dinspection-et-dorganisation-des-dispositifs-de-controle-des-medicaments-veterinaires-le-praps2-renforce-les-capacites-dexperts-des-services-veterinaires\/#primaryimage","url":"https:\/\/praps.sn\/archives\/wp-content\/uploads\/2023\/05\/11051.jpg","contentUrl":"https:\/\/praps.sn\/archives\/wp-content\/uploads\/2023\/05\/11051.jpg","width":1331,"height":704},{"@type":"BreadcrumbList","@id":"https:\/\/praps.sn\/archives\/methodologie-dinspection-et-dorganisation-des-dispositifs-de-controle-des-medicaments-veterinaires-le-praps2-renforce-les-capacites-dexperts-des-services-veterinaires\/#breadcrumb","itemListElement":[{"@type":"ListItem","position":1,"name":"Home","item":"https:\/\/praps.sn\/archives\/"},{"@type":"ListItem","position":2,"name":"M\u00e9thodologie d\u2019inspection et d\u2019organisation des dispositifs de contr\u00f4le des m\u00e9dicaments v\u00e9t\u00e9rinaires\u00a0: Le PRAPS2 renforce les capacit\u00e9s d\u2019experts des Services v\u00e9t\u00e9rinaires des six pays b\u00e9n\u00e9ficiaires"}]},{"@type":"WebSite","@id":"https:\/\/praps.sn\/archives\/#website","url":"https:\/\/praps.sn\/archives\/","name":"PRAPS SENEGAL","description":"Projet d&#039;Appui au Pastoralisme au Sahel-Phase 1","publisher":{"@id":"https:\/\/praps.sn\/archives\/#organization"},"potentialAction":[{"@type":"SearchAction","target":{"@type":"EntryPoint","urlTemplate":"https:\/\/praps.sn\/archives\/?s={search_term_string}"},"query-input":"required name=search_term_string"}],"inLanguage":"fr-FR"},{"@type":"Organization","@id":"https:\/\/praps.sn\/archives\/#organization","name":"PRAPS S\u00e9n\u00e9gal","url":"https:\/\/praps.sn\/archives\/","logo":{"@type":"ImageObject","inLanguage":"fr-FR","@id":"https:\/\/praps.sn\/archives\/#\/schema\/logo\/image\/","url":"https:\/\/praps.sn\/archives\/wp-content\/uploads\/2019\/09\/banniere_praps-1.png","contentUrl":"https:\/\/praps.sn\/archives\/wp-content\/uploads\/2019\/09\/banniere_praps-1.png","width":159,"height":154,"caption":"PRAPS S\u00e9n\u00e9gal"},"image":{"@id":"https:\/\/praps.sn\/archives\/#\/schema\/logo\/image\/"}},{"@type":"Person","@id":"https:\/\/praps.sn\/archives\/#\/schema\/person\/31c9d59c1fbaf4328ed87af12eafe397","name":"Pape NDIAYE"}]}},"_links":{"self":[{"href":"https:\/\/praps.sn\/archives\/wp-json\/wp\/v2\/posts\/844","targetHints":{"allow":["GET"]}}],"collection":[{"href":"https:\/\/praps.sn\/archives\/wp-json\/wp\/v2\/posts"}],"about":[{"href":"https:\/\/praps.sn\/archives\/wp-json\/wp\/v2\/types\/post"}],"author":[{"embeddable":true,"href":"https:\/\/praps.sn\/archives\/wp-json\/wp\/v2\/users\/4"}],"replies":[{"embeddable":true,"href":"https:\/\/praps.sn\/archives\/wp-json\/wp\/v2\/comments?post=844"}],"version-history":[{"count":1,"href":"https:\/\/praps.sn\/archives\/wp-json\/wp\/v2\/posts\/844\/revisions"}],"predecessor-version":[{"id":847,"href":"https:\/\/praps.sn\/archives\/wp-json\/wp\/v2\/posts\/844\/revisions\/847"}],"wp:featuredmedia":[{"embeddable":true,"href":"https:\/\/praps.sn\/archives\/wp-json\/wp\/v2\/media\/845"}],"wp:attachment":[{"href":"https:\/\/praps.sn\/archives\/wp-json\/wp\/v2\/media?parent=844"}],"wp:term":[{"taxonomy":"category","embeddable":true,"href":"https:\/\/praps.sn\/archives\/wp-json\/wp\/v2\/categories?post=844"},{"taxonomy":"post_tag","embeddable":true,"href":"https:\/\/praps.sn\/archives\/wp-json\/wp\/v2\/tags?post=844"}],"curies":[{"name":"wp","href":"https:\/\/api.w.org\/{rel}","templated":true}]}}