{"id":806,"date":"2023-03-13T11:55:06","date_gmt":"2023-03-13T10:55:06","guid":{"rendered":"https:\/\/praps.sn\/archives\/?p=806"},"modified":"2023-03-13T11:55:08","modified_gmt":"2023-03-13T10:55:08","slug":"journee-internationale-de-la-femme-le-praps-2-sn-rend-hommage-aux-femmes-a-travers-un-panel","status":"publish","type":"post","link":"https:\/\/praps.sn\/archives\/journee-internationale-de-la-femme-le-praps-2-sn-rend-hommage-aux-femmes-a-travers-un-panel\/","title":{"rendered":"Journ\u00e9e internationale de la Femme\u00a0: Le PRAPS-2-SN rend hommage aux femmes \u00e0 travers un panel"},"content":{"rendered":"\n<p>A l\u2019instar de la communaut\u00e9 internationale, l\u2019Unit\u00e9 de Coordination du S\u00e9n\u00e9gal du Projet R\u00e9gional d\u2019Appui au Pastoralisme au Sahel-phase2(PRAPS-2-SN), a c\u00e9l\u00e9br\u00e9 la journ\u00e9e internationale des droits de la femme (JIDF) \u00e0 travers une s\u00e9ance de sensibilisation sur le genre.<\/p>\n\n\n\n<p>L\u2019objectif poursuivi \u00e0 travers cette activit\u00e9 est d\u2019abord de la placer dans le contexte mais aussi et surtout de montrer l\u2019importance de la prise en compte et de l\u2019int\u00e9gration du genre dans la conception et la mise en \u0153uvre des projets et programmes. Ceci est un gage de succ\u00e8s, de durabilit\u00e9 et d\u2019impact r\u00e9el de ces projets sur la vie des femmes, des hommes et des jeunes dans la communaut\u00e9.<\/p>\n\n\n\n<p>La s\u00e9ance a \u00e9t\u00e9 facilit\u00e9e par <strong>Madame Ngom<\/strong>, ancienne Conseill\u00e8re Technique en Genre du Minist\u00e8re de l\u2019\u00c9levage et des Productions Animales, qui a, \u00e0 l\u2019aide d\u2019outils invit\u00e9 l\u2019UCP \u00e0 se questionner et \u00e0 trouver des r\u00e9ponses sur comment int\u00e9grer le genre dans les activit\u00e9s sur les plans organisationnel et op\u00e9rationnel.<\/p>\n\n\n\n<p>L\u2019Unit\u00e9 R\u00e9gionale de Coordination du PRAPS2 (URC\/PRAPS2) \u00e0 travers sa Responsable Genre-VBG a \u00e9t\u00e9 invit\u00e9e virtuellement \u00e0 placer un mot sur l\u2019envergure r\u00e9gionale de la prise en compte du genre dans le PRAPS-2.<\/p>\n\n\n\n<p>Pour rappel, La mise en \u0153uvre du plan d\u2019actions a permis d\u2019am\u00e9liorer l\u2019acc\u00e8s des femmes (i) aux services v\u00e9t\u00e9rinaires pour am\u00e9liorer la sant\u00e9 des animaux, en particulier les petits ruminants, (ii) aux ressources naturelles, notamment par leur participation \u00e0 la gestion durable des p\u00e2turages et des infrastructures d\u2019approvisionnement en eau et (ii) aux infrastructures de transformation et de commercialisation des produits animaux, par une plus forte pr\u00e9sence dans les instances de gestion des march\u00e9s \u00e0 b\u00e9tail et, surtout, des unit\u00e9s laiti\u00e8res.<\/p>\n\n\n\n<p>Les capacit\u00e9s des organisations de femmes ont \u00e9galement \u00e9t\u00e9 renforc\u00e9es et le leadership f\u00e9minin valoris\u00e9 dans la gouvernance des fili\u00e8res lait et viande, en instance d\u2019\u00eatre \u00e9rig\u00e9es en interprofessions.<\/p>\n\n\n\n<p>Sur la base des acquis de la premi\u00e8re phase, le Projet ambitionne de se doter d\u2019une strat\u00e9gie genre.<\/p>\n\n\n\n<p>Ce sera un document de r\u00e9f\u00e9rence pour toutes les composantes dont les activit\u00e9s se feront \u00e0 l\u2019aune de la sensibilit\u00e9 genre.<\/p>\n\n\n\n<div class=\"wp-block-image\"><figure class=\"aligncenter size-full is-resized\"><img loading=\"lazy\" decoding=\"async\" src=\"https:\/\/praps.sn\/archives\/wp-content\/uploads\/2023\/03\/8-mars-Praps.jpg\" alt=\"\" class=\"wp-image-808\" width=\"686\" height=\"375\" srcset=\"https:\/\/praps.sn\/archives\/wp-content\/uploads\/2023\/03\/8-mars-Praps.jpg 664w, https:\/\/praps.sn\/archives\/wp-content\/uploads\/2023\/03\/8-mars-Praps-300x164.jpg 300w\" sizes=\"auto, (max-width: 686px) 100vw, 686px\" \/><\/figure><\/div>\n","protected":false},"excerpt":{"rendered":"<p>A l\u2019instar de la communaut\u00e9 internationale, l\u2019Unit\u00e9 de Coordination du S\u00e9n\u00e9gal du Projet R\u00e9gional d\u2019Appui au Pastoralisme au Sahel-phase2(PRAPS-2-SN), a c\u00e9l\u00e9br\u00e9 la journ\u00e9e internationale des droits de la femme (JIDF) \u00e0 travers une s\u00e9ance de sensibilisation sur le genre. L\u2019objectif poursuivi \u00e0 travers cette activit\u00e9 est d\u2019abord de la placer dans le contexte mais aussi &hellip;<\/p>\n","protected":false},"author":4,"featured_media":807,"comment_status":"closed","ping_status":"closed","sticky":false,"template":"","format":"standard","meta":{"_monsterinsights_skip_tracking":false,"_monsterinsights_sitenote_active":false,"_monsterinsights_sitenote_note":"","_monsterinsights_sitenote_category":0,"footnotes":""},"categories":[4],"tags":[],"class_list":["post-806","post","type-post","status-publish","format-standard","has-post-thumbnail","","category-a-la-une"],"yoast_head":"<!-- This site is optimized with the Yoast SEO plugin v22.7 - https:\/\/yoast.com\/wordpress\/plugins\/seo\/ -->\n<title>Journ\u00e9e internationale de la Femme\u00a0: Le PRAPS-2-SN rend hommage aux femmes \u00e0 travers un panel - PRAPS 1 SENEGAL<\/title>\n<meta name=\"robots\" content=\"index, follow, max-snippet:-1, max-image-preview:large, max-video-preview:-1\" \/>\n<link rel=\"canonical\" href=\"https:\/\/praps.sn\/archives\/journee-internationale-de-la-femme-le-praps-2-sn-rend-hommage-aux-femmes-a-travers-un-panel\/\" \/>\n<meta property=\"og:locale\" content=\"fr_FR\" \/>\n<meta property=\"og:type\" content=\"article\" \/>\n<meta property=\"og:title\" content=\"Journ\u00e9e internationale de la Femme\u00a0: Le PRAPS-2-SN rend hommage aux femmes \u00e0 travers un panel - PRAPS 1 SENEGAL\" \/>\n<meta property=\"og:description\" content=\"A l\u2019instar de la communaut\u00e9 internationale, l\u2019Unit\u00e9 de Coordination du S\u00e9n\u00e9gal du Projet R\u00e9gional d\u2019Appui au Pastoralisme au Sahel-phase2(PRAPS-2-SN), a c\u00e9l\u00e9br\u00e9 la journ\u00e9e internationale des droits de la femme (JIDF) \u00e0 travers une s\u00e9ance de sensibilisation sur le genre. L\u2019objectif poursuivi \u00e0 travers cette activit\u00e9 est d\u2019abord de la placer dans le contexte mais aussi &hellip;\" \/>\n<meta property=\"og:url\" content=\"https:\/\/praps.sn\/archives\/journee-internationale-de-la-femme-le-praps-2-sn-rend-hommage-aux-femmes-a-travers-un-panel\/\" \/>\n<meta property=\"og:site_name\" content=\"PRAPS 1 SENEGAL\" \/>\n<meta property=\"article:published_time\" content=\"2023-03-13T10:55:06+00:00\" \/>\n<meta property=\"article:modified_time\" content=\"2023-03-13T10:55:08+00:00\" \/>\n<meta property=\"og:image\" content=\"https:\/\/praps.sn\/archives\/wp-content\/uploads\/2023\/03\/8-mars-Praps2.jpg\" \/>\n\t<meta property=\"og:image:width\" content=\"662\" \/>\n\t<meta property=\"og:image:height\" content=\"370\" \/>\n\t<meta property=\"og:image:type\" content=\"image\/jpeg\" \/>\n<meta name=\"author\" content=\"Pape NDIAYE\" \/>\n<meta name=\"twitter:card\" content=\"summary_large_image\" \/>\n<meta name=\"twitter:label1\" content=\"\u00c9crit par\" \/>\n\t<meta name=\"twitter:data1\" content=\"Pape NDIAYE\" \/>\n\t<meta name=\"twitter:label2\" content=\"Dur\u00e9e de lecture estim\u00e9e\" \/>\n\t<meta name=\"twitter:data2\" content=\"2 minutes\" \/>\n<script type=\"application\/ld+json\" class=\"yoast-schema-graph\">{\"@context\":\"https:\/\/schema.org\",\"@graph\":[{\"@type\":\"Article\",\"@id\":\"https:\/\/praps.sn\/archives\/journee-internationale-de-la-femme-le-praps-2-sn-rend-hommage-aux-femmes-a-travers-un-panel\/#article\",\"isPartOf\":{\"@id\":\"https:\/\/praps.sn\/archives\/journee-internationale-de-la-femme-le-praps-2-sn-rend-hommage-aux-femmes-a-travers-un-panel\/\"},\"author\":{\"name\":\"Pape NDIAYE\",\"@id\":\"https:\/\/praps.sn\/archives\/#\/schema\/person\/31c9d59c1fbaf4328ed87af12eafe397\"},\"headline\":\"Journ\u00e9e internationale de la Femme\u00a0: Le PRAPS-2-SN rend hommage aux femmes \u00e0 travers un panel\",\"datePublished\":\"2023-03-13T10:55:06+00:00\",\"dateModified\":\"2023-03-13T10:55:08+00:00\",\"mainEntityOfPage\":{\"@id\":\"https:\/\/praps.sn\/archives\/journee-internationale-de-la-femme-le-praps-2-sn-rend-hommage-aux-femmes-a-travers-un-panel\/\"},\"wordCount\":413,\"publisher\":{\"@id\":\"https:\/\/praps.sn\/archives\/#organization\"},\"image\":{\"@id\":\"https:\/\/praps.sn\/archives\/journee-internationale-de-la-femme-le-praps-2-sn-rend-hommage-aux-femmes-a-travers-un-panel\/#primaryimage\"},\"thumbnailUrl\":\"https:\/\/praps.sn\/archives\/wp-content\/uploads\/2023\/03\/8-mars-Praps2.jpg\",\"articleSection\":[\"A la une\"],\"inLanguage\":\"fr-FR\"},{\"@type\":\"WebPage\",\"@id\":\"https:\/\/praps.sn\/archives\/journee-internationale-de-la-femme-le-praps-2-sn-rend-hommage-aux-femmes-a-travers-un-panel\/\",\"url\":\"https:\/\/praps.sn\/archives\/journee-internationale-de-la-femme-le-praps-2-sn-rend-hommage-aux-femmes-a-travers-un-panel\/\",\"name\":\"Journ\u00e9e internationale de la Femme\u00a0: Le PRAPS-2-SN rend hommage aux femmes \u00e0 travers un panel - PRAPS 1 SENEGAL\",\"isPartOf\":{\"@id\":\"https:\/\/praps.sn\/archives\/#website\"},\"primaryImageOfPage\":{\"@id\":\"https:\/\/praps.sn\/archives\/journee-internationale-de-la-femme-le-praps-2-sn-rend-hommage-aux-femmes-a-travers-un-panel\/#primaryimage\"},\"image\":{\"@id\":\"https:\/\/praps.sn\/archives\/journee-internationale-de-la-femme-le-praps-2-sn-rend-hommage-aux-femmes-a-travers-un-panel\/#primaryimage\"},\"thumbnailUrl\":\"https:\/\/praps.sn\/archives\/wp-content\/uploads\/2023\/03\/8-mars-Praps2.jpg\",\"datePublished\":\"2023-03-13T10:55:06+00:00\",\"dateModified\":\"2023-03-13T10:55:08+00:00\",\"breadcrumb\":{\"@id\":\"https:\/\/praps.sn\/archives\/journee-internationale-de-la-femme-le-praps-2-sn-rend-hommage-aux-femmes-a-travers-un-panel\/#breadcrumb\"},\"inLanguage\":\"fr-FR\",\"potentialAction\":[{\"@type\":\"ReadAction\",\"target\":[\"https:\/\/praps.sn\/archives\/journee-internationale-de-la-femme-le-praps-2-sn-rend-hommage-aux-femmes-a-travers-un-panel\/\"]}]},{\"@type\":\"ImageObject\",\"inLanguage\":\"fr-FR\",\"@id\":\"https:\/\/praps.sn\/archives\/journee-internationale-de-la-femme-le-praps-2-sn-rend-hommage-aux-femmes-a-travers-un-panel\/#primaryimage\",\"url\":\"https:\/\/praps.sn\/archives\/wp-content\/uploads\/2023\/03\/8-mars-Praps2.jpg\",\"contentUrl\":\"https:\/\/praps.sn\/archives\/wp-content\/uploads\/2023\/03\/8-mars-Praps2.jpg\",\"width\":662,\"height\":370},{\"@type\":\"BreadcrumbList\",\"@id\":\"https:\/\/praps.sn\/archives\/journee-internationale-de-la-femme-le-praps-2-sn-rend-hommage-aux-femmes-a-travers-un-panel\/#breadcrumb\",\"itemListElement\":[{\"@type\":\"ListItem\",\"position\":1,\"name\":\"Home\",\"item\":\"https:\/\/praps.sn\/archives\/\"},{\"@type\":\"ListItem\",\"position\":2,\"name\":\"Journ\u00e9e internationale de la Femme\u00a0: Le PRAPS-2-SN rend hommage aux femmes \u00e0 travers un panel\"}]},{\"@type\":\"WebSite\",\"@id\":\"https:\/\/praps.sn\/archives\/#website\",\"url\":\"https:\/\/praps.sn\/archives\/\",\"name\":\"PRAPS SENEGAL\",\"description\":\"Projet d&#039;Appui au Pastoralisme au Sahel-Phase 1\",\"publisher\":{\"@id\":\"https:\/\/praps.sn\/archives\/#organization\"},\"potentialAction\":[{\"@type\":\"SearchAction\",\"target\":{\"@type\":\"EntryPoint\",\"urlTemplate\":\"https:\/\/praps.sn\/archives\/?s={search_term_string}\"},\"query-input\":\"required name=search_term_string\"}],\"inLanguage\":\"fr-FR\"},{\"@type\":\"Organization\",\"@id\":\"https:\/\/praps.sn\/archives\/#organization\",\"name\":\"PRAPS S\u00e9n\u00e9gal\",\"url\":\"https:\/\/praps.sn\/archives\/\",\"logo\":{\"@type\":\"ImageObject\",\"inLanguage\":\"fr-FR\",\"@id\":\"https:\/\/praps.sn\/archives\/#\/schema\/logo\/image\/\",\"url\":\"https:\/\/praps.sn\/archives\/wp-content\/uploads\/2019\/09\/banniere_praps-1.png\",\"contentUrl\":\"https:\/\/praps.sn\/archives\/wp-content\/uploads\/2019\/09\/banniere_praps-1.png\",\"width\":159,\"height\":154,\"caption\":\"PRAPS S\u00e9n\u00e9gal\"},\"image\":{\"@id\":\"https:\/\/praps.sn\/archives\/#\/schema\/logo\/image\/\"}},{\"@type\":\"Person\",\"@id\":\"https:\/\/praps.sn\/archives\/#\/schema\/person\/31c9d59c1fbaf4328ed87af12eafe397\",\"name\":\"Pape NDIAYE\"}]}<\/script>\n<!-- \/ Yoast SEO plugin. -->","yoast_head_json":{"title":"Journ\u00e9e internationale de la Femme\u00a0: Le PRAPS-2-SN rend hommage aux femmes \u00e0 travers un panel - PRAPS 1 SENEGAL","robots":{"index":"index","follow":"follow","max-snippet":"max-snippet:-1","max-image-preview":"max-image-preview:large","max-video-preview":"max-video-preview:-1"},"canonical":"https:\/\/praps.sn\/archives\/journee-internationale-de-la-femme-le-praps-2-sn-rend-hommage-aux-femmes-a-travers-un-panel\/","og_locale":"fr_FR","og_type":"article","og_title":"Journ\u00e9e internationale de la Femme\u00a0: Le PRAPS-2-SN rend hommage aux femmes \u00e0 travers un panel - PRAPS 1 SENEGAL","og_description":"A l\u2019instar de la communaut\u00e9 internationale, l\u2019Unit\u00e9 de Coordination du S\u00e9n\u00e9gal du Projet R\u00e9gional d\u2019Appui au Pastoralisme au Sahel-phase2(PRAPS-2-SN), a c\u00e9l\u00e9br\u00e9 la journ\u00e9e internationale des droits de la femme (JIDF) \u00e0 travers une s\u00e9ance de sensibilisation sur le genre. L\u2019objectif poursuivi \u00e0 travers cette activit\u00e9 est d\u2019abord de la placer dans le contexte mais aussi &hellip;","og_url":"https:\/\/praps.sn\/archives\/journee-internationale-de-la-femme-le-praps-2-sn-rend-hommage-aux-femmes-a-travers-un-panel\/","og_site_name":"PRAPS 1 SENEGAL","article_published_time":"2023-03-13T10:55:06+00:00","article_modified_time":"2023-03-13T10:55:08+00:00","og_image":[{"width":662,"height":370,"url":"https:\/\/praps.sn\/archives\/wp-content\/uploads\/2023\/03\/8-mars-Praps2.jpg","type":"image\/jpeg"}],"author":"Pape NDIAYE","twitter_card":"summary_large_image","twitter_misc":{"\u00c9crit par":"Pape NDIAYE","Dur\u00e9e de lecture estim\u00e9e":"2 minutes"},"schema":{"@context":"https:\/\/schema.org","@graph":[{"@type":"Article","@id":"https:\/\/praps.sn\/archives\/journee-internationale-de-la-femme-le-praps-2-sn-rend-hommage-aux-femmes-a-travers-un-panel\/#article","isPartOf":{"@id":"https:\/\/praps.sn\/archives\/journee-internationale-de-la-femme-le-praps-2-sn-rend-hommage-aux-femmes-a-travers-un-panel\/"},"author":{"name":"Pape NDIAYE","@id":"https:\/\/praps.sn\/archives\/#\/schema\/person\/31c9d59c1fbaf4328ed87af12eafe397"},"headline":"Journ\u00e9e internationale de la Femme\u00a0: Le PRAPS-2-SN rend hommage aux femmes \u00e0 travers un panel","datePublished":"2023-03-13T10:55:06+00:00","dateModified":"2023-03-13T10:55:08+00:00","mainEntityOfPage":{"@id":"https:\/\/praps.sn\/archives\/journee-internationale-de-la-femme-le-praps-2-sn-rend-hommage-aux-femmes-a-travers-un-panel\/"},"wordCount":413,"publisher":{"@id":"https:\/\/praps.sn\/archives\/#organization"},"image":{"@id":"https:\/\/praps.sn\/archives\/journee-internationale-de-la-femme-le-praps-2-sn-rend-hommage-aux-femmes-a-travers-un-panel\/#primaryimage"},"thumbnailUrl":"https:\/\/praps.sn\/archives\/wp-content\/uploads\/2023\/03\/8-mars-Praps2.jpg","articleSection":["A la une"],"inLanguage":"fr-FR"},{"@type":"WebPage","@id":"https:\/\/praps.sn\/archives\/journee-internationale-de-la-femme-le-praps-2-sn-rend-hommage-aux-femmes-a-travers-un-panel\/","url":"https:\/\/praps.sn\/archives\/journee-internationale-de-la-femme-le-praps-2-sn-rend-hommage-aux-femmes-a-travers-un-panel\/","name":"Journ\u00e9e internationale de la Femme\u00a0: Le PRAPS-2-SN rend hommage aux femmes \u00e0 travers un panel - PRAPS 1 SENEGAL","isPartOf":{"@id":"https:\/\/praps.sn\/archives\/#website"},"primaryImageOfPage":{"@id":"https:\/\/praps.sn\/archives\/journee-internationale-de-la-femme-le-praps-2-sn-rend-hommage-aux-femmes-a-travers-un-panel\/#primaryimage"},"image":{"@id":"https:\/\/praps.sn\/archives\/journee-internationale-de-la-femme-le-praps-2-sn-rend-hommage-aux-femmes-a-travers-un-panel\/#primaryimage"},"thumbnailUrl":"https:\/\/praps.sn\/archives\/wp-content\/uploads\/2023\/03\/8-mars-Praps2.jpg","datePublished":"2023-03-13T10:55:06+00:00","dateModified":"2023-03-13T10:55:08+00:00","breadcrumb":{"@id":"https:\/\/praps.sn\/archives\/journee-internationale-de-la-femme-le-praps-2-sn-rend-hommage-aux-femmes-a-travers-un-panel\/#breadcrumb"},"inLanguage":"fr-FR","potentialAction":[{"@type":"ReadAction","target":["https:\/\/praps.sn\/archives\/journee-internationale-de-la-femme-le-praps-2-sn-rend-hommage-aux-femmes-a-travers-un-panel\/"]}]},{"@type":"ImageObject","inLanguage":"fr-FR","@id":"https:\/\/praps.sn\/archives\/journee-internationale-de-la-femme-le-praps-2-sn-rend-hommage-aux-femmes-a-travers-un-panel\/#primaryimage","url":"https:\/\/praps.sn\/archives\/wp-content\/uploads\/2023\/03\/8-mars-Praps2.jpg","contentUrl":"https:\/\/praps.sn\/archives\/wp-content\/uploads\/2023\/03\/8-mars-Praps2.jpg","width":662,"height":370},{"@type":"BreadcrumbList","@id":"https:\/\/praps.sn\/archives\/journee-internationale-de-la-femme-le-praps-2-sn-rend-hommage-aux-femmes-a-travers-un-panel\/#breadcrumb","itemListElement":[{"@type":"ListItem","position":1,"name":"Home","item":"https:\/\/praps.sn\/archives\/"},{"@type":"ListItem","position":2,"name":"Journ\u00e9e internationale de la Femme\u00a0: Le PRAPS-2-SN rend hommage aux femmes \u00e0 travers un panel"}]},{"@type":"WebSite","@id":"https:\/\/praps.sn\/archives\/#website","url":"https:\/\/praps.sn\/archives\/","name":"PRAPS SENEGAL","description":"Projet d&#039;Appui au Pastoralisme au Sahel-Phase 1","publisher":{"@id":"https:\/\/praps.sn\/archives\/#organization"},"potentialAction":[{"@type":"SearchAction","target":{"@type":"EntryPoint","urlTemplate":"https:\/\/praps.sn\/archives\/?s={search_term_string}"},"query-input":"required name=search_term_string"}],"inLanguage":"fr-FR"},{"@type":"Organization","@id":"https:\/\/praps.sn\/archives\/#organization","name":"PRAPS S\u00e9n\u00e9gal","url":"https:\/\/praps.sn\/archives\/","logo":{"@type":"ImageObject","inLanguage":"fr-FR","@id":"https:\/\/praps.sn\/archives\/#\/schema\/logo\/image\/","url":"https:\/\/praps.sn\/archives\/wp-content\/uploads\/2019\/09\/banniere_praps-1.png","contentUrl":"https:\/\/praps.sn\/archives\/wp-content\/uploads\/2019\/09\/banniere_praps-1.png","width":159,"height":154,"caption":"PRAPS S\u00e9n\u00e9gal"},"image":{"@id":"https:\/\/praps.sn\/archives\/#\/schema\/logo\/image\/"}},{"@type":"Person","@id":"https:\/\/praps.sn\/archives\/#\/schema\/person\/31c9d59c1fbaf4328ed87af12eafe397","name":"Pape NDIAYE"}]}},"_links":{"self":[{"href":"https:\/\/praps.sn\/archives\/wp-json\/wp\/v2\/posts\/806","targetHints":{"allow":["GET"]}}],"collection":[{"href":"https:\/\/praps.sn\/archives\/wp-json\/wp\/v2\/posts"}],"about":[{"href":"https:\/\/praps.sn\/archives\/wp-json\/wp\/v2\/types\/post"}],"author":[{"embeddable":true,"href":"https:\/\/praps.sn\/archives\/wp-json\/wp\/v2\/users\/4"}],"replies":[{"embeddable":true,"href":"https:\/\/praps.sn\/archives\/wp-json\/wp\/v2\/comments?post=806"}],"version-history":[{"count":1,"href":"https:\/\/praps.sn\/archives\/wp-json\/wp\/v2\/posts\/806\/revisions"}],"predecessor-version":[{"id":809,"href":"https:\/\/praps.sn\/archives\/wp-json\/wp\/v2\/posts\/806\/revisions\/809"}],"wp:featuredmedia":[{"embeddable":true,"href":"https:\/\/praps.sn\/archives\/wp-json\/wp\/v2\/media\/807"}],"wp:attachment":[{"href":"https:\/\/praps.sn\/archives\/wp-json\/wp\/v2\/media?parent=806"}],"wp:term":[{"taxonomy":"category","embeddable":true,"href":"https:\/\/praps.sn\/archives\/wp-json\/wp\/v2\/categories?post=806"},{"taxonomy":"post_tag","embeddable":true,"href":"https:\/\/praps.sn\/archives\/wp-json\/wp\/v2\/tags?post=806"}],"curies":[{"name":"wp","href":"https:\/\/api.w.org\/{rel}","templated":true}]}}