{"id":734,"date":"2022-09-23T15:03:19","date_gmt":"2022-09-23T14:03:19","guid":{"rendered":"https:\/\/praps.sn\/archives\/?p=734"},"modified":"2022-09-23T15:04:42","modified_gmt":"2022-09-23T14:04:42","slug":"premiere-reunion-du-sous-comite-regional-en-sante-animale","status":"publish","type":"post","link":"https:\/\/praps.sn\/archives\/premiere-reunion-du-sous-comite-regional-en-sante-animale\/","title":{"rendered":"Premie\u0300re re\u0301union du sous-comite\u0301 re\u0301gional en sante\u0301 animale"},"content":{"rendered":"\n<p><strong><em>Saly -S\u00e9n\u00e9gal<\/em><\/strong> : Ouverture de la premi\u00e8re r\u00e9union du sous -comit\u00e9 technique r\u00e9gional en sant\u00e9 animale le 14 septembre 2022.<\/p>\n\n\n\n<p>Cette r\u00e9union, d\u00e9roul\u00e9e du 14 au 16 septembre 2022, &nbsp;avait regroup\u00e9 les Experts en sant\u00e9 animale du PRAPS-2\/CILSS et des Unit\u00e9s de Coordination du projet au niveau des six pays (Burkina Faso, Mali, Mauritanie, Niger, S\u00e9n\u00e9gal, Tchad), ainsi que ceux de l\u2019Organisation mondiale de la Sant\u00e9 animale (OMSA), les Directeurs des Services v\u00e9t\u00e9rinaires des pays et leurs points focaux, pour \u00e9changer sur un certain nombre de questions dans le domaine de la sant\u00e9 animale.<\/p>\n\n\n\n<p>La c\u00e9r\u00e9monie d\u2019ouverture officielle de la r\u00e9union a \u00e9t\u00e9 marqu\u00e9e par cinq allocutions d\u00e9livr\u00e9es successivement par le Secr\u00e9taire Permanent du CONACILSS, le repr\u00e9sentant de l\u2019Organisation mondiale de la Sant\u00e9 animale, la repr\u00e9sentante de la Banque mondiale, la Directrice Ex\u00e9cutive du CRSA repr\u00e9sentante de la CEDEAO et le coordonnateur national du PRAPS2-SN repr\u00e9sentant son Excellence Monsieur Aly Saleh DIOP, Ministre de l\u2019Elevage et des Productions animales du S\u00e9n\u00e9gal.<\/p>\n\n\n\n<p>Durant les trois jours, des informations ont \u00e9t\u00e9 partag\u00e9es sur l\u2019organisation du sous-comit\u00e9 technique r\u00e9gional en sant\u00e9 animale (SCTRSA), son fonctionnement et ses attributions. En outre, les participants ont eu \u00e0 discuter et valider techniquement les activit\u00e9s pr\u00e9vues au niveau r\u00e9gional dans la composante (SC1) \u00ab Am\u00e9lioration de la Sant\u00e9 animale et Contr\u00f4le des m\u00e9dicaments v\u00e9t\u00e9rinaires \u00bb, qui regroupe deux sous-composantes : SC1.1 \u00ab Assistance technique cibl\u00e9e aux pays pour la mise en \u0153uvre du programme \u00bb, confi\u00e9e \u00e0 l\u2019Organisation mondiale de la sant\u00e9 animale (OMSA) et SC1.2. \u00ab Int\u00e9gration r\u00e9gionale des politiques, harmonisation r\u00e9glementaire et coordination des pays en mati\u00e8re de gestion de la sant\u00e9 animale \u00bb, assur\u00e9e par le Centre r\u00e9gional de sant\u00e9 animale (CRSA) de la CEDEAO.<\/p>\n\n\n\n<p>Enfin, les experts ont fait le point sur l\u2019\u00e9tat d\u2019avancement de la mise en \u0153uvre des Plans nationaux strat\u00e9giques d\u2019\u00e9radication de la peste des petits ruminants et de contr\u00f4le de la p\u00e9ripneumonie contagieuse bovine (PNS PPR et PNS-PPCB), des indicateurs dans les pays, les r\u00e9sultats et le\u00e7ons apprises lors de la campagne 2021\/2022, ainsi que sur les difficult\u00e9s rencontr\u00e9es et les pr\u00e9paratifs de la campagne de vaccination du b\u00e9tail 2022\/2023. Pour terminer, ils ont \u00e9labor\u00e9 une feuille de route et propos\u00e9 un th\u00e8me de travail pour la prochaine r\u00e9union du SCTRSA&nbsp;: &nbsp;<\/p>\n\n\n\n<p>\u00ab<strong> P\u00e9rennisation des investissements dans la sant\u00e9 animale \u00bb.<\/strong><\/p>\n\n\n\n<figure class=\"wp-block-image size-full is-resized\"><img loading=\"lazy\" decoding=\"async\" src=\"https:\/\/praps.sn\/archives\/wp-content\/uploads\/2022\/09\/crtsa2.jpg\" alt=\"\" class=\"wp-image-736\" width=\"840\" height=\"630\" srcset=\"https:\/\/praps.sn\/archives\/wp-content\/uploads\/2022\/09\/crtsa2.jpg 559w, https:\/\/praps.sn\/archives\/wp-content\/uploads\/2022\/09\/crtsa2-300x225.jpg 300w\" sizes=\"auto, (max-width: 840px) 100vw, 840px\" \/><\/figure>\n\n\n\n<p><\/p>\n","protected":false},"excerpt":{"rendered":"<p>Saly -S\u00e9n\u00e9gal : Ouverture de la premi\u00e8re r\u00e9union du sous -comit\u00e9 technique r\u00e9gional en sant\u00e9 animale le 14 septembre 2022. Cette r\u00e9union, d\u00e9roul\u00e9e du 14 au 16 septembre 2022, &nbsp;avait regroup\u00e9 les Experts en sant\u00e9 animale du PRAPS-2\/CILSS et des Unit\u00e9s de Coordination du projet au niveau des six pays (Burkina Faso, Mali, Mauritanie, Niger, &hellip;<\/p>\n","protected":false},"author":4,"featured_media":735,"comment_status":"closed","ping_status":"closed","sticky":false,"template":"","format":"standard","meta":{"_monsterinsights_skip_tracking":false,"_monsterinsights_sitenote_active":false,"_monsterinsights_sitenote_note":"","_monsterinsights_sitenote_category":0,"footnotes":""},"categories":[4],"tags":[],"class_list":["post-734","post","type-post","status-publish","format-standard","has-post-thumbnail","","category-a-la-une"],"yoast_head":"<!-- This site is optimized with the Yoast SEO plugin v22.7 - https:\/\/yoast.com\/wordpress\/plugins\/seo\/ -->\n<title>Premie\u0300re re\u0301union du sous-comite\u0301 re\u0301gional en sante\u0301 animale - PRAPS 1 SENEGAL<\/title>\n<meta name=\"robots\" content=\"index, follow, max-snippet:-1, max-image-preview:large, max-video-preview:-1\" \/>\n<link rel=\"canonical\" href=\"https:\/\/praps.sn\/archives\/premiere-reunion-du-sous-comite-regional-en-sante-animale\/\" \/>\n<meta property=\"og:locale\" content=\"fr_FR\" \/>\n<meta property=\"og:type\" content=\"article\" \/>\n<meta property=\"og:title\" content=\"Premie\u0300re re\u0301union du sous-comite\u0301 re\u0301gional en sante\u0301 animale - PRAPS 1 SENEGAL\" \/>\n<meta property=\"og:description\" content=\"Saly -S\u00e9n\u00e9gal : Ouverture de la premi\u00e8re r\u00e9union du sous -comit\u00e9 technique r\u00e9gional en sant\u00e9 animale le 14 septembre 2022. Cette r\u00e9union, d\u00e9roul\u00e9e du 14 au 16 septembre 2022, &nbsp;avait regroup\u00e9 les Experts en sant\u00e9 animale du PRAPS-2\/CILSS et des Unit\u00e9s de Coordination du projet au niveau des six pays (Burkina Faso, Mali, Mauritanie, Niger, &hellip;\" \/>\n<meta property=\"og:url\" content=\"https:\/\/praps.sn\/archives\/premiere-reunion-du-sous-comite-regional-en-sante-animale\/\" \/>\n<meta property=\"og:site_name\" content=\"PRAPS 1 SENEGAL\" \/>\n<meta property=\"article:published_time\" content=\"2022-09-23T14:03:19+00:00\" \/>\n<meta property=\"article:modified_time\" content=\"2022-09-23T14:04:42+00:00\" \/>\n<meta property=\"og:image\" content=\"https:\/\/praps.sn\/archives\/wp-content\/uploads\/2022\/09\/crtsa1.jpg\" \/>\n\t<meta property=\"og:image:width\" content=\"588\" \/>\n\t<meta property=\"og:image:height\" content=\"441\" \/>\n\t<meta property=\"og:image:type\" content=\"image\/jpeg\" \/>\n<meta name=\"author\" content=\"Pape NDIAYE\" \/>\n<meta name=\"twitter:card\" content=\"summary_large_image\" \/>\n<meta name=\"twitter:label1\" content=\"\u00c9crit par\" \/>\n\t<meta name=\"twitter:data1\" content=\"Pape NDIAYE\" \/>\n\t<meta name=\"twitter:label2\" content=\"Dur\u00e9e de lecture estim\u00e9e\" \/>\n\t<meta name=\"twitter:data2\" content=\"3 minutes\" \/>\n<script type=\"application\/ld+json\" class=\"yoast-schema-graph\">{\"@context\":\"https:\/\/schema.org\",\"@graph\":[{\"@type\":\"Article\",\"@id\":\"https:\/\/praps.sn\/archives\/premiere-reunion-du-sous-comite-regional-en-sante-animale\/#article\",\"isPartOf\":{\"@id\":\"https:\/\/praps.sn\/archives\/premiere-reunion-du-sous-comite-regional-en-sante-animale\/\"},\"author\":{\"name\":\"Pape NDIAYE\",\"@id\":\"https:\/\/praps.sn\/archives\/#\/schema\/person\/31c9d59c1fbaf4328ed87af12eafe397\"},\"headline\":\"Premie\u0300re re\u0301union du sous-comite\u0301 re\u0301gional en sante\u0301 animale\",\"datePublished\":\"2022-09-23T14:03:19+00:00\",\"dateModified\":\"2022-09-23T14:04:42+00:00\",\"mainEntityOfPage\":{\"@id\":\"https:\/\/praps.sn\/archives\/premiere-reunion-du-sous-comite-regional-en-sante-animale\/\"},\"wordCount\":444,\"publisher\":{\"@id\":\"https:\/\/praps.sn\/archives\/#organization\"},\"image\":{\"@id\":\"https:\/\/praps.sn\/archives\/premiere-reunion-du-sous-comite-regional-en-sante-animale\/#primaryimage\"},\"thumbnailUrl\":\"https:\/\/praps.sn\/archives\/wp-content\/uploads\/2022\/09\/crtsa1.jpg\",\"articleSection\":[\"A la une\"],\"inLanguage\":\"fr-FR\"},{\"@type\":\"WebPage\",\"@id\":\"https:\/\/praps.sn\/archives\/premiere-reunion-du-sous-comite-regional-en-sante-animale\/\",\"url\":\"https:\/\/praps.sn\/archives\/premiere-reunion-du-sous-comite-regional-en-sante-animale\/\",\"name\":\"Premie\u0300re re\u0301union du sous-comite\u0301 re\u0301gional en sante\u0301 animale - PRAPS 1 SENEGAL\",\"isPartOf\":{\"@id\":\"https:\/\/praps.sn\/archives\/#website\"},\"primaryImageOfPage\":{\"@id\":\"https:\/\/praps.sn\/archives\/premiere-reunion-du-sous-comite-regional-en-sante-animale\/#primaryimage\"},\"image\":{\"@id\":\"https:\/\/praps.sn\/archives\/premiere-reunion-du-sous-comite-regional-en-sante-animale\/#primaryimage\"},\"thumbnailUrl\":\"https:\/\/praps.sn\/archives\/wp-content\/uploads\/2022\/09\/crtsa1.jpg\",\"datePublished\":\"2022-09-23T14:03:19+00:00\",\"dateModified\":\"2022-09-23T14:04:42+00:00\",\"breadcrumb\":{\"@id\":\"https:\/\/praps.sn\/archives\/premiere-reunion-du-sous-comite-regional-en-sante-animale\/#breadcrumb\"},\"inLanguage\":\"fr-FR\",\"potentialAction\":[{\"@type\":\"ReadAction\",\"target\":[\"https:\/\/praps.sn\/archives\/premiere-reunion-du-sous-comite-regional-en-sante-animale\/\"]}]},{\"@type\":\"ImageObject\",\"inLanguage\":\"fr-FR\",\"@id\":\"https:\/\/praps.sn\/archives\/premiere-reunion-du-sous-comite-regional-en-sante-animale\/#primaryimage\",\"url\":\"https:\/\/praps.sn\/archives\/wp-content\/uploads\/2022\/09\/crtsa1.jpg\",\"contentUrl\":\"https:\/\/praps.sn\/archives\/wp-content\/uploads\/2022\/09\/crtsa1.jpg\",\"width\":588,\"height\":441},{\"@type\":\"BreadcrumbList\",\"@id\":\"https:\/\/praps.sn\/archives\/premiere-reunion-du-sous-comite-regional-en-sante-animale\/#breadcrumb\",\"itemListElement\":[{\"@type\":\"ListItem\",\"position\":1,\"name\":\"Home\",\"item\":\"https:\/\/praps.sn\/archives\/\"},{\"@type\":\"ListItem\",\"position\":2,\"name\":\"Premie\u0300re re\u0301union du sous-comite\u0301 re\u0301gional en sante\u0301 animale\"}]},{\"@type\":\"WebSite\",\"@id\":\"https:\/\/praps.sn\/archives\/#website\",\"url\":\"https:\/\/praps.sn\/archives\/\",\"name\":\"PRAPS SENEGAL\",\"description\":\"Projet d&#039;Appui au Pastoralisme au Sahel-Phase 1\",\"publisher\":{\"@id\":\"https:\/\/praps.sn\/archives\/#organization\"},\"potentialAction\":[{\"@type\":\"SearchAction\",\"target\":{\"@type\":\"EntryPoint\",\"urlTemplate\":\"https:\/\/praps.sn\/archives\/?s={search_term_string}\"},\"query-input\":\"required name=search_term_string\"}],\"inLanguage\":\"fr-FR\"},{\"@type\":\"Organization\",\"@id\":\"https:\/\/praps.sn\/archives\/#organization\",\"name\":\"PRAPS S\u00e9n\u00e9gal\",\"url\":\"https:\/\/praps.sn\/archives\/\",\"logo\":{\"@type\":\"ImageObject\",\"inLanguage\":\"fr-FR\",\"@id\":\"https:\/\/praps.sn\/archives\/#\/schema\/logo\/image\/\",\"url\":\"https:\/\/praps.sn\/archives\/wp-content\/uploads\/2019\/09\/banniere_praps-1.png\",\"contentUrl\":\"https:\/\/praps.sn\/archives\/wp-content\/uploads\/2019\/09\/banniere_praps-1.png\",\"width\":159,\"height\":154,\"caption\":\"PRAPS S\u00e9n\u00e9gal\"},\"image\":{\"@id\":\"https:\/\/praps.sn\/archives\/#\/schema\/logo\/image\/\"}},{\"@type\":\"Person\",\"@id\":\"https:\/\/praps.sn\/archives\/#\/schema\/person\/31c9d59c1fbaf4328ed87af12eafe397\",\"name\":\"Pape NDIAYE\"}]}<\/script>\n<!-- \/ Yoast SEO plugin. -->","yoast_head_json":{"title":"Premie\u0300re re\u0301union du sous-comite\u0301 re\u0301gional en sante\u0301 animale - PRAPS 1 SENEGAL","robots":{"index":"index","follow":"follow","max-snippet":"max-snippet:-1","max-image-preview":"max-image-preview:large","max-video-preview":"max-video-preview:-1"},"canonical":"https:\/\/praps.sn\/archives\/premiere-reunion-du-sous-comite-regional-en-sante-animale\/","og_locale":"fr_FR","og_type":"article","og_title":"Premie\u0300re re\u0301union du sous-comite\u0301 re\u0301gional en sante\u0301 animale - PRAPS 1 SENEGAL","og_description":"Saly -S\u00e9n\u00e9gal : Ouverture de la premi\u00e8re r\u00e9union du sous -comit\u00e9 technique r\u00e9gional en sant\u00e9 animale le 14 septembre 2022. Cette r\u00e9union, d\u00e9roul\u00e9e du 14 au 16 septembre 2022, &nbsp;avait regroup\u00e9 les Experts en sant\u00e9 animale du PRAPS-2\/CILSS et des Unit\u00e9s de Coordination du projet au niveau des six pays (Burkina Faso, Mali, Mauritanie, Niger, &hellip;","og_url":"https:\/\/praps.sn\/archives\/premiere-reunion-du-sous-comite-regional-en-sante-animale\/","og_site_name":"PRAPS 1 SENEGAL","article_published_time":"2022-09-23T14:03:19+00:00","article_modified_time":"2022-09-23T14:04:42+00:00","og_image":[{"width":588,"height":441,"url":"https:\/\/praps.sn\/archives\/wp-content\/uploads\/2022\/09\/crtsa1.jpg","type":"image\/jpeg"}],"author":"Pape NDIAYE","twitter_card":"summary_large_image","twitter_misc":{"\u00c9crit par":"Pape NDIAYE","Dur\u00e9e de lecture estim\u00e9e":"3 minutes"},"schema":{"@context":"https:\/\/schema.org","@graph":[{"@type":"Article","@id":"https:\/\/praps.sn\/archives\/premiere-reunion-du-sous-comite-regional-en-sante-animale\/#article","isPartOf":{"@id":"https:\/\/praps.sn\/archives\/premiere-reunion-du-sous-comite-regional-en-sante-animale\/"},"author":{"name":"Pape NDIAYE","@id":"https:\/\/praps.sn\/archives\/#\/schema\/person\/31c9d59c1fbaf4328ed87af12eafe397"},"headline":"Premie\u0300re re\u0301union du sous-comite\u0301 re\u0301gional en sante\u0301 animale","datePublished":"2022-09-23T14:03:19+00:00","dateModified":"2022-09-23T14:04:42+00:00","mainEntityOfPage":{"@id":"https:\/\/praps.sn\/archives\/premiere-reunion-du-sous-comite-regional-en-sante-animale\/"},"wordCount":444,"publisher":{"@id":"https:\/\/praps.sn\/archives\/#organization"},"image":{"@id":"https:\/\/praps.sn\/archives\/premiere-reunion-du-sous-comite-regional-en-sante-animale\/#primaryimage"},"thumbnailUrl":"https:\/\/praps.sn\/archives\/wp-content\/uploads\/2022\/09\/crtsa1.jpg","articleSection":["A la une"],"inLanguage":"fr-FR"},{"@type":"WebPage","@id":"https:\/\/praps.sn\/archives\/premiere-reunion-du-sous-comite-regional-en-sante-animale\/","url":"https:\/\/praps.sn\/archives\/premiere-reunion-du-sous-comite-regional-en-sante-animale\/","name":"Premie\u0300re re\u0301union du sous-comite\u0301 re\u0301gional en sante\u0301 animale - PRAPS 1 SENEGAL","isPartOf":{"@id":"https:\/\/praps.sn\/archives\/#website"},"primaryImageOfPage":{"@id":"https:\/\/praps.sn\/archives\/premiere-reunion-du-sous-comite-regional-en-sante-animale\/#primaryimage"},"image":{"@id":"https:\/\/praps.sn\/archives\/premiere-reunion-du-sous-comite-regional-en-sante-animale\/#primaryimage"},"thumbnailUrl":"https:\/\/praps.sn\/archives\/wp-content\/uploads\/2022\/09\/crtsa1.jpg","datePublished":"2022-09-23T14:03:19+00:00","dateModified":"2022-09-23T14:04:42+00:00","breadcrumb":{"@id":"https:\/\/praps.sn\/archives\/premiere-reunion-du-sous-comite-regional-en-sante-animale\/#breadcrumb"},"inLanguage":"fr-FR","potentialAction":[{"@type":"ReadAction","target":["https:\/\/praps.sn\/archives\/premiere-reunion-du-sous-comite-regional-en-sante-animale\/"]}]},{"@type":"ImageObject","inLanguage":"fr-FR","@id":"https:\/\/praps.sn\/archives\/premiere-reunion-du-sous-comite-regional-en-sante-animale\/#primaryimage","url":"https:\/\/praps.sn\/archives\/wp-content\/uploads\/2022\/09\/crtsa1.jpg","contentUrl":"https:\/\/praps.sn\/archives\/wp-content\/uploads\/2022\/09\/crtsa1.jpg","width":588,"height":441},{"@type":"BreadcrumbList","@id":"https:\/\/praps.sn\/archives\/premiere-reunion-du-sous-comite-regional-en-sante-animale\/#breadcrumb","itemListElement":[{"@type":"ListItem","position":1,"name":"Home","item":"https:\/\/praps.sn\/archives\/"},{"@type":"ListItem","position":2,"name":"Premie\u0300re re\u0301union du sous-comite\u0301 re\u0301gional en sante\u0301 animale"}]},{"@type":"WebSite","@id":"https:\/\/praps.sn\/archives\/#website","url":"https:\/\/praps.sn\/archives\/","name":"PRAPS SENEGAL","description":"Projet d&#039;Appui au Pastoralisme au Sahel-Phase 1","publisher":{"@id":"https:\/\/praps.sn\/archives\/#organization"},"potentialAction":[{"@type":"SearchAction","target":{"@type":"EntryPoint","urlTemplate":"https:\/\/praps.sn\/archives\/?s={search_term_string}"},"query-input":"required name=search_term_string"}],"inLanguage":"fr-FR"},{"@type":"Organization","@id":"https:\/\/praps.sn\/archives\/#organization","name":"PRAPS S\u00e9n\u00e9gal","url":"https:\/\/praps.sn\/archives\/","logo":{"@type":"ImageObject","inLanguage":"fr-FR","@id":"https:\/\/praps.sn\/archives\/#\/schema\/logo\/image\/","url":"https:\/\/praps.sn\/archives\/wp-content\/uploads\/2019\/09\/banniere_praps-1.png","contentUrl":"https:\/\/praps.sn\/archives\/wp-content\/uploads\/2019\/09\/banniere_praps-1.png","width":159,"height":154,"caption":"PRAPS S\u00e9n\u00e9gal"},"image":{"@id":"https:\/\/praps.sn\/archives\/#\/schema\/logo\/image\/"}},{"@type":"Person","@id":"https:\/\/praps.sn\/archives\/#\/schema\/person\/31c9d59c1fbaf4328ed87af12eafe397","name":"Pape NDIAYE"}]}},"_links":{"self":[{"href":"https:\/\/praps.sn\/archives\/wp-json\/wp\/v2\/posts\/734","targetHints":{"allow":["GET"]}}],"collection":[{"href":"https:\/\/praps.sn\/archives\/wp-json\/wp\/v2\/posts"}],"about":[{"href":"https:\/\/praps.sn\/archives\/wp-json\/wp\/v2\/types\/post"}],"author":[{"embeddable":true,"href":"https:\/\/praps.sn\/archives\/wp-json\/wp\/v2\/users\/4"}],"replies":[{"embeddable":true,"href":"https:\/\/praps.sn\/archives\/wp-json\/wp\/v2\/comments?post=734"}],"version-history":[{"count":2,"href":"https:\/\/praps.sn\/archives\/wp-json\/wp\/v2\/posts\/734\/revisions"}],"predecessor-version":[{"id":738,"href":"https:\/\/praps.sn\/archives\/wp-json\/wp\/v2\/posts\/734\/revisions\/738"}],"wp:featuredmedia":[{"embeddable":true,"href":"https:\/\/praps.sn\/archives\/wp-json\/wp\/v2\/media\/735"}],"wp:attachment":[{"href":"https:\/\/praps.sn\/archives\/wp-json\/wp\/v2\/media?parent=734"}],"wp:term":[{"taxonomy":"category","embeddable":true,"href":"https:\/\/praps.sn\/archives\/wp-json\/wp\/v2\/categories?post=734"},{"taxonomy":"post_tag","embeddable":true,"href":"https:\/\/praps.sn\/archives\/wp-json\/wp\/v2\/tags?post=734"}],"curies":[{"name":"wp","href":"https:\/\/api.w.org\/{rel}","templated":true}]}}