{"id":702,"date":"2022-07-29T10:06:53","date_gmt":"2022-07-29T09:06:53","guid":{"rendered":"https:\/\/praps.sn\/archives\/?p=702"},"modified":"2022-07-29T10:06:55","modified_gmt":"2022-07-29T09:06:55","slug":"selection-de-consultant-pour-la-realisation-des-etudes-techniques-et-controle-des-travaux-marchands","status":"publish","type":"post","link":"https:\/\/praps.sn\/archives\/selection-de-consultant-pour-la-realisation-des-etudes-techniques-et-controle-des-travaux-marchands\/","title":{"rendered":"S\u00e9lection de consultant pour la r\u00e9alisation des \u00e9tudes techniques et contr\u00f4le des travaux marchands"},"content":{"rendered":"\n<figure class=\"wp-block-image size-full is-resized\"><img loading=\"lazy\" decoding=\"async\" src=\"https:\/\/praps.sn\/archives\/wp-content\/uploads\/2022\/07\/TDRS_etudes_techniques_et_controle_des_travaux_marches_a_betail_VF_001.png\" alt=\"\" class=\"wp-image-703\" width=\"376\" height=\"532\" srcset=\"https:\/\/praps.sn\/archives\/wp-content\/uploads\/2022\/07\/TDRS_etudes_techniques_et_controle_des_travaux_marches_a_betail_VF_001.png 595w, https:\/\/praps.sn\/archives\/wp-content\/uploads\/2022\/07\/TDRS_etudes_techniques_et_controle_des_travaux_marches_a_betail_VF_001-212x300.png 212w\" sizes=\"auto, (max-width: 376px) 100vw, 376px\" \/><\/figure>\n\n\n\n<div class=\"wp-block-file\"><a id=\"wp-block-file--media-6d9a0e73-d113-475f-961d-830dcbf87ecd\" href=\"https:\/\/praps.sn\/archives\/wp-content\/uploads\/2022\/07\/TDRS_etudes_techniques_et_controle_des_travaux_marches_a_betail_VF.pdf\"><mark style=\"background-color:rgba(0, 0, 0, 0)\" class=\"has-inline-color has-vivid-green-cyan-color\"><strong>Cliquer pour t\u00e9l\u00e9charger les termes de r\u00e9f\u00e9rences<\/strong><\/mark><\/a><\/div>\n\n\n\n<p><\/p>\n","protected":false},"excerpt":{"rendered":"<p>Cliquer pour t\u00e9l\u00e9charger les termes de r\u00e9f\u00e9rences<\/p>\n","protected":false},"author":4,"featured_media":0,"comment_status":"closed","ping_status":"closed","sticky":false,"template":"","format":"standard","meta":{"_monsterinsights_skip_tracking":false,"_monsterinsights_sitenote_active":false,"_monsterinsights_sitenote_note":"","_monsterinsights_sitenote_category":0,"footnotes":""},"categories":[34],"tags":[],"class_list":["post-702","post","type-post","status-publish","format-standard","","category-appels-offre"],"yoast_head":"<!-- This site is optimized with the Yoast SEO plugin v22.7 - https:\/\/yoast.com\/wordpress\/plugins\/seo\/ -->\n<title>S\u00e9lection de consultant pour la r\u00e9alisation des \u00e9tudes techniques et contr\u00f4le des travaux marchands - PRAPS 1 SENEGAL<\/title>\n<meta name=\"robots\" content=\"index, follow, max-snippet:-1, max-image-preview:large, max-video-preview:-1\" \/>\n<link rel=\"canonical\" href=\"https:\/\/praps.sn\/archives\/selection-de-consultant-pour-la-realisation-des-etudes-techniques-et-controle-des-travaux-marchands\/\" \/>\n<meta property=\"og:locale\" content=\"fr_FR\" \/>\n<meta property=\"og:type\" content=\"article\" \/>\n<meta property=\"og:title\" content=\"S\u00e9lection de consultant pour la r\u00e9alisation des \u00e9tudes techniques et contr\u00f4le des travaux marchands - PRAPS 1 SENEGAL\" \/>\n<meta property=\"og:description\" content=\"Cliquer pour t\u00e9l\u00e9charger les termes de r\u00e9f\u00e9rences\" \/>\n<meta property=\"og:url\" content=\"https:\/\/praps.sn\/archives\/selection-de-consultant-pour-la-realisation-des-etudes-techniques-et-controle-des-travaux-marchands\/\" \/>\n<meta property=\"og:site_name\" content=\"PRAPS 1 SENEGAL\" \/>\n<meta property=\"article:published_time\" content=\"2022-07-29T09:06:53+00:00\" \/>\n<meta property=\"article:modified_time\" content=\"2022-07-29T09:06:55+00:00\" \/>\n<meta property=\"og:image\" content=\"https:\/\/praps.sn\/archives\/wp-content\/uploads\/2022\/07\/TDRS_etudes_techniques_et_controle_des_travaux_marches_a_betail_VF_001.png\" \/>\n<meta name=\"author\" content=\"Pape NDIAYE\" \/>\n<meta name=\"twitter:card\" content=\"summary_large_image\" \/>\n<meta name=\"twitter:label1\" content=\"\u00c9crit par\" \/>\n\t<meta name=\"twitter:data1\" content=\"Pape NDIAYE\" \/>\n\t<meta name=\"twitter:label2\" content=\"Dur\u00e9e de lecture estim\u00e9e\" \/>\n\t<meta name=\"twitter:data2\" content=\"1 minute\" \/>\n<script type=\"application\/ld+json\" class=\"yoast-schema-graph\">{\"@context\":\"https:\/\/schema.org\",\"@graph\":[{\"@type\":\"Article\",\"@id\":\"https:\/\/praps.sn\/archives\/selection-de-consultant-pour-la-realisation-des-etudes-techniques-et-controle-des-travaux-marchands\/#article\",\"isPartOf\":{\"@id\":\"https:\/\/praps.sn\/archives\/selection-de-consultant-pour-la-realisation-des-etudes-techniques-et-controle-des-travaux-marchands\/\"},\"author\":{\"name\":\"Pape NDIAYE\",\"@id\":\"https:\/\/praps.sn\/archives\/#\/schema\/person\/31c9d59c1fbaf4328ed87af12eafe397\"},\"headline\":\"S\u00e9lection de consultant pour la r\u00e9alisation des \u00e9tudes techniques et contr\u00f4le des travaux marchands\",\"datePublished\":\"2022-07-29T09:06:53+00:00\",\"dateModified\":\"2022-07-29T09:06:55+00:00\",\"mainEntityOfPage\":{\"@id\":\"https:\/\/praps.sn\/archives\/selection-de-consultant-pour-la-realisation-des-etudes-techniques-et-controle-des-travaux-marchands\/\"},\"wordCount\":28,\"publisher\":{\"@id\":\"https:\/\/praps.sn\/archives\/#organization\"},\"image\":{\"@id\":\"https:\/\/praps.sn\/archives\/selection-de-consultant-pour-la-realisation-des-etudes-techniques-et-controle-des-travaux-marchands\/#primaryimage\"},\"thumbnailUrl\":\"https:\/\/praps.sn\/archives\/wp-content\/uploads\/2022\/07\/TDRS_etudes_techniques_et_controle_des_travaux_marches_a_betail_VF_001.png\",\"articleSection\":[\"appels d'offre\"],\"inLanguage\":\"fr-FR\"},{\"@type\":\"WebPage\",\"@id\":\"https:\/\/praps.sn\/archives\/selection-de-consultant-pour-la-realisation-des-etudes-techniques-et-controle-des-travaux-marchands\/\",\"url\":\"https:\/\/praps.sn\/archives\/selection-de-consultant-pour-la-realisation-des-etudes-techniques-et-controle-des-travaux-marchands\/\",\"name\":\"S\u00e9lection de consultant pour la r\u00e9alisation des \u00e9tudes techniques et contr\u00f4le des travaux marchands - PRAPS 1 SENEGAL\",\"isPartOf\":{\"@id\":\"https:\/\/praps.sn\/archives\/#website\"},\"primaryImageOfPage\":{\"@id\":\"https:\/\/praps.sn\/archives\/selection-de-consultant-pour-la-realisation-des-etudes-techniques-et-controle-des-travaux-marchands\/#primaryimage\"},\"image\":{\"@id\":\"https:\/\/praps.sn\/archives\/selection-de-consultant-pour-la-realisation-des-etudes-techniques-et-controle-des-travaux-marchands\/#primaryimage\"},\"thumbnailUrl\":\"https:\/\/praps.sn\/archives\/wp-content\/uploads\/2022\/07\/TDRS_etudes_techniques_et_controle_des_travaux_marches_a_betail_VF_001.png\",\"datePublished\":\"2022-07-29T09:06:53+00:00\",\"dateModified\":\"2022-07-29T09:06:55+00:00\",\"breadcrumb\":{\"@id\":\"https:\/\/praps.sn\/archives\/selection-de-consultant-pour-la-realisation-des-etudes-techniques-et-controle-des-travaux-marchands\/#breadcrumb\"},\"inLanguage\":\"fr-FR\",\"potentialAction\":[{\"@type\":\"ReadAction\",\"target\":[\"https:\/\/praps.sn\/archives\/selection-de-consultant-pour-la-realisation-des-etudes-techniques-et-controle-des-travaux-marchands\/\"]}]},{\"@type\":\"ImageObject\",\"inLanguage\":\"fr-FR\",\"@id\":\"https:\/\/praps.sn\/archives\/selection-de-consultant-pour-la-realisation-des-etudes-techniques-et-controle-des-travaux-marchands\/#primaryimage\",\"url\":\"https:\/\/praps.sn\/archives\/wp-content\/uploads\/2022\/07\/TDRS_etudes_techniques_et_controle_des_travaux_marches_a_betail_VF_001.png\",\"contentUrl\":\"https:\/\/praps.sn\/archives\/wp-content\/uploads\/2022\/07\/TDRS_etudes_techniques_et_controle_des_travaux_marches_a_betail_VF_001.png\",\"width\":595,\"height\":842},{\"@type\":\"BreadcrumbList\",\"@id\":\"https:\/\/praps.sn\/archives\/selection-de-consultant-pour-la-realisation-des-etudes-techniques-et-controle-des-travaux-marchands\/#breadcrumb\",\"itemListElement\":[{\"@type\":\"ListItem\",\"position\":1,\"name\":\"Home\",\"item\":\"https:\/\/praps.sn\/archives\/\"},{\"@type\":\"ListItem\",\"position\":2,\"name\":\"S\u00e9lection de consultant pour la r\u00e9alisation des \u00e9tudes techniques et contr\u00f4le des travaux marchands\"}]},{\"@type\":\"WebSite\",\"@id\":\"https:\/\/praps.sn\/archives\/#website\",\"url\":\"https:\/\/praps.sn\/archives\/\",\"name\":\"PRAPS SENEGAL\",\"description\":\"Projet d&#039;Appui au Pastoralisme au Sahel-Phase 1\",\"publisher\":{\"@id\":\"https:\/\/praps.sn\/archives\/#organization\"},\"potentialAction\":[{\"@type\":\"SearchAction\",\"target\":{\"@type\":\"EntryPoint\",\"urlTemplate\":\"https:\/\/praps.sn\/archives\/?s={search_term_string}\"},\"query-input\":\"required name=search_term_string\"}],\"inLanguage\":\"fr-FR\"},{\"@type\":\"Organization\",\"@id\":\"https:\/\/praps.sn\/archives\/#organization\",\"name\":\"PRAPS S\u00e9n\u00e9gal\",\"url\":\"https:\/\/praps.sn\/archives\/\",\"logo\":{\"@type\":\"ImageObject\",\"inLanguage\":\"fr-FR\",\"@id\":\"https:\/\/praps.sn\/archives\/#\/schema\/logo\/image\/\",\"url\":\"https:\/\/praps.sn\/archives\/wp-content\/uploads\/2019\/09\/banniere_praps-1.png\",\"contentUrl\":\"https:\/\/praps.sn\/archives\/wp-content\/uploads\/2019\/09\/banniere_praps-1.png\",\"width\":159,\"height\":154,\"caption\":\"PRAPS S\u00e9n\u00e9gal\"},\"image\":{\"@id\":\"https:\/\/praps.sn\/archives\/#\/schema\/logo\/image\/\"}},{\"@type\":\"Person\",\"@id\":\"https:\/\/praps.sn\/archives\/#\/schema\/person\/31c9d59c1fbaf4328ed87af12eafe397\",\"name\":\"Pape NDIAYE\"}]}<\/script>\n<!-- \/ Yoast SEO plugin. -->","yoast_head_json":{"title":"S\u00e9lection de consultant pour la r\u00e9alisation des \u00e9tudes techniques et contr\u00f4le des travaux marchands - PRAPS 1 SENEGAL","robots":{"index":"index","follow":"follow","max-snippet":"max-snippet:-1","max-image-preview":"max-image-preview:large","max-video-preview":"max-video-preview:-1"},"canonical":"https:\/\/praps.sn\/archives\/selection-de-consultant-pour-la-realisation-des-etudes-techniques-et-controle-des-travaux-marchands\/","og_locale":"fr_FR","og_type":"article","og_title":"S\u00e9lection de consultant pour la r\u00e9alisation des \u00e9tudes techniques et contr\u00f4le des travaux marchands - PRAPS 1 SENEGAL","og_description":"Cliquer pour t\u00e9l\u00e9charger les termes de r\u00e9f\u00e9rences","og_url":"https:\/\/praps.sn\/archives\/selection-de-consultant-pour-la-realisation-des-etudes-techniques-et-controle-des-travaux-marchands\/","og_site_name":"PRAPS 1 SENEGAL","article_published_time":"2022-07-29T09:06:53+00:00","article_modified_time":"2022-07-29T09:06:55+00:00","og_image":[{"url":"https:\/\/praps.sn\/archives\/wp-content\/uploads\/2022\/07\/TDRS_etudes_techniques_et_controle_des_travaux_marches_a_betail_VF_001.png"}],"author":"Pape NDIAYE","twitter_card":"summary_large_image","twitter_misc":{"\u00c9crit par":"Pape NDIAYE","Dur\u00e9e de lecture estim\u00e9e":"1 minute"},"schema":{"@context":"https:\/\/schema.org","@graph":[{"@type":"Article","@id":"https:\/\/praps.sn\/archives\/selection-de-consultant-pour-la-realisation-des-etudes-techniques-et-controle-des-travaux-marchands\/#article","isPartOf":{"@id":"https:\/\/praps.sn\/archives\/selection-de-consultant-pour-la-realisation-des-etudes-techniques-et-controle-des-travaux-marchands\/"},"author":{"name":"Pape NDIAYE","@id":"https:\/\/praps.sn\/archives\/#\/schema\/person\/31c9d59c1fbaf4328ed87af12eafe397"},"headline":"S\u00e9lection de consultant pour la r\u00e9alisation des \u00e9tudes techniques et contr\u00f4le des travaux marchands","datePublished":"2022-07-29T09:06:53+00:00","dateModified":"2022-07-29T09:06:55+00:00","mainEntityOfPage":{"@id":"https:\/\/praps.sn\/archives\/selection-de-consultant-pour-la-realisation-des-etudes-techniques-et-controle-des-travaux-marchands\/"},"wordCount":28,"publisher":{"@id":"https:\/\/praps.sn\/archives\/#organization"},"image":{"@id":"https:\/\/praps.sn\/archives\/selection-de-consultant-pour-la-realisation-des-etudes-techniques-et-controle-des-travaux-marchands\/#primaryimage"},"thumbnailUrl":"https:\/\/praps.sn\/archives\/wp-content\/uploads\/2022\/07\/TDRS_etudes_techniques_et_controle_des_travaux_marches_a_betail_VF_001.png","articleSection":["appels d'offre"],"inLanguage":"fr-FR"},{"@type":"WebPage","@id":"https:\/\/praps.sn\/archives\/selection-de-consultant-pour-la-realisation-des-etudes-techniques-et-controle-des-travaux-marchands\/","url":"https:\/\/praps.sn\/archives\/selection-de-consultant-pour-la-realisation-des-etudes-techniques-et-controle-des-travaux-marchands\/","name":"S\u00e9lection de consultant pour la r\u00e9alisation des \u00e9tudes techniques et contr\u00f4le des travaux marchands - PRAPS 1 SENEGAL","isPartOf":{"@id":"https:\/\/praps.sn\/archives\/#website"},"primaryImageOfPage":{"@id":"https:\/\/praps.sn\/archives\/selection-de-consultant-pour-la-realisation-des-etudes-techniques-et-controle-des-travaux-marchands\/#primaryimage"},"image":{"@id":"https:\/\/praps.sn\/archives\/selection-de-consultant-pour-la-realisation-des-etudes-techniques-et-controle-des-travaux-marchands\/#primaryimage"},"thumbnailUrl":"https:\/\/praps.sn\/archives\/wp-content\/uploads\/2022\/07\/TDRS_etudes_techniques_et_controle_des_travaux_marches_a_betail_VF_001.png","datePublished":"2022-07-29T09:06:53+00:00","dateModified":"2022-07-29T09:06:55+00:00","breadcrumb":{"@id":"https:\/\/praps.sn\/archives\/selection-de-consultant-pour-la-realisation-des-etudes-techniques-et-controle-des-travaux-marchands\/#breadcrumb"},"inLanguage":"fr-FR","potentialAction":[{"@type":"ReadAction","target":["https:\/\/praps.sn\/archives\/selection-de-consultant-pour-la-realisation-des-etudes-techniques-et-controle-des-travaux-marchands\/"]}]},{"@type":"ImageObject","inLanguage":"fr-FR","@id":"https:\/\/praps.sn\/archives\/selection-de-consultant-pour-la-realisation-des-etudes-techniques-et-controle-des-travaux-marchands\/#primaryimage","url":"https:\/\/praps.sn\/archives\/wp-content\/uploads\/2022\/07\/TDRS_etudes_techniques_et_controle_des_travaux_marches_a_betail_VF_001.png","contentUrl":"https:\/\/praps.sn\/archives\/wp-content\/uploads\/2022\/07\/TDRS_etudes_techniques_et_controle_des_travaux_marches_a_betail_VF_001.png","width":595,"height":842},{"@type":"BreadcrumbList","@id":"https:\/\/praps.sn\/archives\/selection-de-consultant-pour-la-realisation-des-etudes-techniques-et-controle-des-travaux-marchands\/#breadcrumb","itemListElement":[{"@type":"ListItem","position":1,"name":"Home","item":"https:\/\/praps.sn\/archives\/"},{"@type":"ListItem","position":2,"name":"S\u00e9lection de consultant pour la r\u00e9alisation des \u00e9tudes techniques et contr\u00f4le des travaux marchands"}]},{"@type":"WebSite","@id":"https:\/\/praps.sn\/archives\/#website","url":"https:\/\/praps.sn\/archives\/","name":"PRAPS SENEGAL","description":"Projet d&#039;Appui au Pastoralisme au Sahel-Phase 1","publisher":{"@id":"https:\/\/praps.sn\/archives\/#organization"},"potentialAction":[{"@type":"SearchAction","target":{"@type":"EntryPoint","urlTemplate":"https:\/\/praps.sn\/archives\/?s={search_term_string}"},"query-input":"required name=search_term_string"}],"inLanguage":"fr-FR"},{"@type":"Organization","@id":"https:\/\/praps.sn\/archives\/#organization","name":"PRAPS S\u00e9n\u00e9gal","url":"https:\/\/praps.sn\/archives\/","logo":{"@type":"ImageObject","inLanguage":"fr-FR","@id":"https:\/\/praps.sn\/archives\/#\/schema\/logo\/image\/","url":"https:\/\/praps.sn\/archives\/wp-content\/uploads\/2019\/09\/banniere_praps-1.png","contentUrl":"https:\/\/praps.sn\/archives\/wp-content\/uploads\/2019\/09\/banniere_praps-1.png","width":159,"height":154,"caption":"PRAPS S\u00e9n\u00e9gal"},"image":{"@id":"https:\/\/praps.sn\/archives\/#\/schema\/logo\/image\/"}},{"@type":"Person","@id":"https:\/\/praps.sn\/archives\/#\/schema\/person\/31c9d59c1fbaf4328ed87af12eafe397","name":"Pape NDIAYE"}]}},"_links":{"self":[{"href":"https:\/\/praps.sn\/archives\/wp-json\/wp\/v2\/posts\/702","targetHints":{"allow":["GET"]}}],"collection":[{"href":"https:\/\/praps.sn\/archives\/wp-json\/wp\/v2\/posts"}],"about":[{"href":"https:\/\/praps.sn\/archives\/wp-json\/wp\/v2\/types\/post"}],"author":[{"embeddable":true,"href":"https:\/\/praps.sn\/archives\/wp-json\/wp\/v2\/users\/4"}],"replies":[{"embeddable":true,"href":"https:\/\/praps.sn\/archives\/wp-json\/wp\/v2\/comments?post=702"}],"version-history":[{"count":1,"href":"https:\/\/praps.sn\/archives\/wp-json\/wp\/v2\/posts\/702\/revisions"}],"predecessor-version":[{"id":705,"href":"https:\/\/praps.sn\/archives\/wp-json\/wp\/v2\/posts\/702\/revisions\/705"}],"wp:attachment":[{"href":"https:\/\/praps.sn\/archives\/wp-json\/wp\/v2\/media?parent=702"}],"wp:term":[{"taxonomy":"category","embeddable":true,"href":"https:\/\/praps.sn\/archives\/wp-json\/wp\/v2\/categories?post=702"},{"taxonomy":"post_tag","embeddable":true,"href":"https:\/\/praps.sn\/archives\/wp-json\/wp\/v2\/tags?post=702"}],"curies":[{"name":"wp","href":"https:\/\/api.w.org\/{rel}","templated":true}]}}