{"id":69,"date":"2019-09-19T02:12:27","date_gmt":"2019-09-19T01:12:27","guid":{"rendered":"https:\/\/praps.sn\/archives\/?p=69"},"modified":"2022-03-07T20:08:32","modified_gmt":"2022-03-07T19:08:32","slug":"presentation","status":"publish","type":"post","link":"https:\/\/praps.sn\/archives\/presentation\/","title":{"rendered":"Pr\u00e9sentation"},"content":{"rendered":"\r\n<ul class=\"wp-block-list\">\r\n<li>Fait partie de l\u2019Initiative Sahel lanc\u00e9e par la Banque mondiale (BM)<\/li>\r\n<li>En droite ligne de la D\u00c9CLARATION DE NOUAKCHOTT SUR LE PASTORALISME (29\/10\/2013) qui donne l\u2019architecture du PRAPS (dispositions institutionnelles et 4 composantes techniques)<\/li>\r\n<li>Projet r\u00e9gional\u00a0 pour 6 pays Sah\u00e9liens (Burkina Faso, Mali, Mauritanie, Niger, Tchad et le S\u00e9n\u00e9gal)<\/li>\r\n<li>Coordination r\u00e9gionale: CILSS<\/li>\r\n<li>Coordination nationale: PRAPS-SN<\/li>\r\n<li>\r\n<p>Le PRAPS2 S\u00e9n\u00e9gal est dot\u00e9 d\u2019un financement global de <b>52 millions de dollars.<\/b><\/p>\r\n<\/li>\r\n<li>Une dur\u00e9e de 6 ans (2022-2027)<\/li>\r\n<\/ul>\r\n","protected":false},"excerpt":{"rendered":"<p>Fait partie de l\u2019Initiative Sahel lanc\u00e9e par la Banque mondiale (BM) En droite ligne de la D\u00c9CLARATION DE NOUAKCHOTT SUR LE PASTORALISME (29\/10\/2013) qui donne l\u2019architecture du PRAPS (dispositions institutionnelles et 4 composantes techniques) Projet r\u00e9gional\u00a0 pour 6 pays Sah\u00e9liens (Burkina Faso, Mali, Mauritanie, Niger, Tchad et le S\u00e9n\u00e9gal) Coordination r\u00e9gionale: CILSS Coordination nationale: PRAPS-SN &hellip;<\/p>\n","protected":false},"author":4,"featured_media":0,"comment_status":"closed","ping_status":"closed","sticky":false,"template":"","format":"standard","meta":{"_monsterinsights_skip_tracking":false,"_monsterinsights_sitenote_active":false,"_monsterinsights_sitenote_note":"","_monsterinsights_sitenote_category":0,"footnotes":""},"categories":[11],"tags":[],"class_list":["post-69","post","type-post","status-publish","format-standard","","category-le-projet"],"yoast_head":"<!-- This site is optimized with the Yoast SEO plugin v22.7 - https:\/\/yoast.com\/wordpress\/plugins\/seo\/ -->\n<title>Pr\u00e9sentation - PRAPS 1 SENEGAL<\/title>\n<meta name=\"robots\" content=\"index, follow, max-snippet:-1, max-image-preview:large, max-video-preview:-1\" \/>\n<link rel=\"canonical\" href=\"https:\/\/praps.sn\/archives\/presentation\/\" \/>\n<meta property=\"og:locale\" content=\"fr_FR\" \/>\n<meta property=\"og:type\" content=\"article\" \/>\n<meta property=\"og:title\" content=\"Pr\u00e9sentation - PRAPS 1 SENEGAL\" \/>\n<meta property=\"og:description\" content=\"Fait partie de l\u2019Initiative Sahel lanc\u00e9e par la Banque mondiale (BM) En droite ligne de la D\u00c9CLARATION DE NOUAKCHOTT SUR LE PASTORALISME (29\/10\/2013) qui donne l\u2019architecture du PRAPS (dispositions institutionnelles et 4 composantes techniques) Projet r\u00e9gional\u00a0 pour 6 pays Sah\u00e9liens (Burkina Faso, Mali, Mauritanie, Niger, Tchad et le S\u00e9n\u00e9gal) Coordination r\u00e9gionale: CILSS Coordination nationale: PRAPS-SN &hellip;\" \/>\n<meta property=\"og:url\" content=\"https:\/\/praps.sn\/archives\/presentation\/\" \/>\n<meta property=\"og:site_name\" content=\"PRAPS 1 SENEGAL\" \/>\n<meta property=\"article:published_time\" content=\"2019-09-19T01:12:27+00:00\" \/>\n<meta property=\"article:modified_time\" content=\"2022-03-07T19:08:32+00:00\" \/>\n<meta name=\"author\" content=\"Pape NDIAYE\" \/>\n<meta name=\"twitter:card\" content=\"summary_large_image\" \/>\n<meta name=\"twitter:label1\" content=\"\u00c9crit par\" \/>\n\t<meta name=\"twitter:data1\" content=\"Pape NDIAYE\" \/>\n<script type=\"application\/ld+json\" class=\"yoast-schema-graph\">{\"@context\":\"https:\/\/schema.org\",\"@graph\":[{\"@type\":\"Article\",\"@id\":\"https:\/\/praps.sn\/archives\/presentation\/#article\",\"isPartOf\":{\"@id\":\"https:\/\/praps.sn\/archives\/presentation\/\"},\"author\":{\"name\":\"Pape NDIAYE\",\"@id\":\"https:\/\/praps.sn\/archives\/#\/schema\/person\/31c9d59c1fbaf4328ed87af12eafe397\"},\"headline\":\"Pr\u00e9sentation\",\"datePublished\":\"2019-09-19T01:12:27+00:00\",\"dateModified\":\"2022-03-07T19:08:32+00:00\",\"mainEntityOfPage\":{\"@id\":\"https:\/\/praps.sn\/archives\/presentation\/\"},\"wordCount\":84,\"publisher\":{\"@id\":\"https:\/\/praps.sn\/archives\/#organization\"},\"articleSection\":[\"Le Projet\"],\"inLanguage\":\"fr-FR\"},{\"@type\":\"WebPage\",\"@id\":\"https:\/\/praps.sn\/archives\/presentation\/\",\"url\":\"https:\/\/praps.sn\/archives\/presentation\/\",\"name\":\"Pr\u00e9sentation - PRAPS 1 SENEGAL\",\"isPartOf\":{\"@id\":\"https:\/\/praps.sn\/archives\/#website\"},\"datePublished\":\"2019-09-19T01:12:27+00:00\",\"dateModified\":\"2022-03-07T19:08:32+00:00\",\"breadcrumb\":{\"@id\":\"https:\/\/praps.sn\/archives\/presentation\/#breadcrumb\"},\"inLanguage\":\"fr-FR\",\"potentialAction\":[{\"@type\":\"ReadAction\",\"target\":[\"https:\/\/praps.sn\/archives\/presentation\/\"]}]},{\"@type\":\"BreadcrumbList\",\"@id\":\"https:\/\/praps.sn\/archives\/presentation\/#breadcrumb\",\"itemListElement\":[{\"@type\":\"ListItem\",\"position\":1,\"name\":\"Home\",\"item\":\"https:\/\/praps.sn\/archives\/\"},{\"@type\":\"ListItem\",\"position\":2,\"name\":\"Pr\u00e9sentation\"}]},{\"@type\":\"WebSite\",\"@id\":\"https:\/\/praps.sn\/archives\/#website\",\"url\":\"https:\/\/praps.sn\/archives\/\",\"name\":\"PRAPS SENEGAL\",\"description\":\"Projet d&#039;Appui au Pastoralisme au Sahel-Phase 1\",\"publisher\":{\"@id\":\"https:\/\/praps.sn\/archives\/#organization\"},\"potentialAction\":[{\"@type\":\"SearchAction\",\"target\":{\"@type\":\"EntryPoint\",\"urlTemplate\":\"https:\/\/praps.sn\/archives\/?s={search_term_string}\"},\"query-input\":\"required name=search_term_string\"}],\"inLanguage\":\"fr-FR\"},{\"@type\":\"Organization\",\"@id\":\"https:\/\/praps.sn\/archives\/#organization\",\"name\":\"PRAPS S\u00e9n\u00e9gal\",\"url\":\"https:\/\/praps.sn\/archives\/\",\"logo\":{\"@type\":\"ImageObject\",\"inLanguage\":\"fr-FR\",\"@id\":\"https:\/\/praps.sn\/archives\/#\/schema\/logo\/image\/\",\"url\":\"https:\/\/praps.sn\/archives\/wp-content\/uploads\/2019\/09\/banniere_praps-1.png\",\"contentUrl\":\"https:\/\/praps.sn\/archives\/wp-content\/uploads\/2019\/09\/banniere_praps-1.png\",\"width\":159,\"height\":154,\"caption\":\"PRAPS S\u00e9n\u00e9gal\"},\"image\":{\"@id\":\"https:\/\/praps.sn\/archives\/#\/schema\/logo\/image\/\"}},{\"@type\":\"Person\",\"@id\":\"https:\/\/praps.sn\/archives\/#\/schema\/person\/31c9d59c1fbaf4328ed87af12eafe397\",\"name\":\"Pape NDIAYE\"}]}<\/script>\n<!-- \/ Yoast SEO plugin. -->","yoast_head_json":{"title":"Pr\u00e9sentation - PRAPS 1 SENEGAL","robots":{"index":"index","follow":"follow","max-snippet":"max-snippet:-1","max-image-preview":"max-image-preview:large","max-video-preview":"max-video-preview:-1"},"canonical":"https:\/\/praps.sn\/archives\/presentation\/","og_locale":"fr_FR","og_type":"article","og_title":"Pr\u00e9sentation - PRAPS 1 SENEGAL","og_description":"Fait partie de l\u2019Initiative Sahel lanc\u00e9e par la Banque mondiale (BM) En droite ligne de la D\u00c9CLARATION DE NOUAKCHOTT SUR LE PASTORALISME (29\/10\/2013) qui donne l\u2019architecture du PRAPS (dispositions institutionnelles et 4 composantes techniques) Projet r\u00e9gional\u00a0 pour 6 pays Sah\u00e9liens (Burkina Faso, Mali, Mauritanie, Niger, Tchad et le S\u00e9n\u00e9gal) Coordination r\u00e9gionale: CILSS Coordination nationale: PRAPS-SN &hellip;","og_url":"https:\/\/praps.sn\/archives\/presentation\/","og_site_name":"PRAPS 1 SENEGAL","article_published_time":"2019-09-19T01:12:27+00:00","article_modified_time":"2022-03-07T19:08:32+00:00","author":"Pape NDIAYE","twitter_card":"summary_large_image","twitter_misc":{"\u00c9crit par":"Pape NDIAYE"},"schema":{"@context":"https:\/\/schema.org","@graph":[{"@type":"Article","@id":"https:\/\/praps.sn\/archives\/presentation\/#article","isPartOf":{"@id":"https:\/\/praps.sn\/archives\/presentation\/"},"author":{"name":"Pape NDIAYE","@id":"https:\/\/praps.sn\/archives\/#\/schema\/person\/31c9d59c1fbaf4328ed87af12eafe397"},"headline":"Pr\u00e9sentation","datePublished":"2019-09-19T01:12:27+00:00","dateModified":"2022-03-07T19:08:32+00:00","mainEntityOfPage":{"@id":"https:\/\/praps.sn\/archives\/presentation\/"},"wordCount":84,"publisher":{"@id":"https:\/\/praps.sn\/archives\/#organization"},"articleSection":["Le Projet"],"inLanguage":"fr-FR"},{"@type":"WebPage","@id":"https:\/\/praps.sn\/archives\/presentation\/","url":"https:\/\/praps.sn\/archives\/presentation\/","name":"Pr\u00e9sentation - PRAPS 1 SENEGAL","isPartOf":{"@id":"https:\/\/praps.sn\/archives\/#website"},"datePublished":"2019-09-19T01:12:27+00:00","dateModified":"2022-03-07T19:08:32+00:00","breadcrumb":{"@id":"https:\/\/praps.sn\/archives\/presentation\/#breadcrumb"},"inLanguage":"fr-FR","potentialAction":[{"@type":"ReadAction","target":["https:\/\/praps.sn\/archives\/presentation\/"]}]},{"@type":"BreadcrumbList","@id":"https:\/\/praps.sn\/archives\/presentation\/#breadcrumb","itemListElement":[{"@type":"ListItem","position":1,"name":"Home","item":"https:\/\/praps.sn\/archives\/"},{"@type":"ListItem","position":2,"name":"Pr\u00e9sentation"}]},{"@type":"WebSite","@id":"https:\/\/praps.sn\/archives\/#website","url":"https:\/\/praps.sn\/archives\/","name":"PRAPS SENEGAL","description":"Projet d&#039;Appui au Pastoralisme au Sahel-Phase 1","publisher":{"@id":"https:\/\/praps.sn\/archives\/#organization"},"potentialAction":[{"@type":"SearchAction","target":{"@type":"EntryPoint","urlTemplate":"https:\/\/praps.sn\/archives\/?s={search_term_string}"},"query-input":"required name=search_term_string"}],"inLanguage":"fr-FR"},{"@type":"Organization","@id":"https:\/\/praps.sn\/archives\/#organization","name":"PRAPS S\u00e9n\u00e9gal","url":"https:\/\/praps.sn\/archives\/","logo":{"@type":"ImageObject","inLanguage":"fr-FR","@id":"https:\/\/praps.sn\/archives\/#\/schema\/logo\/image\/","url":"https:\/\/praps.sn\/archives\/wp-content\/uploads\/2019\/09\/banniere_praps-1.png","contentUrl":"https:\/\/praps.sn\/archives\/wp-content\/uploads\/2019\/09\/banniere_praps-1.png","width":159,"height":154,"caption":"PRAPS S\u00e9n\u00e9gal"},"image":{"@id":"https:\/\/praps.sn\/archives\/#\/schema\/logo\/image\/"}},{"@type":"Person","@id":"https:\/\/praps.sn\/archives\/#\/schema\/person\/31c9d59c1fbaf4328ed87af12eafe397","name":"Pape NDIAYE"}]}},"_links":{"self":[{"href":"https:\/\/praps.sn\/archives\/wp-json\/wp\/v2\/posts\/69","targetHints":{"allow":["GET"]}}],"collection":[{"href":"https:\/\/praps.sn\/archives\/wp-json\/wp\/v2\/posts"}],"about":[{"href":"https:\/\/praps.sn\/archives\/wp-json\/wp\/v2\/types\/post"}],"author":[{"embeddable":true,"href":"https:\/\/praps.sn\/archives\/wp-json\/wp\/v2\/users\/4"}],"replies":[{"embeddable":true,"href":"https:\/\/praps.sn\/archives\/wp-json\/wp\/v2\/comments?post=69"}],"version-history":[{"count":3,"href":"https:\/\/praps.sn\/archives\/wp-json\/wp\/v2\/posts\/69\/revisions"}],"predecessor-version":[{"id":516,"href":"https:\/\/praps.sn\/archives\/wp-json\/wp\/v2\/posts\/69\/revisions\/516"}],"wp:attachment":[{"href":"https:\/\/praps.sn\/archives\/wp-json\/wp\/v2\/media?parent=69"}],"wp:term":[{"taxonomy":"category","embeddable":true,"href":"https:\/\/praps.sn\/archives\/wp-json\/wp\/v2\/categories?post=69"},{"taxonomy":"post_tag","embeddable":true,"href":"https:\/\/praps.sn\/archives\/wp-json\/wp\/v2\/tags?post=69"}],"curies":[{"name":"wp","href":"https:\/\/api.w.org\/{rel}","templated":true}]}}