{"id":666,"date":"2022-06-17T13:07:37","date_gmt":"2022-06-17T12:07:37","guid":{"rendered":"https:\/\/praps.sn\/archives\/?p=666"},"modified":"2022-10-21T16:54:28","modified_gmt":"2022-10-21T15:54:28","slug":"renforcement-des-services-veterinaires-nationaux-le-praps-2-sn-dope-la-dsv-en-equipements-informatiques-et-autres-accessoires","status":"publish","type":"post","link":"https:\/\/praps.sn\/archives\/renforcement-des-services-veterinaires-nationaux-le-praps-2-sn-dope-la-dsv-en-equipements-informatiques-et-autres-accessoires\/","title":{"rendered":"Renforcement des services v\u00e9t\u00e9rinaires nationaux\u00a0: Le PRAPS-2-SN dote la DSV en \u00e9quipements informatiques et autres accessoires"},"content":{"rendered":"\n<p>Le Secr\u00e9taire G\u00e9n\u00e9ral du Minist\u00e8re de l\u2019\u00c9levage et des Productions Animales (MEPA), Monsieur Ousmane Mbaye et le Coordonnateur national du Projet R\u00e9gional d\u2019Appui au Pastoralisme au Sahel-Phase2, Monsieur Mamadou Ousseynou Sakho, ont proc\u00e9d\u00e9 ce mardi 14 juin 2022, au si\u00e8ge de la Direction des Services V\u00e9t\u00e9rinaires, aux Sph\u00e8res Minist\u00e9rielles Ousmane Tanor DIENG de Diamniadio \u00e0 la remise d\u2019un important lot de mat\u00e9riel informatique et autres accessoires, destin\u00e9s aux agents &nbsp;pour le renforcement de la capacit\u00e9 d\u2019intervention des services du d\u00e9partement. Dre Adji Mar\u00e8me GAYE, Responsable de la Composante I du PRAPS2 SN&nbsp;&nbsp; a re\u00e7u le mat\u00e9riel au nom du Directeur des Services V\u00e9t\u00e9rinaires, Docteur Mbargou LO, emp\u00each\u00e9. Elle a remerci\u00e9 bien vivement le projet pour cet important appui qui va contribuer \u00e0 l\u2019am\u00e9lioration des conditions de travail du dispositif.<\/p>\n\n\n\n<p>Ces \u00e9quipements, dont le montant est estim\u00e9 \u00e0 56.000.000 de FCFA, entrent dans le cadre de la mise en \u0153uvre de la convention sign\u00e9e entre le Secr\u00e9tariat g\u00e9n\u00e9ral du MEPA et l\u2019Unit\u00e9 de Coordination du PRAPS-2-SN.<\/p>\n\n\n\n<p>Le lot de mat\u00e9riel est compos\u00e9 de 20 ordinateurs portables de marque HP, de 20 ordinateurs fixes, 20 imprimantes grand format, 06 photocopieuses 3226i canon, de 20 GPS, un t\u00e9l\u00e9viseur grand format 75 pouces, 40 cl\u00e9s USB de 32 GO, 40 disques durs 1 TO,10 c\u00e2bles HDMI, 20 convertisseurs et 40 HUB USB.<\/p>\n\n\n\n<p>Au nom du PRAPS-2-SN, le Coordonnateur SAKHO a d\u2019embl\u00e9e indiqu\u00e9 l\u2019importance de cet appui pour la performance des services v\u00e9t\u00e9rinaires et particuli\u00e8rement pour le bon suivi des activit\u00e9s. Il a aussi pr\u00e9cis\u00e9 que l\u2019appui pour la mobilit\u00e9 des services est engag\u00e9 et \u00e0 cet effet, le carburant sera disponible dans les prochains jours pour tout le dispositif concern\u00e9 par la mise en \u0153uvre de la convention SG MEPA-UCP PRAPS2SN. Concernant le mat\u00e9riel roulant, il a inform\u00e9 l\u2019assistance que le DAO d\u2019acquisition est soumis \u00e0 la Banque mondiale pour ANO.<\/p>\n\n\n\n<p>A son tour, le Secr\u00e9taire G\u00e9n\u00e9ral, Monsieur Ousmane MBAYE, au nom du Ministre de l\u2019\u00c9levage et des Productions Animales, Monsieur Aly Saleh DIOP, , a salu\u00e9 cet appui et exhort\u00e9 le PRAPS2-SN \u00e0 pers\u00e9v\u00e9rer dans cette voie afin de mobiliser tout le dispositif du MEPA et les autres partenaires de mise en \u0153uvre en vue de l\u2019atteinte des objectifs poursuivis par le d\u00e9partement en g\u00e9n\u00e9ral et le projet en particulier. Ensuite, il a insist\u00e9 sur le r\u00f4le central de la Direction des Services v\u00e9t\u00e9rinaires pour la coordination des actions de sant\u00e9 animale et notamment pour une bonne ex\u00e9cution de la campagne de vaccination contre les maladies prioritaires comme la peste des petits ruminants.<\/p>\n\n\n\n<figure class=\"wp-block-image size-full is-resized\"><img loading=\"lazy\" decoding=\"async\" src=\"https:\/\/praps.sn\/archives\/wp-content\/uploads\/2022\/06\/MI2-edited.jpg\" alt=\"\" class=\"wp-image-669\" width=\"577\" height=\"407\" srcset=\"https:\/\/praps.sn\/archives\/wp-content\/uploads\/2022\/06\/MI2-edited.jpg 842w, https:\/\/praps.sn\/archives\/wp-content\/uploads\/2022\/06\/MI2-edited-300x212.jpg 300w, https:\/\/praps.sn\/archives\/wp-content\/uploads\/2022\/06\/MI2-edited-768x543.jpg 768w\" sizes=\"auto, (max-width: 577px) 100vw, 577px\" \/><\/figure>\n\n\n\n<figure class=\"wp-block-image size-full is-resized\"><img loading=\"lazy\" decoding=\"async\" src=\"https:\/\/praps.sn\/archives\/wp-content\/uploads\/2022\/06\/MI1.jpg\" alt=\"\" class=\"wp-image-667\" width=\"559\" height=\"418\" srcset=\"https:\/\/praps.sn\/archives\/wp-content\/uploads\/2022\/06\/MI1.jpg 675w, https:\/\/praps.sn\/archives\/wp-content\/uploads\/2022\/06\/MI1-300x225.jpg 300w\" sizes=\"auto, (max-width: 559px) 100vw, 559px\" \/><\/figure>\n\n\n\n<p class=\"has-text-align-right\"><strong>Badara POUYE<\/strong><\/p>\n\n\n\n<p class=\"has-text-align-right\"><strong>RESCOM PRAPS-2-SN<\/strong><\/p>\n\n\n\n<p><\/p>\n","protected":false},"excerpt":{"rendered":"<p>Le Secr\u00e9taire G\u00e9n\u00e9ral du Minist\u00e8re de l\u2019\u00c9levage et des Productions Animales (MEPA), Monsieur Ousmane Mbaye et le Coordonnateur national du Projet R\u00e9gional d\u2019Appui au Pastoralisme au Sahel-Phase2, Monsieur Mamadou Ousseynou Sakho, ont proc\u00e9d\u00e9 ce mardi 14 juin 2022, au si\u00e8ge de la Direction des Services V\u00e9t\u00e9rinaires, aux Sph\u00e8res Minist\u00e9rielles Ousmane Tanor DIENG de Diamniadio \u00e0 &hellip;<\/p>\n","protected":false},"author":4,"featured_media":667,"comment_status":"closed","ping_status":"closed","sticky":false,"template":"","format":"standard","meta":{"_monsterinsights_skip_tracking":false,"_monsterinsights_sitenote_active":false,"_monsterinsights_sitenote_note":"","_monsterinsights_sitenote_category":0,"footnotes":""},"categories":[4,6,1],"tags":[],"class_list":["post-666","post","type-post","status-publish","format-standard","has-post-thumbnail","","category-a-la-une","category-amelioration-de-la-gestion-des-ressources-naturelles","category-non-classe"],"yoast_head":"<!-- This site is optimized with the Yoast SEO plugin v22.7 - https:\/\/yoast.com\/wordpress\/plugins\/seo\/ -->\n<title>Renforcement des services v\u00e9t\u00e9rinaires nationaux\u00a0: Le PRAPS-2-SN dote la DSV en \u00e9quipements informatiques et autres accessoires - PRAPS 1 SENEGAL<\/title>\n<meta name=\"robots\" content=\"index, follow, max-snippet:-1, max-image-preview:large, max-video-preview:-1\" \/>\n<link rel=\"canonical\" href=\"https:\/\/praps.sn\/archives\/renforcement-des-services-veterinaires-nationaux-le-praps-2-sn-dope-la-dsv-en-equipements-informatiques-et-autres-accessoires\/\" \/>\n<meta property=\"og:locale\" content=\"fr_FR\" \/>\n<meta property=\"og:type\" content=\"article\" \/>\n<meta property=\"og:title\" content=\"Renforcement des services v\u00e9t\u00e9rinaires nationaux\u00a0: Le PRAPS-2-SN dote la DSV en \u00e9quipements informatiques et autres accessoires - PRAPS 1 SENEGAL\" \/>\n<meta property=\"og:description\" content=\"Le Secr\u00e9taire G\u00e9n\u00e9ral du Minist\u00e8re de l\u2019\u00c9levage et des Productions Animales (MEPA), Monsieur Ousmane Mbaye et le Coordonnateur national du Projet R\u00e9gional d\u2019Appui au Pastoralisme au Sahel-Phase2, Monsieur Mamadou Ousseynou Sakho, ont proc\u00e9d\u00e9 ce mardi 14 juin 2022, au si\u00e8ge de la Direction des Services V\u00e9t\u00e9rinaires, aux Sph\u00e8res Minist\u00e9rielles Ousmane Tanor DIENG de Diamniadio \u00e0 &hellip;\" \/>\n<meta property=\"og:url\" content=\"https:\/\/praps.sn\/archives\/renforcement-des-services-veterinaires-nationaux-le-praps-2-sn-dope-la-dsv-en-equipements-informatiques-et-autres-accessoires\/\" \/>\n<meta property=\"og:site_name\" content=\"PRAPS 1 SENEGAL\" \/>\n<meta property=\"article:published_time\" content=\"2022-06-17T12:07:37+00:00\" \/>\n<meta property=\"article:modified_time\" content=\"2022-10-21T15:54:28+00:00\" \/>\n<meta property=\"og:image\" content=\"https:\/\/praps.sn\/archives\/wp-content\/uploads\/2022\/06\/MI1.jpg\" \/>\n\t<meta property=\"og:image:width\" content=\"675\" \/>\n\t<meta property=\"og:image:height\" content=\"506\" \/>\n\t<meta property=\"og:image:type\" content=\"image\/jpeg\" \/>\n<meta name=\"author\" content=\"Pape NDIAYE\" \/>\n<meta name=\"twitter:card\" content=\"summary_large_image\" \/>\n<meta name=\"twitter:label1\" content=\"\u00c9crit par\" \/>\n\t<meta name=\"twitter:data1\" content=\"Pape NDIAYE\" \/>\n\t<meta name=\"twitter:label2\" content=\"Dur\u00e9e de lecture estim\u00e9e\" \/>\n\t<meta name=\"twitter:data2\" content=\"3 minutes\" \/>\n<script type=\"application\/ld+json\" class=\"yoast-schema-graph\">{\"@context\":\"https:\/\/schema.org\",\"@graph\":[{\"@type\":\"Article\",\"@id\":\"https:\/\/praps.sn\/archives\/renforcement-des-services-veterinaires-nationaux-le-praps-2-sn-dope-la-dsv-en-equipements-informatiques-et-autres-accessoires\/#article\",\"isPartOf\":{\"@id\":\"https:\/\/praps.sn\/archives\/renforcement-des-services-veterinaires-nationaux-le-praps-2-sn-dope-la-dsv-en-equipements-informatiques-et-autres-accessoires\/\"},\"author\":{\"name\":\"Pape NDIAYE\",\"@id\":\"https:\/\/praps.sn\/archives\/#\/schema\/person\/31c9d59c1fbaf4328ed87af12eafe397\"},\"headline\":\"Renforcement des services v\u00e9t\u00e9rinaires nationaux\u00a0: Le PRAPS-2-SN dote la DSV en \u00e9quipements informatiques et autres accessoires\",\"datePublished\":\"2022-06-17T12:07:37+00:00\",\"dateModified\":\"2022-10-21T15:54:28+00:00\",\"mainEntityOfPage\":{\"@id\":\"https:\/\/praps.sn\/archives\/renforcement-des-services-veterinaires-nationaux-le-praps-2-sn-dope-la-dsv-en-equipements-informatiques-et-autres-accessoires\/\"},\"wordCount\":491,\"publisher\":{\"@id\":\"https:\/\/praps.sn\/archives\/#organization\"},\"image\":{\"@id\":\"https:\/\/praps.sn\/archives\/renforcement-des-services-veterinaires-nationaux-le-praps-2-sn-dope-la-dsv-en-equipements-informatiques-et-autres-accessoires\/#primaryimage\"},\"thumbnailUrl\":\"https:\/\/praps.sn\/archives\/wp-content\/uploads\/2022\/06\/MI1.jpg\",\"articleSection\":[\"A la une\",\"Am\u00e9lioration de la gestion des ressources naturelles\"],\"inLanguage\":\"fr-FR\"},{\"@type\":\"WebPage\",\"@id\":\"https:\/\/praps.sn\/archives\/renforcement-des-services-veterinaires-nationaux-le-praps-2-sn-dope-la-dsv-en-equipements-informatiques-et-autres-accessoires\/\",\"url\":\"https:\/\/praps.sn\/archives\/renforcement-des-services-veterinaires-nationaux-le-praps-2-sn-dope-la-dsv-en-equipements-informatiques-et-autres-accessoires\/\",\"name\":\"Renforcement des services v\u00e9t\u00e9rinaires nationaux\u00a0: Le PRAPS-2-SN dote la DSV en \u00e9quipements informatiques et autres accessoires - PRAPS 1 SENEGAL\",\"isPartOf\":{\"@id\":\"https:\/\/praps.sn\/archives\/#website\"},\"primaryImageOfPage\":{\"@id\":\"https:\/\/praps.sn\/archives\/renforcement-des-services-veterinaires-nationaux-le-praps-2-sn-dope-la-dsv-en-equipements-informatiques-et-autres-accessoires\/#primaryimage\"},\"image\":{\"@id\":\"https:\/\/praps.sn\/archives\/renforcement-des-services-veterinaires-nationaux-le-praps-2-sn-dope-la-dsv-en-equipements-informatiques-et-autres-accessoires\/#primaryimage\"},\"thumbnailUrl\":\"https:\/\/praps.sn\/archives\/wp-content\/uploads\/2022\/06\/MI1.jpg\",\"datePublished\":\"2022-06-17T12:07:37+00:00\",\"dateModified\":\"2022-10-21T15:54:28+00:00\",\"breadcrumb\":{\"@id\":\"https:\/\/praps.sn\/archives\/renforcement-des-services-veterinaires-nationaux-le-praps-2-sn-dope-la-dsv-en-equipements-informatiques-et-autres-accessoires\/#breadcrumb\"},\"inLanguage\":\"fr-FR\",\"potentialAction\":[{\"@type\":\"ReadAction\",\"target\":[\"https:\/\/praps.sn\/archives\/renforcement-des-services-veterinaires-nationaux-le-praps-2-sn-dope-la-dsv-en-equipements-informatiques-et-autres-accessoires\/\"]}]},{\"@type\":\"ImageObject\",\"inLanguage\":\"fr-FR\",\"@id\":\"https:\/\/praps.sn\/archives\/renforcement-des-services-veterinaires-nationaux-le-praps-2-sn-dope-la-dsv-en-equipements-informatiques-et-autres-accessoires\/#primaryimage\",\"url\":\"https:\/\/praps.sn\/archives\/wp-content\/uploads\/2022\/06\/MI1.jpg\",\"contentUrl\":\"https:\/\/praps.sn\/archives\/wp-content\/uploads\/2022\/06\/MI1.jpg\",\"width\":675,\"height\":506},{\"@type\":\"BreadcrumbList\",\"@id\":\"https:\/\/praps.sn\/archives\/renforcement-des-services-veterinaires-nationaux-le-praps-2-sn-dope-la-dsv-en-equipements-informatiques-et-autres-accessoires\/#breadcrumb\",\"itemListElement\":[{\"@type\":\"ListItem\",\"position\":1,\"name\":\"Home\",\"item\":\"https:\/\/praps.sn\/archives\/\"},{\"@type\":\"ListItem\",\"position\":2,\"name\":\"Renforcement des services v\u00e9t\u00e9rinaires nationaux\u00a0: Le PRAPS-2-SN dote la DSV en \u00e9quipements informatiques et autres accessoires\"}]},{\"@type\":\"WebSite\",\"@id\":\"https:\/\/praps.sn\/archives\/#website\",\"url\":\"https:\/\/praps.sn\/archives\/\",\"name\":\"PRAPS SENEGAL\",\"description\":\"Projet d&#039;Appui au Pastoralisme au Sahel-Phase 1\",\"publisher\":{\"@id\":\"https:\/\/praps.sn\/archives\/#organization\"},\"potentialAction\":[{\"@type\":\"SearchAction\",\"target\":{\"@type\":\"EntryPoint\",\"urlTemplate\":\"https:\/\/praps.sn\/archives\/?s={search_term_string}\"},\"query-input\":\"required name=search_term_string\"}],\"inLanguage\":\"fr-FR\"},{\"@type\":\"Organization\",\"@id\":\"https:\/\/praps.sn\/archives\/#organization\",\"name\":\"PRAPS S\u00e9n\u00e9gal\",\"url\":\"https:\/\/praps.sn\/archives\/\",\"logo\":{\"@type\":\"ImageObject\",\"inLanguage\":\"fr-FR\",\"@id\":\"https:\/\/praps.sn\/archives\/#\/schema\/logo\/image\/\",\"url\":\"https:\/\/praps.sn\/archives\/wp-content\/uploads\/2019\/09\/banniere_praps-1.png\",\"contentUrl\":\"https:\/\/praps.sn\/archives\/wp-content\/uploads\/2019\/09\/banniere_praps-1.png\",\"width\":159,\"height\":154,\"caption\":\"PRAPS S\u00e9n\u00e9gal\"},\"image\":{\"@id\":\"https:\/\/praps.sn\/archives\/#\/schema\/logo\/image\/\"}},{\"@type\":\"Person\",\"@id\":\"https:\/\/praps.sn\/archives\/#\/schema\/person\/31c9d59c1fbaf4328ed87af12eafe397\",\"name\":\"Pape NDIAYE\"}]}<\/script>\n<!-- \/ Yoast SEO plugin. -->","yoast_head_json":{"title":"Renforcement des services v\u00e9t\u00e9rinaires nationaux\u00a0: Le PRAPS-2-SN dote la DSV en \u00e9quipements informatiques et autres accessoires - PRAPS 1 SENEGAL","robots":{"index":"index","follow":"follow","max-snippet":"max-snippet:-1","max-image-preview":"max-image-preview:large","max-video-preview":"max-video-preview:-1"},"canonical":"https:\/\/praps.sn\/archives\/renforcement-des-services-veterinaires-nationaux-le-praps-2-sn-dope-la-dsv-en-equipements-informatiques-et-autres-accessoires\/","og_locale":"fr_FR","og_type":"article","og_title":"Renforcement des services v\u00e9t\u00e9rinaires nationaux\u00a0: Le PRAPS-2-SN dote la DSV en \u00e9quipements informatiques et autres accessoires - PRAPS 1 SENEGAL","og_description":"Le Secr\u00e9taire G\u00e9n\u00e9ral du Minist\u00e8re de l\u2019\u00c9levage et des Productions Animales (MEPA), Monsieur Ousmane Mbaye et le Coordonnateur national du Projet R\u00e9gional d\u2019Appui au Pastoralisme au Sahel-Phase2, Monsieur Mamadou Ousseynou Sakho, ont proc\u00e9d\u00e9 ce mardi 14 juin 2022, au si\u00e8ge de la Direction des Services V\u00e9t\u00e9rinaires, aux Sph\u00e8res Minist\u00e9rielles Ousmane Tanor DIENG de Diamniadio \u00e0 &hellip;","og_url":"https:\/\/praps.sn\/archives\/renforcement-des-services-veterinaires-nationaux-le-praps-2-sn-dope-la-dsv-en-equipements-informatiques-et-autres-accessoires\/","og_site_name":"PRAPS 1 SENEGAL","article_published_time":"2022-06-17T12:07:37+00:00","article_modified_time":"2022-10-21T15:54:28+00:00","og_image":[{"width":675,"height":506,"url":"https:\/\/praps.sn\/archives\/wp-content\/uploads\/2022\/06\/MI1.jpg","type":"image\/jpeg"}],"author":"Pape NDIAYE","twitter_card":"summary_large_image","twitter_misc":{"\u00c9crit par":"Pape NDIAYE","Dur\u00e9e de lecture estim\u00e9e":"3 minutes"},"schema":{"@context":"https:\/\/schema.org","@graph":[{"@type":"Article","@id":"https:\/\/praps.sn\/archives\/renforcement-des-services-veterinaires-nationaux-le-praps-2-sn-dope-la-dsv-en-equipements-informatiques-et-autres-accessoires\/#article","isPartOf":{"@id":"https:\/\/praps.sn\/archives\/renforcement-des-services-veterinaires-nationaux-le-praps-2-sn-dope-la-dsv-en-equipements-informatiques-et-autres-accessoires\/"},"author":{"name":"Pape NDIAYE","@id":"https:\/\/praps.sn\/archives\/#\/schema\/person\/31c9d59c1fbaf4328ed87af12eafe397"},"headline":"Renforcement des services v\u00e9t\u00e9rinaires nationaux\u00a0: Le PRAPS-2-SN dote la DSV en \u00e9quipements informatiques et autres accessoires","datePublished":"2022-06-17T12:07:37+00:00","dateModified":"2022-10-21T15:54:28+00:00","mainEntityOfPage":{"@id":"https:\/\/praps.sn\/archives\/renforcement-des-services-veterinaires-nationaux-le-praps-2-sn-dope-la-dsv-en-equipements-informatiques-et-autres-accessoires\/"},"wordCount":491,"publisher":{"@id":"https:\/\/praps.sn\/archives\/#organization"},"image":{"@id":"https:\/\/praps.sn\/archives\/renforcement-des-services-veterinaires-nationaux-le-praps-2-sn-dope-la-dsv-en-equipements-informatiques-et-autres-accessoires\/#primaryimage"},"thumbnailUrl":"https:\/\/praps.sn\/archives\/wp-content\/uploads\/2022\/06\/MI1.jpg","articleSection":["A la une","Am\u00e9lioration de la gestion des ressources naturelles"],"inLanguage":"fr-FR"},{"@type":"WebPage","@id":"https:\/\/praps.sn\/archives\/renforcement-des-services-veterinaires-nationaux-le-praps-2-sn-dope-la-dsv-en-equipements-informatiques-et-autres-accessoires\/","url":"https:\/\/praps.sn\/archives\/renforcement-des-services-veterinaires-nationaux-le-praps-2-sn-dope-la-dsv-en-equipements-informatiques-et-autres-accessoires\/","name":"Renforcement des services v\u00e9t\u00e9rinaires nationaux\u00a0: Le PRAPS-2-SN dote la DSV en \u00e9quipements informatiques et autres accessoires - PRAPS 1 SENEGAL","isPartOf":{"@id":"https:\/\/praps.sn\/archives\/#website"},"primaryImageOfPage":{"@id":"https:\/\/praps.sn\/archives\/renforcement-des-services-veterinaires-nationaux-le-praps-2-sn-dope-la-dsv-en-equipements-informatiques-et-autres-accessoires\/#primaryimage"},"image":{"@id":"https:\/\/praps.sn\/archives\/renforcement-des-services-veterinaires-nationaux-le-praps-2-sn-dope-la-dsv-en-equipements-informatiques-et-autres-accessoires\/#primaryimage"},"thumbnailUrl":"https:\/\/praps.sn\/archives\/wp-content\/uploads\/2022\/06\/MI1.jpg","datePublished":"2022-06-17T12:07:37+00:00","dateModified":"2022-10-21T15:54:28+00:00","breadcrumb":{"@id":"https:\/\/praps.sn\/archives\/renforcement-des-services-veterinaires-nationaux-le-praps-2-sn-dope-la-dsv-en-equipements-informatiques-et-autres-accessoires\/#breadcrumb"},"inLanguage":"fr-FR","potentialAction":[{"@type":"ReadAction","target":["https:\/\/praps.sn\/archives\/renforcement-des-services-veterinaires-nationaux-le-praps-2-sn-dope-la-dsv-en-equipements-informatiques-et-autres-accessoires\/"]}]},{"@type":"ImageObject","inLanguage":"fr-FR","@id":"https:\/\/praps.sn\/archives\/renforcement-des-services-veterinaires-nationaux-le-praps-2-sn-dope-la-dsv-en-equipements-informatiques-et-autres-accessoires\/#primaryimage","url":"https:\/\/praps.sn\/archives\/wp-content\/uploads\/2022\/06\/MI1.jpg","contentUrl":"https:\/\/praps.sn\/archives\/wp-content\/uploads\/2022\/06\/MI1.jpg","width":675,"height":506},{"@type":"BreadcrumbList","@id":"https:\/\/praps.sn\/archives\/renforcement-des-services-veterinaires-nationaux-le-praps-2-sn-dope-la-dsv-en-equipements-informatiques-et-autres-accessoires\/#breadcrumb","itemListElement":[{"@type":"ListItem","position":1,"name":"Home","item":"https:\/\/praps.sn\/archives\/"},{"@type":"ListItem","position":2,"name":"Renforcement des services v\u00e9t\u00e9rinaires nationaux\u00a0: Le PRAPS-2-SN dote la DSV en \u00e9quipements informatiques et autres accessoires"}]},{"@type":"WebSite","@id":"https:\/\/praps.sn\/archives\/#website","url":"https:\/\/praps.sn\/archives\/","name":"PRAPS SENEGAL","description":"Projet d&#039;Appui au Pastoralisme au Sahel-Phase 1","publisher":{"@id":"https:\/\/praps.sn\/archives\/#organization"},"potentialAction":[{"@type":"SearchAction","target":{"@type":"EntryPoint","urlTemplate":"https:\/\/praps.sn\/archives\/?s={search_term_string}"},"query-input":"required name=search_term_string"}],"inLanguage":"fr-FR"},{"@type":"Organization","@id":"https:\/\/praps.sn\/archives\/#organization","name":"PRAPS S\u00e9n\u00e9gal","url":"https:\/\/praps.sn\/archives\/","logo":{"@type":"ImageObject","inLanguage":"fr-FR","@id":"https:\/\/praps.sn\/archives\/#\/schema\/logo\/image\/","url":"https:\/\/praps.sn\/archives\/wp-content\/uploads\/2019\/09\/banniere_praps-1.png","contentUrl":"https:\/\/praps.sn\/archives\/wp-content\/uploads\/2019\/09\/banniere_praps-1.png","width":159,"height":154,"caption":"PRAPS S\u00e9n\u00e9gal"},"image":{"@id":"https:\/\/praps.sn\/archives\/#\/schema\/logo\/image\/"}},{"@type":"Person","@id":"https:\/\/praps.sn\/archives\/#\/schema\/person\/31c9d59c1fbaf4328ed87af12eafe397","name":"Pape NDIAYE"}]}},"_links":{"self":[{"href":"https:\/\/praps.sn\/archives\/wp-json\/wp\/v2\/posts\/666","targetHints":{"allow":["GET"]}}],"collection":[{"href":"https:\/\/praps.sn\/archives\/wp-json\/wp\/v2\/posts"}],"about":[{"href":"https:\/\/praps.sn\/archives\/wp-json\/wp\/v2\/types\/post"}],"author":[{"embeddable":true,"href":"https:\/\/praps.sn\/archives\/wp-json\/wp\/v2\/users\/4"}],"replies":[{"embeddable":true,"href":"https:\/\/praps.sn\/archives\/wp-json\/wp\/v2\/comments?post=666"}],"version-history":[{"count":10,"href":"https:\/\/praps.sn\/archives\/wp-json\/wp\/v2\/posts\/666\/revisions"}],"predecessor-version":[{"id":753,"href":"https:\/\/praps.sn\/archives\/wp-json\/wp\/v2\/posts\/666\/revisions\/753"}],"wp:featuredmedia":[{"embeddable":true,"href":"https:\/\/praps.sn\/archives\/wp-json\/wp\/v2\/media\/667"}],"wp:attachment":[{"href":"https:\/\/praps.sn\/archives\/wp-json\/wp\/v2\/media?parent=666"}],"wp:term":[{"taxonomy":"category","embeddable":true,"href":"https:\/\/praps.sn\/archives\/wp-json\/wp\/v2\/categories?post=666"},{"taxonomy":"post_tag","embeddable":true,"href":"https:\/\/praps.sn\/archives\/wp-json\/wp\/v2\/tags?post=666"}],"curies":[{"name":"wp","href":"https:\/\/api.w.org\/{rel}","templated":true}]}}