{"id":645,"date":"2022-05-30T15:54:14","date_gmt":"2022-05-30T14:54:14","guid":{"rendered":"https:\/\/praps.sn\/archives\/?p=645"},"modified":"2022-05-30T16:29:26","modified_gmt":"2022-05-30T15:29:26","slug":"lancement-atelier-regional-pour-la-definition-et-ladoption-de-protocoles-pluriannuels-de-seromonitoring","status":"publish","type":"post","link":"https:\/\/praps.sn\/archives\/lancement-atelier-regional-pour-la-definition-et-ladoption-de-protocoles-pluriannuels-de-seromonitoring\/","title":{"rendered":"Lancement de l\u2019atelier r\u00e9gional\u00a0 pour la d\u00e9finition et l\u2019adoption de protocoles pluriannuels de s\u00e9romonitoring des Campagnes de vaccination contre la Peste des Petits Ruminants (PPR) et le contr\u00f4le de la P\u00e9ripneumonie contagieuse bovine (PPCB)"},"content":{"rendered":"\n<p>Ce lundi, 30 mai , 2022, s\u2019est ouvert \u00e0 Dakar, au Lagon 2 , un atelier r\u00e9gional&nbsp; pour l\u2019adoption et la d\u00e9finition des protocoles pluriannuels de s\u00e9romonitoring des campagnes de vaccination contre la PPR et la PPCB. Cet atelier organis\u00e9 par l\u2019Unit\u00e9 r\u00e9gionale de Coordination du Projet r\u00e9gional d\u2019Appui au Pastoralisme au Sahel-Phase 2 (PRAPS 2) a enregistr\u00e9 la participation des experts en sant\u00e9 animale des six pays couverts par le projet , du coordinateur technique de la sant\u00e9 animale et de l\u2019assistante technique r\u00e9gionale \u00e0 la formation (OIE) ainsi que&nbsp; du repr\u00e9sentant du Centre r\u00e9gional de Sant\u00e9 animale (CEDEAO) et&nbsp;&nbsp; un expert du Centre de Coop\u00e9ration internationale en Recherche agronomique pour le D\u00e9veloppement (CIRAD).<\/p>\n\n\n\n<p>La c\u00e9r\u00e9monie officielle d\u2019ouverture de l\u2019atelier a \u00e9t\u00e9 pr\u00e9sid\u00e9e par, Dr Mamadou Ousseynou SAKHO, Coordonnateur national du PRAPS 2-S\u00e9n\u00e9gal.<\/p>\n\n\n\n<p>Pour rappel, le Projet r\u00e9gional d\u2019Appui au Sahel- phase 2 qui couvre des zones pastorales et agropastorales des six pays du sahel (Burkina Faso, Mali, Mauritanie, Niger, S\u00e9n\u00e9gal et Tchad) a \u00e9t\u00e9 financ\u00e9 avec le concours de la Banque mondiale pour un montant de 375 millions de dollars.<\/p>\n\n\n\n<p>Les six pays ont sign\u00e9 un accord subsidiaire avec le CILLS qui en assure la Coordination r\u00e9gionale.<\/p>\n\n\n\n<p>Ainsi, cet atelier r\u00e9gional&nbsp;est organis\u00e9&nbsp; dans le cadre de la mise en \u0153uvre de la sous-composante&nbsp;\u00ab&nbsp;Appuis Techniques cibl\u00e9s&nbsp;\u00bb du PRAPS-2&nbsp; qui a pour objectif d\u2019accompagner les six pays pour mettre \u00e0 jour leurs Plans nationaux strat\u00e9giques( PNS) qui leur permettrait d\u2019avoir une vision d\u2019ensemble, d\u2019optimiser les actions , les ressources, le renforcement des comp\u00e9tences des services v\u00e9t\u00e9rinaires nationaux en coh\u00e9rence avec les strat\u00e9gies nationales, r\u00e9gionales et internationales pour l\u2019\u00e9radication de la PPR et le contr\u00f4le de la PPCB.<\/p>\n\n\n\n<p>Dans son allocution le Coordonnateur national du PRAPS2-SN, apr\u00e8s avoir souhait\u00e9 la bienvenue \u00e0 l\u2019ensemble des participants au nom de de Monsieur Aly Saleh DIOP, Ministre de l\u2019Elevage et des Productions animales, a rappel\u00e9 les acquis de la premi\u00e8re phase du projet dans le domaine de la sant\u00e9 animale. Il a exhort\u00e9 les experts pr\u00e9sents \u00e0 consolider les acquis, \u00e0 travers notamment la mise en \u0153uvre rigoureuse des recommandations des missions d\u2019appuis techniques cibl\u00e9s. Selon lui, il s\u2019agira surtout d\u2019adopter les bonnes pratiques permettant de limiter les pertes \u00e9conomiques li\u00e9es aux mortalit\u00e9s engendr\u00e9es par la PPR et PPCB, deux maladies majeures dans les pays couverts par le PRAPS.\u00a0 Sur ce, il a d\u00e9clar\u00e9 ouvert l\u2019atelier et souhait\u00e9 un bon s\u00e9jour aux participants.<\/p>\n\n\n\n<figure class=\"wp-block-image size-large is-resized\"><img loading=\"lazy\" decoding=\"async\" src=\"https:\/\/praps.sn\/archives\/wp-content\/uploads\/2022\/05\/PPR-2022-VF-1024x362.jpg\" alt=\"\" class=\"wp-image-651\" width=\"840\" height=\"239\"\/><\/figure>\n","protected":false},"excerpt":{"rendered":"<p>Ce lundi, 30 mai , 2022, s\u2019est ouvert \u00e0 Dakar, au Lagon 2 , un atelier r\u00e9gional&nbsp; pour l\u2019adoption et la d\u00e9finition des protocoles pluriannuels de s\u00e9romonitoring des campagnes de vaccination contre la PPR et la PPCB. Cet atelier organis\u00e9 par l\u2019Unit\u00e9 r\u00e9gionale de Coordination du Projet r\u00e9gional d\u2019Appui au Pastoralisme au Sahel-Phase 2 (PRAPS &hellip;<\/p>\n","protected":false},"author":4,"featured_media":646,"comment_status":"closed","ping_status":"closed","sticky":false,"template":"","format":"standard","meta":{"_monsterinsights_skip_tracking":false,"_monsterinsights_sitenote_active":false,"_monsterinsights_sitenote_note":"","_monsterinsights_sitenote_category":0,"footnotes":""},"categories":[4],"tags":[],"class_list":["post-645","post","type-post","status-publish","format-standard","has-post-thumbnail","","category-a-la-une"],"yoast_head":"<!-- This site is optimized with the Yoast SEO plugin v22.7 - https:\/\/yoast.com\/wordpress\/plugins\/seo\/ -->\n<title>Lancement de l\u2019atelier r\u00e9gional\u00a0 pour la d\u00e9finition et l\u2019adoption de protocoles pluriannuels de s\u00e9romonitoring des Campagnes de vaccination contre la Peste des Petits Ruminants (PPR) et le contr\u00f4le de la P\u00e9ripneumonie contagieuse bovine (PPCB) - PRAPS 1 SENEGAL<\/title>\n<meta name=\"robots\" content=\"index, follow, max-snippet:-1, max-image-preview:large, max-video-preview:-1\" \/>\n<link rel=\"canonical\" href=\"https:\/\/praps.sn\/archives\/lancement-atelier-regional-pour-la-definition-et-ladoption-de-protocoles-pluriannuels-de-seromonitoring\/\" \/>\n<meta property=\"og:locale\" content=\"fr_FR\" \/>\n<meta property=\"og:type\" content=\"article\" \/>\n<meta property=\"og:title\" content=\"Lancement de l\u2019atelier r\u00e9gional\u00a0 pour la d\u00e9finition et l\u2019adoption de protocoles pluriannuels de s\u00e9romonitoring des Campagnes de vaccination contre la Peste des Petits Ruminants (PPR) et le contr\u00f4le de la P\u00e9ripneumonie contagieuse bovine (PPCB) - PRAPS 1 SENEGAL\" \/>\n<meta property=\"og:description\" content=\"Ce lundi, 30 mai , 2022, s\u2019est ouvert \u00e0 Dakar, au Lagon 2 , un atelier r\u00e9gional&nbsp; pour l\u2019adoption et la d\u00e9finition des protocoles pluriannuels de s\u00e9romonitoring des campagnes de vaccination contre la PPR et la PPCB. Cet atelier organis\u00e9 par l\u2019Unit\u00e9 r\u00e9gionale de Coordination du Projet r\u00e9gional d\u2019Appui au Pastoralisme au Sahel-Phase 2 (PRAPS &hellip;\" \/>\n<meta property=\"og:url\" content=\"https:\/\/praps.sn\/archives\/lancement-atelier-regional-pour-la-definition-et-ladoption-de-protocoles-pluriannuels-de-seromonitoring\/\" \/>\n<meta property=\"og:site_name\" content=\"PRAPS 1 SENEGAL\" \/>\n<meta property=\"article:published_time\" content=\"2022-05-30T14:54:14+00:00\" \/>\n<meta property=\"article:modified_time\" content=\"2022-05-30T15:29:26+00:00\" \/>\n<meta property=\"og:image\" content=\"https:\/\/praps.sn\/archives\/wp-content\/uploads\/2022\/05\/PPR-2022.jpg\" \/>\n\t<meta property=\"og:image:width\" content=\"546\" \/>\n\t<meta property=\"og:image:height\" content=\"410\" \/>\n\t<meta property=\"og:image:type\" content=\"image\/jpeg\" \/>\n<meta name=\"author\" content=\"Pape NDIAYE\" \/>\n<meta name=\"twitter:card\" content=\"summary_large_image\" \/>\n<meta name=\"twitter:label1\" content=\"\u00c9crit par\" \/>\n\t<meta name=\"twitter:data1\" content=\"Pape NDIAYE\" \/>\n\t<meta name=\"twitter:label2\" content=\"Dur\u00e9e de lecture estim\u00e9e\" \/>\n\t<meta name=\"twitter:data2\" content=\"3 minutes\" \/>\n<script type=\"application\/ld+json\" class=\"yoast-schema-graph\">{\"@context\":\"https:\/\/schema.org\",\"@graph\":[{\"@type\":\"Article\",\"@id\":\"https:\/\/praps.sn\/archives\/lancement-atelier-regional-pour-la-definition-et-ladoption-de-protocoles-pluriannuels-de-seromonitoring\/#article\",\"isPartOf\":{\"@id\":\"https:\/\/praps.sn\/archives\/lancement-atelier-regional-pour-la-definition-et-ladoption-de-protocoles-pluriannuels-de-seromonitoring\/\"},\"author\":{\"name\":\"Pape NDIAYE\",\"@id\":\"https:\/\/praps.sn\/archives\/#\/schema\/person\/31c9d59c1fbaf4328ed87af12eafe397\"},\"headline\":\"Lancement de l\u2019atelier r\u00e9gional\u00a0 pour la d\u00e9finition et l\u2019adoption de protocoles pluriannuels de s\u00e9romonitoring des Campagnes de vaccination contre la Peste des Petits Ruminants (PPR) et le contr\u00f4le de la P\u00e9ripneumonie contagieuse bovine (PPCB)\",\"datePublished\":\"2022-05-30T14:54:14+00:00\",\"dateModified\":\"2022-05-30T15:29:26+00:00\",\"mainEntityOfPage\":{\"@id\":\"https:\/\/praps.sn\/archives\/lancement-atelier-regional-pour-la-definition-et-ladoption-de-protocoles-pluriannuels-de-seromonitoring\/\"},\"wordCount\":494,\"publisher\":{\"@id\":\"https:\/\/praps.sn\/archives\/#organization\"},\"image\":{\"@id\":\"https:\/\/praps.sn\/archives\/lancement-atelier-regional-pour-la-definition-et-ladoption-de-protocoles-pluriannuels-de-seromonitoring\/#primaryimage\"},\"thumbnailUrl\":\"https:\/\/praps.sn\/archives\/wp-content\/uploads\/2022\/05\/PPR-2022.jpg\",\"articleSection\":[\"A la une\"],\"inLanguage\":\"fr-FR\"},{\"@type\":\"WebPage\",\"@id\":\"https:\/\/praps.sn\/archives\/lancement-atelier-regional-pour-la-definition-et-ladoption-de-protocoles-pluriannuels-de-seromonitoring\/\",\"url\":\"https:\/\/praps.sn\/archives\/lancement-atelier-regional-pour-la-definition-et-ladoption-de-protocoles-pluriannuels-de-seromonitoring\/\",\"name\":\"Lancement de l\u2019atelier r\u00e9gional\u00a0 pour la d\u00e9finition et l\u2019adoption de protocoles pluriannuels de s\u00e9romonitoring des Campagnes de vaccination contre la Peste des Petits Ruminants (PPR) et le contr\u00f4le de la P\u00e9ripneumonie contagieuse bovine (PPCB) - PRAPS 1 SENEGAL\",\"isPartOf\":{\"@id\":\"https:\/\/praps.sn\/archives\/#website\"},\"primaryImageOfPage\":{\"@id\":\"https:\/\/praps.sn\/archives\/lancement-atelier-regional-pour-la-definition-et-ladoption-de-protocoles-pluriannuels-de-seromonitoring\/#primaryimage\"},\"image\":{\"@id\":\"https:\/\/praps.sn\/archives\/lancement-atelier-regional-pour-la-definition-et-ladoption-de-protocoles-pluriannuels-de-seromonitoring\/#primaryimage\"},\"thumbnailUrl\":\"https:\/\/praps.sn\/archives\/wp-content\/uploads\/2022\/05\/PPR-2022.jpg\",\"datePublished\":\"2022-05-30T14:54:14+00:00\",\"dateModified\":\"2022-05-30T15:29:26+00:00\",\"breadcrumb\":{\"@id\":\"https:\/\/praps.sn\/archives\/lancement-atelier-regional-pour-la-definition-et-ladoption-de-protocoles-pluriannuels-de-seromonitoring\/#breadcrumb\"},\"inLanguage\":\"fr-FR\",\"potentialAction\":[{\"@type\":\"ReadAction\",\"target\":[\"https:\/\/praps.sn\/archives\/lancement-atelier-regional-pour-la-definition-et-ladoption-de-protocoles-pluriannuels-de-seromonitoring\/\"]}]},{\"@type\":\"ImageObject\",\"inLanguage\":\"fr-FR\",\"@id\":\"https:\/\/praps.sn\/archives\/lancement-atelier-regional-pour-la-definition-et-ladoption-de-protocoles-pluriannuels-de-seromonitoring\/#primaryimage\",\"url\":\"https:\/\/praps.sn\/archives\/wp-content\/uploads\/2022\/05\/PPR-2022.jpg\",\"contentUrl\":\"https:\/\/praps.sn\/archives\/wp-content\/uploads\/2022\/05\/PPR-2022.jpg\",\"width\":546,\"height\":410},{\"@type\":\"BreadcrumbList\",\"@id\":\"https:\/\/praps.sn\/archives\/lancement-atelier-regional-pour-la-definition-et-ladoption-de-protocoles-pluriannuels-de-seromonitoring\/#breadcrumb\",\"itemListElement\":[{\"@type\":\"ListItem\",\"position\":1,\"name\":\"Home\",\"item\":\"https:\/\/praps.sn\/archives\/\"},{\"@type\":\"ListItem\",\"position\":2,\"name\":\"Lancement de l\u2019atelier r\u00e9gional\u00a0 pour la d\u00e9finition et l\u2019adoption de protocoles pluriannuels de s\u00e9romonitoring des Campagnes de vaccination contre la Peste des Petits Ruminants (PPR) et le contr\u00f4le de la P\u00e9ripneumonie contagieuse bovine (PPCB)\"}]},{\"@type\":\"WebSite\",\"@id\":\"https:\/\/praps.sn\/archives\/#website\",\"url\":\"https:\/\/praps.sn\/archives\/\",\"name\":\"PRAPS SENEGAL\",\"description\":\"Projet d&#039;Appui au Pastoralisme au Sahel-Phase 1\",\"publisher\":{\"@id\":\"https:\/\/praps.sn\/archives\/#organization\"},\"potentialAction\":[{\"@type\":\"SearchAction\",\"target\":{\"@type\":\"EntryPoint\",\"urlTemplate\":\"https:\/\/praps.sn\/archives\/?s={search_term_string}\"},\"query-input\":\"required name=search_term_string\"}],\"inLanguage\":\"fr-FR\"},{\"@type\":\"Organization\",\"@id\":\"https:\/\/praps.sn\/archives\/#organization\",\"name\":\"PRAPS S\u00e9n\u00e9gal\",\"url\":\"https:\/\/praps.sn\/archives\/\",\"logo\":{\"@type\":\"ImageObject\",\"inLanguage\":\"fr-FR\",\"@id\":\"https:\/\/praps.sn\/archives\/#\/schema\/logo\/image\/\",\"url\":\"https:\/\/praps.sn\/archives\/wp-content\/uploads\/2019\/09\/banniere_praps-1.png\",\"contentUrl\":\"https:\/\/praps.sn\/archives\/wp-content\/uploads\/2019\/09\/banniere_praps-1.png\",\"width\":159,\"height\":154,\"caption\":\"PRAPS S\u00e9n\u00e9gal\"},\"image\":{\"@id\":\"https:\/\/praps.sn\/archives\/#\/schema\/logo\/image\/\"}},{\"@type\":\"Person\",\"@id\":\"https:\/\/praps.sn\/archives\/#\/schema\/person\/31c9d59c1fbaf4328ed87af12eafe397\",\"name\":\"Pape NDIAYE\"}]}<\/script>\n<!-- \/ Yoast SEO plugin. -->","yoast_head_json":{"title":"Lancement de l\u2019atelier r\u00e9gional\u00a0 pour la d\u00e9finition et l\u2019adoption de protocoles pluriannuels de s\u00e9romonitoring des Campagnes de vaccination contre la Peste des Petits Ruminants (PPR) et le contr\u00f4le de la P\u00e9ripneumonie contagieuse bovine (PPCB) - PRAPS 1 SENEGAL","robots":{"index":"index","follow":"follow","max-snippet":"max-snippet:-1","max-image-preview":"max-image-preview:large","max-video-preview":"max-video-preview:-1"},"canonical":"https:\/\/praps.sn\/archives\/lancement-atelier-regional-pour-la-definition-et-ladoption-de-protocoles-pluriannuels-de-seromonitoring\/","og_locale":"fr_FR","og_type":"article","og_title":"Lancement de l\u2019atelier r\u00e9gional\u00a0 pour la d\u00e9finition et l\u2019adoption de protocoles pluriannuels de s\u00e9romonitoring des Campagnes de vaccination contre la Peste des Petits Ruminants (PPR) et le contr\u00f4le de la P\u00e9ripneumonie contagieuse bovine (PPCB) - PRAPS 1 SENEGAL","og_description":"Ce lundi, 30 mai , 2022, s\u2019est ouvert \u00e0 Dakar, au Lagon 2 , un atelier r\u00e9gional&nbsp; pour l\u2019adoption et la d\u00e9finition des protocoles pluriannuels de s\u00e9romonitoring des campagnes de vaccination contre la PPR et la PPCB. Cet atelier organis\u00e9 par l\u2019Unit\u00e9 r\u00e9gionale de Coordination du Projet r\u00e9gional d\u2019Appui au Pastoralisme au Sahel-Phase 2 (PRAPS &hellip;","og_url":"https:\/\/praps.sn\/archives\/lancement-atelier-regional-pour-la-definition-et-ladoption-de-protocoles-pluriannuels-de-seromonitoring\/","og_site_name":"PRAPS 1 SENEGAL","article_published_time":"2022-05-30T14:54:14+00:00","article_modified_time":"2022-05-30T15:29:26+00:00","og_image":[{"width":546,"height":410,"url":"https:\/\/praps.sn\/archives\/wp-content\/uploads\/2022\/05\/PPR-2022.jpg","type":"image\/jpeg"}],"author":"Pape NDIAYE","twitter_card":"summary_large_image","twitter_misc":{"\u00c9crit par":"Pape NDIAYE","Dur\u00e9e de lecture estim\u00e9e":"3 minutes"},"schema":{"@context":"https:\/\/schema.org","@graph":[{"@type":"Article","@id":"https:\/\/praps.sn\/archives\/lancement-atelier-regional-pour-la-definition-et-ladoption-de-protocoles-pluriannuels-de-seromonitoring\/#article","isPartOf":{"@id":"https:\/\/praps.sn\/archives\/lancement-atelier-regional-pour-la-definition-et-ladoption-de-protocoles-pluriannuels-de-seromonitoring\/"},"author":{"name":"Pape NDIAYE","@id":"https:\/\/praps.sn\/archives\/#\/schema\/person\/31c9d59c1fbaf4328ed87af12eafe397"},"headline":"Lancement de l\u2019atelier r\u00e9gional\u00a0 pour la d\u00e9finition et l\u2019adoption de protocoles pluriannuels de s\u00e9romonitoring des Campagnes de vaccination contre la Peste des Petits Ruminants (PPR) et le contr\u00f4le de la P\u00e9ripneumonie contagieuse bovine (PPCB)","datePublished":"2022-05-30T14:54:14+00:00","dateModified":"2022-05-30T15:29:26+00:00","mainEntityOfPage":{"@id":"https:\/\/praps.sn\/archives\/lancement-atelier-regional-pour-la-definition-et-ladoption-de-protocoles-pluriannuels-de-seromonitoring\/"},"wordCount":494,"publisher":{"@id":"https:\/\/praps.sn\/archives\/#organization"},"image":{"@id":"https:\/\/praps.sn\/archives\/lancement-atelier-regional-pour-la-definition-et-ladoption-de-protocoles-pluriannuels-de-seromonitoring\/#primaryimage"},"thumbnailUrl":"https:\/\/praps.sn\/archives\/wp-content\/uploads\/2022\/05\/PPR-2022.jpg","articleSection":["A la une"],"inLanguage":"fr-FR"},{"@type":"WebPage","@id":"https:\/\/praps.sn\/archives\/lancement-atelier-regional-pour-la-definition-et-ladoption-de-protocoles-pluriannuels-de-seromonitoring\/","url":"https:\/\/praps.sn\/archives\/lancement-atelier-regional-pour-la-definition-et-ladoption-de-protocoles-pluriannuels-de-seromonitoring\/","name":"Lancement de l\u2019atelier r\u00e9gional\u00a0 pour la d\u00e9finition et l\u2019adoption de protocoles pluriannuels de s\u00e9romonitoring des Campagnes de vaccination contre la Peste des Petits Ruminants (PPR) et le contr\u00f4le de la P\u00e9ripneumonie contagieuse bovine (PPCB) - PRAPS 1 SENEGAL","isPartOf":{"@id":"https:\/\/praps.sn\/archives\/#website"},"primaryImageOfPage":{"@id":"https:\/\/praps.sn\/archives\/lancement-atelier-regional-pour-la-definition-et-ladoption-de-protocoles-pluriannuels-de-seromonitoring\/#primaryimage"},"image":{"@id":"https:\/\/praps.sn\/archives\/lancement-atelier-regional-pour-la-definition-et-ladoption-de-protocoles-pluriannuels-de-seromonitoring\/#primaryimage"},"thumbnailUrl":"https:\/\/praps.sn\/archives\/wp-content\/uploads\/2022\/05\/PPR-2022.jpg","datePublished":"2022-05-30T14:54:14+00:00","dateModified":"2022-05-30T15:29:26+00:00","breadcrumb":{"@id":"https:\/\/praps.sn\/archives\/lancement-atelier-regional-pour-la-definition-et-ladoption-de-protocoles-pluriannuels-de-seromonitoring\/#breadcrumb"},"inLanguage":"fr-FR","potentialAction":[{"@type":"ReadAction","target":["https:\/\/praps.sn\/archives\/lancement-atelier-regional-pour-la-definition-et-ladoption-de-protocoles-pluriannuels-de-seromonitoring\/"]}]},{"@type":"ImageObject","inLanguage":"fr-FR","@id":"https:\/\/praps.sn\/archives\/lancement-atelier-regional-pour-la-definition-et-ladoption-de-protocoles-pluriannuels-de-seromonitoring\/#primaryimage","url":"https:\/\/praps.sn\/archives\/wp-content\/uploads\/2022\/05\/PPR-2022.jpg","contentUrl":"https:\/\/praps.sn\/archives\/wp-content\/uploads\/2022\/05\/PPR-2022.jpg","width":546,"height":410},{"@type":"BreadcrumbList","@id":"https:\/\/praps.sn\/archives\/lancement-atelier-regional-pour-la-definition-et-ladoption-de-protocoles-pluriannuels-de-seromonitoring\/#breadcrumb","itemListElement":[{"@type":"ListItem","position":1,"name":"Home","item":"https:\/\/praps.sn\/archives\/"},{"@type":"ListItem","position":2,"name":"Lancement de l\u2019atelier r\u00e9gional\u00a0 pour la d\u00e9finition et l\u2019adoption de protocoles pluriannuels de s\u00e9romonitoring des Campagnes de vaccination contre la Peste des Petits Ruminants (PPR) et le contr\u00f4le de la P\u00e9ripneumonie contagieuse bovine (PPCB)"}]},{"@type":"WebSite","@id":"https:\/\/praps.sn\/archives\/#website","url":"https:\/\/praps.sn\/archives\/","name":"PRAPS SENEGAL","description":"Projet d&#039;Appui au Pastoralisme au Sahel-Phase 1","publisher":{"@id":"https:\/\/praps.sn\/archives\/#organization"},"potentialAction":[{"@type":"SearchAction","target":{"@type":"EntryPoint","urlTemplate":"https:\/\/praps.sn\/archives\/?s={search_term_string}"},"query-input":"required name=search_term_string"}],"inLanguage":"fr-FR"},{"@type":"Organization","@id":"https:\/\/praps.sn\/archives\/#organization","name":"PRAPS S\u00e9n\u00e9gal","url":"https:\/\/praps.sn\/archives\/","logo":{"@type":"ImageObject","inLanguage":"fr-FR","@id":"https:\/\/praps.sn\/archives\/#\/schema\/logo\/image\/","url":"https:\/\/praps.sn\/archives\/wp-content\/uploads\/2019\/09\/banniere_praps-1.png","contentUrl":"https:\/\/praps.sn\/archives\/wp-content\/uploads\/2019\/09\/banniere_praps-1.png","width":159,"height":154,"caption":"PRAPS S\u00e9n\u00e9gal"},"image":{"@id":"https:\/\/praps.sn\/archives\/#\/schema\/logo\/image\/"}},{"@type":"Person","@id":"https:\/\/praps.sn\/archives\/#\/schema\/person\/31c9d59c1fbaf4328ed87af12eafe397","name":"Pape NDIAYE"}]}},"_links":{"self":[{"href":"https:\/\/praps.sn\/archives\/wp-json\/wp\/v2\/posts\/645","targetHints":{"allow":["GET"]}}],"collection":[{"href":"https:\/\/praps.sn\/archives\/wp-json\/wp\/v2\/posts"}],"about":[{"href":"https:\/\/praps.sn\/archives\/wp-json\/wp\/v2\/types\/post"}],"author":[{"embeddable":true,"href":"https:\/\/praps.sn\/archives\/wp-json\/wp\/v2\/users\/4"}],"replies":[{"embeddable":true,"href":"https:\/\/praps.sn\/archives\/wp-json\/wp\/v2\/comments?post=645"}],"version-history":[{"count":6,"href":"https:\/\/praps.sn\/archives\/wp-json\/wp\/v2\/posts\/645\/revisions"}],"predecessor-version":[{"id":656,"href":"https:\/\/praps.sn\/archives\/wp-json\/wp\/v2\/posts\/645\/revisions\/656"}],"wp:featuredmedia":[{"embeddable":true,"href":"https:\/\/praps.sn\/archives\/wp-json\/wp\/v2\/media\/646"}],"wp:attachment":[{"href":"https:\/\/praps.sn\/archives\/wp-json\/wp\/v2\/media?parent=645"}],"wp:term":[{"taxonomy":"category","embeddable":true,"href":"https:\/\/praps.sn\/archives\/wp-json\/wp\/v2\/categories?post=645"},{"taxonomy":"post_tag","embeddable":true,"href":"https:\/\/praps.sn\/archives\/wp-json\/wp\/v2\/tags?post=645"}],"curies":[{"name":"wp","href":"https:\/\/api.w.org\/{rel}","templated":true}]}}