{"id":561,"date":"2022-04-21T14:30:24","date_gmt":"2022-04-21T14:30:24","guid":{"rendered":"https:\/\/praps.sn\/archives\/?p=561"},"modified":"2022-04-21T14:41:44","modified_gmt":"2022-04-21T14:41:44","slug":"le-ministere-de-lelevage-et-des-productions-animales-a-travers-le-praps-2-sn-appuie-la-direction-des-services-veterinaires-et-ses-partenaires-dans-la-lutte-contre-les-maladies-emergentes","status":"publish","type":"post","link":"https:\/\/praps.sn\/archives\/le-ministere-de-lelevage-et-des-productions-animales-a-travers-le-praps-2-sn-appuie-la-direction-des-services-veterinaires-et-ses-partenaires-dans-la-lutte-contre-les-maladies-emergentes\/","title":{"rendered":"Le Minist\u00e8re de l\u2019Elevage et des Productions animales, \u00e0 travers le PRAPS-2-SN appuie la Direction des Services V\u00e9t\u00e9rinaires et ses partenaires dans la lutte contre les maladies \u00e9mergentes"},"content":{"rendered":"<div class=\"kvgmc6g5 cxmmr5t8 oygrvhab hcukyx3x c1et5uql ii04i59q\">\n<div dir=\"auto\"><\/div>\n<div dir=\"auto\"><img decoding=\"async\" class=\"ji94ytn4 d2edcug0 r9f5tntg r0294ipz\" src=\"https:\/\/scontent.fdkr5-1.fna.fbcdn.net\/v\/t39.30808-6\/278497499_131772999433617_5124619876336490278_n.jpg?_nc_cat=101&amp;ccb=1-5&amp;_nc_sid=730e14&amp;_nc_ohc=Zy027TnmYO0AX-ArpOD&amp;_nc_ht=scontent.fdkr5-1.fna&amp;oh=00_AT8wqMjuWafU-bicWcY8nb387WnxWPEfzVKpKDumRE2n1g&amp;oe=62663C81\" alt=\"Peut \u00eatre une image de 3 personnes, personnes assises et personnes debout\" data-visualcompletion=\"media-vc-image\" \/><\/div>\n<div dir=\"auto\"><\/div>\n<div dir=\"auto\">Le Minist\u00e8re de l\u2019Elevage et des Productions animales, \u00e0 travers le PRAPS-2-SN appuie la Direction des Services V\u00e9t\u00e9rinaires et ses partenaires dans la lutte contre les maladies \u00e9mergentes.<\/div>\n<\/div>\n<div class=\"cxmmr5t8 oygrvhab hcukyx3x c1et5uql o9v6fnle ii04i59q\">\n<div dir=\"auto\">L\u2019Organisation des Nations Unies pour l\u2019alimentation et l\u2019agriculture (FAO), l\u2019Institut des maladies animales infectieuses (IIAD) de l\u2019Universit\u00e9 de Texas A &amp; M et ses collaborateurs ont lanc\u00e9 le Programme de formation des professionnels v\u00e9t\u00e9rinaires en \u00e9pid\u00e9miologie de terrain (ISAVET) niveau de base en 2018 pour soutenir la lutte contre les maladies end\u00e9miques, les maladies infectieuses \u00e9mergentes (MIE) et les maladies animales transfrontali\u00e8res (MAT) dans 14 pays d&rsquo;Afrique de l\u2019Ouest, du Centre et de l\u2019Est. Le programme est mis en \u0153uvre dans le cadre du plan d&rsquo;action pour le d\u00e9veloppement des ressources humaines du Programme d\u2019action pour la s\u00e9curit\u00e9 sanitaire mondiale (PSSM) et avec le soutien de l&rsquo;Agence des \u00c9tats-Unis pour le d\u00e9veloppement international (USAID). Le programme ISAVET niveau de base a pour objectif de fournir une formation aux v\u00e9t\u00e9rinaires et para-v\u00e9t\u00e9rinaires, en service au niveau des Minist\u00e8res en charge de l\u2019Elevage, pour la pr\u00e9vention, la d\u00e9tection, le rapportage et la riposte contre les maladies zoonotiques et les maladies animales sp\u00e9cifiques, notamment les maladies animales transfrontali\u00e8res, end\u00e9miques, \u00e9mergentes et r\u00e9-\u00e9mergentes.<\/div>\n<div dir=\"auto\">Deux sessions de formation r\u00e9gionale du programme ISAVET niveau de base ont \u00e9t\u00e9 organis\u00e9es au cours de la phase pilote \u00e0 Kampala, en Ouganda (octobre-novembre 2018) et \u00e0 Dakar au S\u00e9n\u00e9gal (novembre-d\u00e9cembre 2018). Dans ce cadre, plus de 19 formateurs (formation th\u00e9orique et pratique) ont pris part au programme pilote. Au total, 44 stagiaires originaires de 14 pays d\u2019Afrique b\u00e9n\u00e9ficiaires du programme PSSM ont pris part avec succ\u00e8s au programme pilote. Les enseignements tir\u00e9s de cette phase pilote ont mis en \u00e9vidence la n\u00e9cessit\u00e9 de former correctement des formateurs et des mentors dans chaque pays afin de soutenir une mise en \u0153uvre durable du programme ISAVET niveau de base \u00e0 l\u2019\u00e9chelle nationale. Pour pr\u00e9parer les pays \u00e0 la mise en \u0153uvre au niveau national et \u00e0 l&rsquo;adoption \u00e0 long terme du programme ISAVET niveau de base, la FAO en collaboration avec le Minist\u00e8re de l\u2019Elevage et des Productions animales et l\u2019appui de l\u2019Ecole Inter-Etats des Sciences et M\u00e9decine V\u00e9t\u00e9rinaires (EISMV) de Dakar ont r\u00e9am\u00e9nag\u00e9 le programme d\u2019activit\u00e9s de la formation ISAVET niveau de base pour y inclure des ateliers standards de Formation des Formateurs (FOF) et de Formation des Mentors (FOM).<\/div>\n<div dir=\"auto\">Ainsi du 30 novembre au 14 d\u00e9cembre 2019, deux ateliers se sont tenus \u00e0 Douala pour la formation des formateurs et la formation des mentors. Le S\u00e9n\u00e9gal a pu b\u00e9n\u00e9ficier de la formation de 4 formateurs et 4 mentors.<\/div>\n<div dir=\"auto\">Aussi, dans le cadre de la pr\u00e9paration au d\u00e9ploiement du programme ISAVET, une formation de formateurs (FOF) et une formation de mentors ont eu lieu au S\u00e9n\u00e9gal au mois de f\u00e9vrier 2020. Ainsi 15 mentors et 6 formateurs ont \u00e9t\u00e9 form\u00e9s.<\/div>\n<div dir=\"auto\">La formation de d\u00e9ploiement a d\u00e9marr\u00e9 par une premi\u00e8re cohorte qui a eu lieu entre D\u00e9cembre 2020 et D\u00e9cembre 2021 en 4 session s\u00e9quenc\u00e9es, trois mois de stage et un atelier de restitution. Ces ateliers ont \u00e9t\u00e9 enti\u00e8rement financ\u00e9s par la FAO-ECTAD.<\/div>\n<div dir=\"auto\">C\u2019est dans ce cadre que le Projet \u00ab Soutien au Programme de s\u00e9curit\u00e9 sanitaire mondiale (GHSA) Next phase programme \u00bb financ\u00e9 par l\u2019Agence des Etats-Unis pour le d\u00e9veloppement international (USAID), la FAO compte appuyer les Services v\u00e9t\u00e9rinaires dans cette dynamique de renforcement des capacit\u00e9s des agents de l\u2019\u00c9levage \u00e0 travers l\u2019organisation d\u2019un Atelier de formation des personnels de l\u2019Elevage de l\u2019Environnement et de la Sant\u00e9 sur le programme ISAVET pour renforcer les comp\u00e9tences en \u00e9pid\u00e9miologie de terrain pour les v\u00e9t\u00e9rinaires.<\/div>\n<\/div>\n<div class=\"cxmmr5t8 oygrvhab hcukyx3x c1et5uql o9v6fnle ii04i59q\">\n<div dir=\"auto\">Dans cette m\u00eame dynamique et dans le cadre d\u2019une une synergie des ressources financiers, que la DSV a d\u00e9marr\u00e9 la deuxi\u00e8me cohorte dont la premi\u00e8re session se d\u00e9roule actuellement \u00e0 Saly, du 18 au 23 avril 2022 avec l\u2019appui du Projet r\u00e9gional d\u2019Appui au Pastoralisme au Sahel (PRAPS-2-SN) ;<\/div>\n<div dir=\"auto\">La c\u00e9r\u00e9monie a \u00e9t\u00e9 pr\u00e9sid\u00e9e par son excellence, Monsieur le Ministre de l\u2019Elevage et des Productions animales, Monsieur ALY SALEH DIOP, en pr\u00e9sence du Directeur G\u00e9n\u00e9ral de la Sant\u00e9 ainsi d\u2019autres partenaires techniques et financiers.<\/div>\n<\/div>\n<div class=\"cxmmr5t8 oygrvhab hcukyx3x c1et5uql o9v6fnle ii04i59q\">\n<div dir=\"auto\">Elle cible 25 participants dont 18 pour le secteur de la Sant\u00e9 animale, 05 pour le secteur de l\u2019Environnement et 02 pour le secteur de la Sant\u00e9 humaine (BRISE-MCR et district Kaolack). Les cibles de participants pr\u00e9vus pour cette deuxi\u00e8me cohorte sont des candidats avec un profil Baccalaur\u00e9at +3 au minimum. Elle sera anim\u00e9e par 11 formateurs pour les formations th\u00e9oriques avec 2 facilitateurs.<\/div>\n<\/div>\n<div class=\"cxmmr5t8 oygrvhab hcukyx3x c1et5uql o9v6fnle ii04i59q\">\n<div dir=\"auto\">Les formateurs cibl\u00e9s sont ceux qui ont d\u00e9j\u00e0 fait cette formation ISAVET \u00e0 Douala dans le cadre du processus continu d\u2019am\u00e9lioration des qualit\u00e9s des cours pour l\u2019adaptation aux besoins du pays ainsi que les formateurs form\u00e9s \u00e0 Dakar.<\/div>\n<\/div>\n<div class=\"cxmmr5t8 oygrvhab hcukyx3x c1et5uql o9v6fnle ii04i59q\">\n<div dir=\"auto\">L\u2019Organisation des Nations Unies pour l\u2019alimentation et l\u2019agriculture (FAO), l\u2019Institut des maladies animales infectieuses (IIAD) de l\u2019Universit\u00e9 de Texas A &amp; M et ses collaborateurs ont lanc\u00e9 le Programme de formation des professionnels v\u00e9t\u00e9rinaires en \u00e9pid\u00e9miologie de terrain (ISAVET) niveau de base en 2018 pour soutenir la lutte contre les maladies end\u00e9miques, les maladies infectieuses \u00e9mergentes (MIE) et les maladies animales transfrontali\u00e8res (MAT) dans 14 pays d&rsquo;Afrique de l\u2019Ouest, du Centre et de l\u2019Est. Le programme est mis en \u0153uvre dans le cadre du plan d&rsquo;action pour le d\u00e9veloppement des ressources humaines du Programme d\u2019action pour la s\u00e9curit\u00e9 sanitaire mondiale (PSSM) et avec le soutien de l&rsquo;Agence des \u00c9tats-Unis pour le d\u00e9veloppement international (USAID). Le programme ISAVET niveau de base a pour objectif de fournir une formation aux v\u00e9t\u00e9rinaires et para-v\u00e9t\u00e9rinaires, en service au niveau des Minist\u00e8res en charge de l\u2019Elevage, pour la pr\u00e9vention, la d\u00e9tection, le rapportage et la riposte contre les maladies zoonotiques et les maladies animales sp\u00e9cifiques, notamment les maladies animales transfrontali\u00e8res, end\u00e9miques, \u00e9mergentes et r\u00e9-\u00e9mergentes.<\/div>\n<div dir=\"auto\">Deux sessions de formation r\u00e9gionale du programme ISAVET niveau de base ont \u00e9t\u00e9 organis\u00e9es au cours de la phase pilote \u00e0 Kampala, en Ouganda (octobre-novembre 2018) et \u00e0 Dakar au S\u00e9n\u00e9gal (novembre-d\u00e9cembre 2018). Dans ce cadre, plus de 19 formateurs (formation th\u00e9orique et pratique) ont pris part au programme pilote. Au total, 44 stagiaires originaires de 14 pays d\u2019Afrique b\u00e9n\u00e9ficiaires du programme PSSM ont pris part avec succ\u00e8s au programme pilote. Les enseignements tir\u00e9s de cette phase pilote ont mis en \u00e9vidence la n\u00e9cessit\u00e9 de former correctement des formateurs et des mentors dans chaque pays afin de soutenir une mise en \u0153uvre durable du programme ISAVET niveau de base \u00e0 l\u2019\u00e9chelle nationale. Pour pr\u00e9parer les pays \u00e0 la mise en \u0153uvre au niveau national et \u00e0 l&rsquo;adoption \u00e0 long terme du programme ISAVET niveau de base, la FAO en collaboration avec le Minist\u00e8re de l\u2019Elevage et des Productions animales et l\u2019appui de l\u2019Ecole Inter-Etats des Sciences et M\u00e9decine V\u00e9t\u00e9rinaires (EISMV) de Dakar ont r\u00e9am\u00e9nag\u00e9 le programme d\u2019activit\u00e9s de la formation ISAVET niveau de base pour y inclure des ateliers standards de Formation des Formateurs (FOF) et de Formation des Mentors (FOM).<\/div>\n<div dir=\"auto\">Ainsi du 30 novembre au 14 d\u00e9cembre 2019, deux ateliers se sont tenus \u00e0 Douala pour la formation des formateurs et la formation des mentors. Le S\u00e9n\u00e9gal a pu b\u00e9n\u00e9ficier de la formation de 4 formateurs et 4 mentors.<\/div>\n<div dir=\"auto\">Aussi, dans le cadre de la pr\u00e9paration au d\u00e9ploiement du programme ISAVET, une formation de formateurs (FOF) et une formation de mentors ont eu lieu au S\u00e9n\u00e9gal au mois de f\u00e9vrier 2020. Ainsi 15 mentors et 6 formateurs ont \u00e9t\u00e9 form\u00e9s.<\/div>\n<div dir=\"auto\">La formation de d\u00e9ploiement a d\u00e9marr\u00e9 par une premi\u00e8re cohorte qui a eu lieu entre D\u00e9cembre 2020 et D\u00e9cembre 2021 en 4 session s\u00e9quenc\u00e9es, trois mois de stage et un atelier de restitution. Ces ateliers ont \u00e9t\u00e9 enti\u00e8rement financ\u00e9s par la FAO-ECTAD.<\/div>\n<div dir=\"auto\">C\u2019est dans ce cadre que le Projet \u00ab Soutien au Programme de s\u00e9curit\u00e9 sanitaire mondiale (GHSA) Next phase programme \u00bb financ\u00e9 par l\u2019Agence des Etats-Unis pour le d\u00e9veloppement international (USAID), la FAO compte appuyer les Services v\u00e9t\u00e9rinaires dans cette dynamique de renforcement des capacit\u00e9s des agents de l\u2019\u00c9levage \u00e0 travers l\u2019organisation d\u2019un Atelier de formation des personnels de l\u2019Elevage de l\u2019Environnement et de la Sant\u00e9 sur le programme ISAVET pour renforcer les comp\u00e9tences en \u00e9pid\u00e9miologie de terrain pour les v\u00e9t\u00e9rinaires.<\/div>\n<\/div>\n<div class=\"cxmmr5t8 oygrvhab hcukyx3x c1et5uql o9v6fnle ii04i59q\">\n<div dir=\"auto\">Dans cette m\u00eame dynamique et dans le cadre d\u2019une une synergie des ressources financiers, que la DSV a d\u00e9marr\u00e9 la deuxi\u00e8me cohorte dont la premi\u00e8re session se d\u00e9roule actuellement \u00e0 Saly, du 18 au 23 avril 2022 avec l\u2019appui du Projet r\u00e9gional d\u2019Appui au Pastoralisme au Sahel (PRAPS-2-SN) ;<\/div>\n<div dir=\"auto\">La c\u00e9r\u00e9monie a \u00e9t\u00e9 pr\u00e9sid\u00e9e par son excellence, Monsieur le Ministre de l\u2019Elevage et des Productions animales, Monsieur ALY SALEH DIOP, en pr\u00e9sence du Directeur G\u00e9n\u00e9ral de la Sant\u00e9 ainsi d\u2019autres partenaires techniques et financiers.<\/div>\n<\/div>\n<div class=\"cxmmr5t8 oygrvhab hcukyx3x c1et5uql o9v6fnle ii04i59q\">\n<div dir=\"auto\">Elle cible 25 participants dont 18 pour le secteur de la Sant\u00e9 animale, 05 pour le secteur de l\u2019Environnement et 02 pour le secteur de la Sant\u00e9 humaine (BRISE-MCR et district Kaolack). Les cibles de participants pr\u00e9vus pour cette deuxi\u00e8me cohorte sont des candidats avec un profil Baccalaur\u00e9at +3 au minimum. Elle sera anim\u00e9e par 11 formateurs pour les formations th\u00e9oriques avec 2 facilitateurs.<\/div>\n<\/div>\n<div class=\"cxmmr5t8 oygrvhab hcukyx3x c1et5uql o9v6fnle ii04i59q\">\n<div dir=\"auto\">Les formateurs cibl\u00e9s sont ceux qui ont d\u00e9j\u00e0 fait cette formation ISAVET \u00e0 Douala dans le cadre du processus continu d\u2019am\u00e9lioration des qualit\u00e9s des cours pour l\u2019adaptation aux besoins du pays ainsi que les formateurs form\u00e9s \u00e0 Dakar.<\/div>\n<\/div>\n","protected":false},"excerpt":{"rendered":"<p>Le Minist\u00e8re de l\u2019Elevage et des Productions animales, \u00e0 travers le PRAPS-2-SN appuie la Direction des Services V\u00e9t\u00e9rinaires et ses partenaires dans la lutte contre les maladies \u00e9mergentes. L\u2019Organisation des Nations Unies pour l\u2019alimentation et l\u2019agriculture (FAO), l\u2019Institut des maladies animales infectieuses (IIAD) de l\u2019Universit\u00e9 de Texas A &amp; M et ses collaborateurs ont lanc\u00e9 &hellip;<\/p>\n","protected":false},"author":5,"featured_media":0,"comment_status":"closed","ping_status":"closed","sticky":false,"template":"","format":"standard","meta":{"_monsterinsights_skip_tracking":false,"_monsterinsights_sitenote_active":false,"_monsterinsights_sitenote_note":"","_monsterinsights_sitenote_category":0,"footnotes":""},"categories":[4],"tags":[],"class_list":["post-561","post","type-post","status-publish","format-standard","","category-a-la-une"],"yoast_head":"<!-- This site is optimized with the Yoast SEO plugin v22.7 - https:\/\/yoast.com\/wordpress\/plugins\/seo\/ -->\n<title>Le Minist\u00e8re de l\u2019Elevage et des Productions animales, \u00e0 travers le PRAPS-2-SN appuie la Direction des Services V\u00e9t\u00e9rinaires et ses partenaires dans la lutte contre les maladies \u00e9mergentes - PRAPS 1 SENEGAL<\/title>\n<meta name=\"robots\" content=\"index, follow, max-snippet:-1, max-image-preview:large, max-video-preview:-1\" \/>\n<link rel=\"canonical\" href=\"https:\/\/praps.sn\/archives\/le-ministere-de-lelevage-et-des-productions-animales-a-travers-le-praps-2-sn-appuie-la-direction-des-services-veterinaires-et-ses-partenaires-dans-la-lutte-contre-les-maladies-emergentes\/\" \/>\n<meta property=\"og:locale\" content=\"fr_FR\" \/>\n<meta property=\"og:type\" content=\"article\" \/>\n<meta property=\"og:title\" content=\"Le Minist\u00e8re de l\u2019Elevage et des Productions animales, \u00e0 travers le PRAPS-2-SN appuie la Direction des Services V\u00e9t\u00e9rinaires et ses partenaires dans la lutte contre les maladies \u00e9mergentes - PRAPS 1 SENEGAL\" \/>\n<meta property=\"og:description\" content=\"Le Minist\u00e8re de l\u2019Elevage et des Productions animales, \u00e0 travers le PRAPS-2-SN appuie la Direction des Services V\u00e9t\u00e9rinaires et ses partenaires dans la lutte contre les maladies \u00e9mergentes. L\u2019Organisation des Nations Unies pour l\u2019alimentation et l\u2019agriculture (FAO), l\u2019Institut des maladies animales infectieuses (IIAD) de l\u2019Universit\u00e9 de Texas A &amp; M et ses collaborateurs ont lanc\u00e9 &hellip;\" \/>\n<meta property=\"og:url\" content=\"https:\/\/praps.sn\/archives\/le-ministere-de-lelevage-et-des-productions-animales-a-travers-le-praps-2-sn-appuie-la-direction-des-services-veterinaires-et-ses-partenaires-dans-la-lutte-contre-les-maladies-emergentes\/\" \/>\n<meta property=\"og:site_name\" content=\"PRAPS 1 SENEGAL\" \/>\n<meta property=\"article:published_time\" content=\"2022-04-21T14:30:24+00:00\" \/>\n<meta property=\"article:modified_time\" content=\"2022-04-21T14:41:44+00:00\" \/>\n<meta property=\"og:image\" content=\"https:\/\/scontent.fdkr5-1.fna.fbcdn.net\/v\/t39.30808-6\/278497499_131772999433617_5124619876336490278_n.jpg?_nc_cat=101&amp;ccb=1-5&amp;_nc_sid=730e14&amp;_nc_ohc=Zy027TnmYO0AX-ArpOD&amp;_nc_ht=scontent.fdkr5-1.fna&amp;oh=00_AT8wqMjuWafU-bicWcY8nb387WnxWPEfzVKpKDumRE2n1g&amp;oe=62663C81\" \/>\n<meta name=\"author\" content=\"Badara POUYE\" \/>\n<meta name=\"twitter:card\" content=\"summary_large_image\" \/>\n<meta name=\"twitter:label1\" content=\"\u00c9crit par\" \/>\n\t<meta name=\"twitter:data1\" content=\"Badara POUYE\" \/>\n\t<meta name=\"twitter:label2\" content=\"Dur\u00e9e de lecture estim\u00e9e\" \/>\n\t<meta name=\"twitter:data2\" content=\"8 minutes\" \/>\n<script type=\"application\/ld+json\" class=\"yoast-schema-graph\">{\"@context\":\"https:\/\/schema.org\",\"@graph\":[{\"@type\":\"Article\",\"@id\":\"https:\/\/praps.sn\/archives\/le-ministere-de-lelevage-et-des-productions-animales-a-travers-le-praps-2-sn-appuie-la-direction-des-services-veterinaires-et-ses-partenaires-dans-la-lutte-contre-les-maladies-emergentes\/#article\",\"isPartOf\":{\"@id\":\"https:\/\/praps.sn\/archives\/le-ministere-de-lelevage-et-des-productions-animales-a-travers-le-praps-2-sn-appuie-la-direction-des-services-veterinaires-et-ses-partenaires-dans-la-lutte-contre-les-maladies-emergentes\/\"},\"author\":{\"name\":\"Badara POUYE\",\"@id\":\"https:\/\/praps.sn\/archives\/#\/schema\/person\/48738b5bbd08a6b3c023c02f3e298d39\"},\"headline\":\"Le Minist\u00e8re de l\u2019Elevage et des Productions animales, \u00e0 travers le PRAPS-2-SN appuie la Direction des Services V\u00e9t\u00e9rinaires et ses partenaires dans la lutte contre les maladies \u00e9mergentes\",\"datePublished\":\"2022-04-21T14:30:24+00:00\",\"dateModified\":\"2022-04-21T14:41:44+00:00\",\"mainEntityOfPage\":{\"@id\":\"https:\/\/praps.sn\/archives\/le-ministere-de-lelevage-et-des-productions-animales-a-travers-le-praps-2-sn-appuie-la-direction-des-services-veterinaires-et-ses-partenaires-dans-la-lutte-contre-les-maladies-emergentes\/\"},\"wordCount\":1728,\"publisher\":{\"@id\":\"https:\/\/praps.sn\/archives\/#organization\"},\"image\":{\"@id\":\"https:\/\/praps.sn\/archives\/le-ministere-de-lelevage-et-des-productions-animales-a-travers-le-praps-2-sn-appuie-la-direction-des-services-veterinaires-et-ses-partenaires-dans-la-lutte-contre-les-maladies-emergentes\/#primaryimage\"},\"thumbnailUrl\":\"https:\/\/scontent.fdkr5-1.fna.fbcdn.net\/v\/t39.30808-6\/278497499_131772999433617_5124619876336490278_n.jpg?_nc_cat=101&amp;ccb=1-5&amp;_nc_sid=730e14&amp;_nc_ohc=Zy027TnmYO0AX-ArpOD&amp;_nc_ht=scontent.fdkr5-1.fna&amp;oh=00_AT8wqMjuWafU-bicWcY8nb387WnxWPEfzVKpKDumRE2n1g&amp;oe=62663C81\",\"articleSection\":[\"A la une\"],\"inLanguage\":\"fr-FR\"},{\"@type\":\"WebPage\",\"@id\":\"https:\/\/praps.sn\/archives\/le-ministere-de-lelevage-et-des-productions-animales-a-travers-le-praps-2-sn-appuie-la-direction-des-services-veterinaires-et-ses-partenaires-dans-la-lutte-contre-les-maladies-emergentes\/\",\"url\":\"https:\/\/praps.sn\/archives\/le-ministere-de-lelevage-et-des-productions-animales-a-travers-le-praps-2-sn-appuie-la-direction-des-services-veterinaires-et-ses-partenaires-dans-la-lutte-contre-les-maladies-emergentes\/\",\"name\":\"Le Minist\u00e8re de l\u2019Elevage et des Productions animales, \u00e0 travers le PRAPS-2-SN appuie la Direction des Services V\u00e9t\u00e9rinaires et ses partenaires dans la lutte contre les maladies \u00e9mergentes - PRAPS 1 SENEGAL\",\"isPartOf\":{\"@id\":\"https:\/\/praps.sn\/archives\/#website\"},\"primaryImageOfPage\":{\"@id\":\"https:\/\/praps.sn\/archives\/le-ministere-de-lelevage-et-des-productions-animales-a-travers-le-praps-2-sn-appuie-la-direction-des-services-veterinaires-et-ses-partenaires-dans-la-lutte-contre-les-maladies-emergentes\/#primaryimage\"},\"image\":{\"@id\":\"https:\/\/praps.sn\/archives\/le-ministere-de-lelevage-et-des-productions-animales-a-travers-le-praps-2-sn-appuie-la-direction-des-services-veterinaires-et-ses-partenaires-dans-la-lutte-contre-les-maladies-emergentes\/#primaryimage\"},\"thumbnailUrl\":\"https:\/\/scontent.fdkr5-1.fna.fbcdn.net\/v\/t39.30808-6\/278497499_131772999433617_5124619876336490278_n.jpg?_nc_cat=101&amp;ccb=1-5&amp;_nc_sid=730e14&amp;_nc_ohc=Zy027TnmYO0AX-ArpOD&amp;_nc_ht=scontent.fdkr5-1.fna&amp;oh=00_AT8wqMjuWafU-bicWcY8nb387WnxWPEfzVKpKDumRE2n1g&amp;oe=62663C81\",\"datePublished\":\"2022-04-21T14:30:24+00:00\",\"dateModified\":\"2022-04-21T14:41:44+00:00\",\"breadcrumb\":{\"@id\":\"https:\/\/praps.sn\/archives\/le-ministere-de-lelevage-et-des-productions-animales-a-travers-le-praps-2-sn-appuie-la-direction-des-services-veterinaires-et-ses-partenaires-dans-la-lutte-contre-les-maladies-emergentes\/#breadcrumb\"},\"inLanguage\":\"fr-FR\",\"potentialAction\":[{\"@type\":\"ReadAction\",\"target\":[\"https:\/\/praps.sn\/archives\/le-ministere-de-lelevage-et-des-productions-animales-a-travers-le-praps-2-sn-appuie-la-direction-des-services-veterinaires-et-ses-partenaires-dans-la-lutte-contre-les-maladies-emergentes\/\"]}]},{\"@type\":\"ImageObject\",\"inLanguage\":\"fr-FR\",\"@id\":\"https:\/\/praps.sn\/archives\/le-ministere-de-lelevage-et-des-productions-animales-a-travers-le-praps-2-sn-appuie-la-direction-des-services-veterinaires-et-ses-partenaires-dans-la-lutte-contre-les-maladies-emergentes\/#primaryimage\",\"url\":\"https:\/\/scontent.fdkr5-1.fna.fbcdn.net\/v\/t39.30808-6\/278497499_131772999433617_5124619876336490278_n.jpg?_nc_cat=101&amp;ccb=1-5&amp;_nc_sid=730e14&amp;_nc_ohc=Zy027TnmYO0AX-ArpOD&amp;_nc_ht=scontent.fdkr5-1.fna&amp;oh=00_AT8wqMjuWafU-bicWcY8nb387WnxWPEfzVKpKDumRE2n1g&amp;oe=62663C81\",\"contentUrl\":\"https:\/\/scontent.fdkr5-1.fna.fbcdn.net\/v\/t39.30808-6\/278497499_131772999433617_5124619876336490278_n.jpg?_nc_cat=101&amp;ccb=1-5&amp;_nc_sid=730e14&amp;_nc_ohc=Zy027TnmYO0AX-ArpOD&amp;_nc_ht=scontent.fdkr5-1.fna&amp;oh=00_AT8wqMjuWafU-bicWcY8nb387WnxWPEfzVKpKDumRE2n1g&amp;oe=62663C81\"},{\"@type\":\"BreadcrumbList\",\"@id\":\"https:\/\/praps.sn\/archives\/le-ministere-de-lelevage-et-des-productions-animales-a-travers-le-praps-2-sn-appuie-la-direction-des-services-veterinaires-et-ses-partenaires-dans-la-lutte-contre-les-maladies-emergentes\/#breadcrumb\",\"itemListElement\":[{\"@type\":\"ListItem\",\"position\":1,\"name\":\"Home\",\"item\":\"https:\/\/praps.sn\/archives\/\"},{\"@type\":\"ListItem\",\"position\":2,\"name\":\"Le Minist\u00e8re de l\u2019Elevage et des Productions animales, \u00e0 travers le PRAPS-2-SN appuie la Direction des Services V\u00e9t\u00e9rinaires et ses partenaires dans la lutte contre les maladies \u00e9mergentes\"}]},{\"@type\":\"WebSite\",\"@id\":\"https:\/\/praps.sn\/archives\/#website\",\"url\":\"https:\/\/praps.sn\/archives\/\",\"name\":\"PRAPS SENEGAL\",\"description\":\"Projet d&#039;Appui au Pastoralisme au Sahel-Phase 1\",\"publisher\":{\"@id\":\"https:\/\/praps.sn\/archives\/#organization\"},\"potentialAction\":[{\"@type\":\"SearchAction\",\"target\":{\"@type\":\"EntryPoint\",\"urlTemplate\":\"https:\/\/praps.sn\/archives\/?s={search_term_string}\"},\"query-input\":\"required name=search_term_string\"}],\"inLanguage\":\"fr-FR\"},{\"@type\":\"Organization\",\"@id\":\"https:\/\/praps.sn\/archives\/#organization\",\"name\":\"PRAPS S\u00e9n\u00e9gal\",\"url\":\"https:\/\/praps.sn\/archives\/\",\"logo\":{\"@type\":\"ImageObject\",\"inLanguage\":\"fr-FR\",\"@id\":\"https:\/\/praps.sn\/archives\/#\/schema\/logo\/image\/\",\"url\":\"https:\/\/praps.sn\/archives\/wp-content\/uploads\/2019\/09\/banniere_praps-1.png\",\"contentUrl\":\"https:\/\/praps.sn\/archives\/wp-content\/uploads\/2019\/09\/banniere_praps-1.png\",\"width\":159,\"height\":154,\"caption\":\"PRAPS S\u00e9n\u00e9gal\"},\"image\":{\"@id\":\"https:\/\/praps.sn\/archives\/#\/schema\/logo\/image\/\"}},{\"@type\":\"Person\",\"@id\":\"https:\/\/praps.sn\/archives\/#\/schema\/person\/48738b5bbd08a6b3c023c02f3e298d39\",\"name\":\"Badara POUYE\",\"sameAs\":[\"http:\/\/www.praps.sn\"]}]}<\/script>\n<!-- \/ Yoast SEO plugin. -->","yoast_head_json":{"title":"Le Minist\u00e8re de l\u2019Elevage et des Productions animales, \u00e0 travers le PRAPS-2-SN appuie la Direction des Services V\u00e9t\u00e9rinaires et ses partenaires dans la lutte contre les maladies \u00e9mergentes - PRAPS 1 SENEGAL","robots":{"index":"index","follow":"follow","max-snippet":"max-snippet:-1","max-image-preview":"max-image-preview:large","max-video-preview":"max-video-preview:-1"},"canonical":"https:\/\/praps.sn\/archives\/le-ministere-de-lelevage-et-des-productions-animales-a-travers-le-praps-2-sn-appuie-la-direction-des-services-veterinaires-et-ses-partenaires-dans-la-lutte-contre-les-maladies-emergentes\/","og_locale":"fr_FR","og_type":"article","og_title":"Le Minist\u00e8re de l\u2019Elevage et des Productions animales, \u00e0 travers le PRAPS-2-SN appuie la Direction des Services V\u00e9t\u00e9rinaires et ses partenaires dans la lutte contre les maladies \u00e9mergentes - PRAPS 1 SENEGAL","og_description":"Le Minist\u00e8re de l\u2019Elevage et des Productions animales, \u00e0 travers le PRAPS-2-SN appuie la Direction des Services V\u00e9t\u00e9rinaires et ses partenaires dans la lutte contre les maladies \u00e9mergentes. L\u2019Organisation des Nations Unies pour l\u2019alimentation et l\u2019agriculture (FAO), l\u2019Institut des maladies animales infectieuses (IIAD) de l\u2019Universit\u00e9 de Texas A &amp; M et ses collaborateurs ont lanc\u00e9 &hellip;","og_url":"https:\/\/praps.sn\/archives\/le-ministere-de-lelevage-et-des-productions-animales-a-travers-le-praps-2-sn-appuie-la-direction-des-services-veterinaires-et-ses-partenaires-dans-la-lutte-contre-les-maladies-emergentes\/","og_site_name":"PRAPS 1 SENEGAL","article_published_time":"2022-04-21T14:30:24+00:00","article_modified_time":"2022-04-21T14:41:44+00:00","og_image":[{"url":"https:\/\/scontent.fdkr5-1.fna.fbcdn.net\/v\/t39.30808-6\/278497499_131772999433617_5124619876336490278_n.jpg?_nc_cat=101&amp;ccb=1-5&amp;_nc_sid=730e14&amp;_nc_ohc=Zy027TnmYO0AX-ArpOD&amp;_nc_ht=scontent.fdkr5-1.fna&amp;oh=00_AT8wqMjuWafU-bicWcY8nb387WnxWPEfzVKpKDumRE2n1g&amp;oe=62663C81"}],"author":"Badara POUYE","twitter_card":"summary_large_image","twitter_misc":{"\u00c9crit par":"Badara POUYE","Dur\u00e9e de lecture estim\u00e9e":"8 minutes"},"schema":{"@context":"https:\/\/schema.org","@graph":[{"@type":"Article","@id":"https:\/\/praps.sn\/archives\/le-ministere-de-lelevage-et-des-productions-animales-a-travers-le-praps-2-sn-appuie-la-direction-des-services-veterinaires-et-ses-partenaires-dans-la-lutte-contre-les-maladies-emergentes\/#article","isPartOf":{"@id":"https:\/\/praps.sn\/archives\/le-ministere-de-lelevage-et-des-productions-animales-a-travers-le-praps-2-sn-appuie-la-direction-des-services-veterinaires-et-ses-partenaires-dans-la-lutte-contre-les-maladies-emergentes\/"},"author":{"name":"Badara POUYE","@id":"https:\/\/praps.sn\/archives\/#\/schema\/person\/48738b5bbd08a6b3c023c02f3e298d39"},"headline":"Le Minist\u00e8re de l\u2019Elevage et des Productions animales, \u00e0 travers le PRAPS-2-SN appuie la Direction des Services V\u00e9t\u00e9rinaires et ses partenaires dans la lutte contre les maladies \u00e9mergentes","datePublished":"2022-04-21T14:30:24+00:00","dateModified":"2022-04-21T14:41:44+00:00","mainEntityOfPage":{"@id":"https:\/\/praps.sn\/archives\/le-ministere-de-lelevage-et-des-productions-animales-a-travers-le-praps-2-sn-appuie-la-direction-des-services-veterinaires-et-ses-partenaires-dans-la-lutte-contre-les-maladies-emergentes\/"},"wordCount":1728,"publisher":{"@id":"https:\/\/praps.sn\/archives\/#organization"},"image":{"@id":"https:\/\/praps.sn\/archives\/le-ministere-de-lelevage-et-des-productions-animales-a-travers-le-praps-2-sn-appuie-la-direction-des-services-veterinaires-et-ses-partenaires-dans-la-lutte-contre-les-maladies-emergentes\/#primaryimage"},"thumbnailUrl":"https:\/\/scontent.fdkr5-1.fna.fbcdn.net\/v\/t39.30808-6\/278497499_131772999433617_5124619876336490278_n.jpg?_nc_cat=101&amp;ccb=1-5&amp;_nc_sid=730e14&amp;_nc_ohc=Zy027TnmYO0AX-ArpOD&amp;_nc_ht=scontent.fdkr5-1.fna&amp;oh=00_AT8wqMjuWafU-bicWcY8nb387WnxWPEfzVKpKDumRE2n1g&amp;oe=62663C81","articleSection":["A la une"],"inLanguage":"fr-FR"},{"@type":"WebPage","@id":"https:\/\/praps.sn\/archives\/le-ministere-de-lelevage-et-des-productions-animales-a-travers-le-praps-2-sn-appuie-la-direction-des-services-veterinaires-et-ses-partenaires-dans-la-lutte-contre-les-maladies-emergentes\/","url":"https:\/\/praps.sn\/archives\/le-ministere-de-lelevage-et-des-productions-animales-a-travers-le-praps-2-sn-appuie-la-direction-des-services-veterinaires-et-ses-partenaires-dans-la-lutte-contre-les-maladies-emergentes\/","name":"Le Minist\u00e8re de l\u2019Elevage et des Productions animales, \u00e0 travers le PRAPS-2-SN appuie la Direction des Services V\u00e9t\u00e9rinaires et ses partenaires dans la lutte contre les maladies \u00e9mergentes - PRAPS 1 SENEGAL","isPartOf":{"@id":"https:\/\/praps.sn\/archives\/#website"},"primaryImageOfPage":{"@id":"https:\/\/praps.sn\/archives\/le-ministere-de-lelevage-et-des-productions-animales-a-travers-le-praps-2-sn-appuie-la-direction-des-services-veterinaires-et-ses-partenaires-dans-la-lutte-contre-les-maladies-emergentes\/#primaryimage"},"image":{"@id":"https:\/\/praps.sn\/archives\/le-ministere-de-lelevage-et-des-productions-animales-a-travers-le-praps-2-sn-appuie-la-direction-des-services-veterinaires-et-ses-partenaires-dans-la-lutte-contre-les-maladies-emergentes\/#primaryimage"},"thumbnailUrl":"https:\/\/scontent.fdkr5-1.fna.fbcdn.net\/v\/t39.30808-6\/278497499_131772999433617_5124619876336490278_n.jpg?_nc_cat=101&amp;ccb=1-5&amp;_nc_sid=730e14&amp;_nc_ohc=Zy027TnmYO0AX-ArpOD&amp;_nc_ht=scontent.fdkr5-1.fna&amp;oh=00_AT8wqMjuWafU-bicWcY8nb387WnxWPEfzVKpKDumRE2n1g&amp;oe=62663C81","datePublished":"2022-04-21T14:30:24+00:00","dateModified":"2022-04-21T14:41:44+00:00","breadcrumb":{"@id":"https:\/\/praps.sn\/archives\/le-ministere-de-lelevage-et-des-productions-animales-a-travers-le-praps-2-sn-appuie-la-direction-des-services-veterinaires-et-ses-partenaires-dans-la-lutte-contre-les-maladies-emergentes\/#breadcrumb"},"inLanguage":"fr-FR","potentialAction":[{"@type":"ReadAction","target":["https:\/\/praps.sn\/archives\/le-ministere-de-lelevage-et-des-productions-animales-a-travers-le-praps-2-sn-appuie-la-direction-des-services-veterinaires-et-ses-partenaires-dans-la-lutte-contre-les-maladies-emergentes\/"]}]},{"@type":"ImageObject","inLanguage":"fr-FR","@id":"https:\/\/praps.sn\/archives\/le-ministere-de-lelevage-et-des-productions-animales-a-travers-le-praps-2-sn-appuie-la-direction-des-services-veterinaires-et-ses-partenaires-dans-la-lutte-contre-les-maladies-emergentes\/#primaryimage","url":"https:\/\/scontent.fdkr5-1.fna.fbcdn.net\/v\/t39.30808-6\/278497499_131772999433617_5124619876336490278_n.jpg?_nc_cat=101&amp;ccb=1-5&amp;_nc_sid=730e14&amp;_nc_ohc=Zy027TnmYO0AX-ArpOD&amp;_nc_ht=scontent.fdkr5-1.fna&amp;oh=00_AT8wqMjuWafU-bicWcY8nb387WnxWPEfzVKpKDumRE2n1g&amp;oe=62663C81","contentUrl":"https:\/\/scontent.fdkr5-1.fna.fbcdn.net\/v\/t39.30808-6\/278497499_131772999433617_5124619876336490278_n.jpg?_nc_cat=101&amp;ccb=1-5&amp;_nc_sid=730e14&amp;_nc_ohc=Zy027TnmYO0AX-ArpOD&amp;_nc_ht=scontent.fdkr5-1.fna&amp;oh=00_AT8wqMjuWafU-bicWcY8nb387WnxWPEfzVKpKDumRE2n1g&amp;oe=62663C81"},{"@type":"BreadcrumbList","@id":"https:\/\/praps.sn\/archives\/le-ministere-de-lelevage-et-des-productions-animales-a-travers-le-praps-2-sn-appuie-la-direction-des-services-veterinaires-et-ses-partenaires-dans-la-lutte-contre-les-maladies-emergentes\/#breadcrumb","itemListElement":[{"@type":"ListItem","position":1,"name":"Home","item":"https:\/\/praps.sn\/archives\/"},{"@type":"ListItem","position":2,"name":"Le Minist\u00e8re de l\u2019Elevage et des Productions animales, \u00e0 travers le PRAPS-2-SN appuie la Direction des Services V\u00e9t\u00e9rinaires et ses partenaires dans la lutte contre les maladies \u00e9mergentes"}]},{"@type":"WebSite","@id":"https:\/\/praps.sn\/archives\/#website","url":"https:\/\/praps.sn\/archives\/","name":"PRAPS SENEGAL","description":"Projet d&#039;Appui au Pastoralisme au Sahel-Phase 1","publisher":{"@id":"https:\/\/praps.sn\/archives\/#organization"},"potentialAction":[{"@type":"SearchAction","target":{"@type":"EntryPoint","urlTemplate":"https:\/\/praps.sn\/archives\/?s={search_term_string}"},"query-input":"required name=search_term_string"}],"inLanguage":"fr-FR"},{"@type":"Organization","@id":"https:\/\/praps.sn\/archives\/#organization","name":"PRAPS S\u00e9n\u00e9gal","url":"https:\/\/praps.sn\/archives\/","logo":{"@type":"ImageObject","inLanguage":"fr-FR","@id":"https:\/\/praps.sn\/archives\/#\/schema\/logo\/image\/","url":"https:\/\/praps.sn\/archives\/wp-content\/uploads\/2019\/09\/banniere_praps-1.png","contentUrl":"https:\/\/praps.sn\/archives\/wp-content\/uploads\/2019\/09\/banniere_praps-1.png","width":159,"height":154,"caption":"PRAPS S\u00e9n\u00e9gal"},"image":{"@id":"https:\/\/praps.sn\/archives\/#\/schema\/logo\/image\/"}},{"@type":"Person","@id":"https:\/\/praps.sn\/archives\/#\/schema\/person\/48738b5bbd08a6b3c023c02f3e298d39","name":"Badara POUYE","sameAs":["http:\/\/www.praps.sn"]}]}},"_links":{"self":[{"href":"https:\/\/praps.sn\/archives\/wp-json\/wp\/v2\/posts\/561","targetHints":{"allow":["GET"]}}],"collection":[{"href":"https:\/\/praps.sn\/archives\/wp-json\/wp\/v2\/posts"}],"about":[{"href":"https:\/\/praps.sn\/archives\/wp-json\/wp\/v2\/types\/post"}],"author":[{"embeddable":true,"href":"https:\/\/praps.sn\/archives\/wp-json\/wp\/v2\/users\/5"}],"replies":[{"embeddable":true,"href":"https:\/\/praps.sn\/archives\/wp-json\/wp\/v2\/comments?post=561"}],"version-history":[{"count":3,"href":"https:\/\/praps.sn\/archives\/wp-json\/wp\/v2\/posts\/561\/revisions"}],"predecessor-version":[{"id":564,"href":"https:\/\/praps.sn\/archives\/wp-json\/wp\/v2\/posts\/561\/revisions\/564"}],"wp:attachment":[{"href":"https:\/\/praps.sn\/archives\/wp-json\/wp\/v2\/media?parent=561"}],"wp:term":[{"taxonomy":"category","embeddable":true,"href":"https:\/\/praps.sn\/archives\/wp-json\/wp\/v2\/categories?post=561"},{"taxonomy":"post_tag","embeddable":true,"href":"https:\/\/praps.sn\/archives\/wp-json\/wp\/v2\/tags?post=561"}],"curies":[{"name":"wp","href":"https:\/\/api.w.org\/{rel}","templated":true}]}}