{"id":555,"date":"2022-03-24T17:07:56","date_gmt":"2022-03-24T16:07:56","guid":{"rendered":"https:\/\/praps.sn\/archives\/?p=555"},"modified":"2022-03-24T17:12:22","modified_gmt":"2022-03-24T16:12:22","slug":"lancement-officiel-du-projet-regional-dappui-au-pastoralisme-au-sahel-phase-2-praps-2-atelier-de-partage-de-connaissances-sur-les-resultats-et-acquis-cloture-du-praps-1","status":"publish","type":"post","link":"https:\/\/praps.sn\/archives\/lancement-officiel-du-projet-regional-dappui-au-pastoralisme-au-sahel-phase-2-praps-2-atelier-de-partage-de-connaissances-sur-les-resultats-et-acquis-cloture-du-praps-1\/","title":{"rendered":"Lancement officiel du Projet R\u00e9gional d\u2019Appui au Pastoralisme au Sahel-Phase 2 (PRAPS-2) Atelier de partage de connaissances sur les r\u00e9sultats et acquis Cl\u00f4ture du PRAPS-1"},"content":{"rendered":"<p>Le Comit\u00e9 permanent Inter Etats de Lutte contre la S\u00e9cheresse au Sahel (CILSS) en collaboration avec des partenaires proc\u00e9dera <strong>le 24 mars 2022 <\/strong>au lancement officiel de la phase 2 du Projet R\u00e9gional d\u2019Appui au Pastoralisme au Sahel (PRAPS &#8211; 2) <strong>\u00e0 l\u2019H\u00f4tel Radisson Blu \u00e0 Dakar, S\u00e9n\u00e9gal. <\/strong><\/p>\n<p>Pour am\u00e9liorer les conditions de vie des m\u00e9nages pastoraux et <strong>renforcer leur r\u00e9silience, <\/strong>la Banque mondiale a lanc\u00e9 en 2014<strong> \u00ab l\u2019Initiative en faveur du Sahel \u00bb<\/strong> qui a conduit au financement du PRAPS-1 qui a impact\u00e9 les vies de <strong>2\u00a0601\u00a0000<\/strong> pasteurs et agropasteurs dont <strong>32% de femmes<\/strong> au Burkina Faso, Mali, Mauritanie, Niger, S\u00e9n\u00e9gal et Tchad de <strong>2015-2021<\/strong>.<\/p>\n<p>Dans la perspective de renforcer les importants r\u00e9sultats de la premi\u00e8re phase, la Banque mondiale a consenti au financement du PRAPS-2 <strong>pour un montant total de 375 millions de <\/strong><\/p>\n<p>Le lancement du PRAPS-2 en pr\u00e9sence des autorit\u00e9s de tutelle du Projet dans les pays, des Unit\u00e9s nationales de coordination, des b\u00e9n\u00e9ficiaires, de la Banque mondiale et du CILSS permettra \u00e0 l\u2019ensemble des acteurs d\u2019avoir une compr\u00e9hension commune des objectifs du projet et des m\u00e9canismes de mise en \u0153uvre et de renouveler leur engagement \u00e0 faire de l\u2019am\u00e9lioration des conditions de vie des pasteurs et agropasteurs, une r\u00e9alit\u00e9 au quotidien.<\/p>\n<p>Le PRAPS-2 \u00e0 l\u2019instar du PRAPS-1 reste plac\u00e9 sous le leadership politique de la CEDEAO et de l\u2019UEMOA et sa coordination technique est assur\u00e9e par le CILSS.<\/p>\n<p>La c\u00e9r\u00e9monie de lancement officiel du PRAPS-2 sera suivie les <strong>29-30 mars 2022<\/strong> d\u2019un atelier de partage de connaissances sur les r\u00e9sultats et acquis du projet, qui servira de cadre pour la cl\u00f4ture de la phase 1 du projet. Plusieurs partenaires de d\u00e9veloppement\u00a0: projets et programmes, organisations et associations d\u2019agro-pasteurs, partenaires techniques et financiers et organisations sous r\u00e9gionales et internationales seront parties prenantes dudit atelier pour une meilleure mise en \u0153uvre des projets de pastoralisme au Sahel et en Afrique de l\u2019Ouest.<\/p>\n<p>La c\u00e9r\u00e9monie sera pr\u00e9sid\u00e9e par le Ministre de l\u2019\u00e9levage et des Productions animales de la R\u00e9publique du S\u00e9n\u00e9gal, en pr\u00e9sence de ses coll\u00e8gues des autres pays membres.<\/p>\n","protected":false},"excerpt":{"rendered":"<p>Le Comit\u00e9 permanent Inter Etats de Lutte contre la S\u00e9cheresse au Sahel (CILSS) en collaboration avec des partenaires proc\u00e9dera le 24 mars 2022 au lancement officiel de la phase 2 du Projet R\u00e9gional d\u2019Appui au Pastoralisme au Sahel (PRAPS &#8211; 2) \u00e0 l\u2019H\u00f4tel Radisson Blu \u00e0 Dakar, S\u00e9n\u00e9gal. Pour am\u00e9liorer les conditions de vie des &hellip;<\/p>\n","protected":false},"author":5,"featured_media":0,"comment_status":"closed","ping_status":"closed","sticky":false,"template":"","format":"standard","meta":{"_monsterinsights_skip_tracking":false,"_monsterinsights_sitenote_active":false,"_monsterinsights_sitenote_note":"","_monsterinsights_sitenote_category":0,"footnotes":""},"categories":[4],"tags":[],"class_list":["post-555","post","type-post","status-publish","format-standard","","category-a-la-une"],"yoast_head":"<!-- This site is optimized with the Yoast SEO plugin v22.7 - https:\/\/yoast.com\/wordpress\/plugins\/seo\/ -->\n<title>Lancement officiel du Projet R\u00e9gional d\u2019Appui au Pastoralisme au Sahel-Phase 2 (PRAPS-2) Atelier de partage de connaissances sur les r\u00e9sultats et acquis Cl\u00f4ture du PRAPS-1 - PRAPS 1 SENEGAL<\/title>\n<meta name=\"robots\" content=\"index, follow, max-snippet:-1, max-image-preview:large, max-video-preview:-1\" \/>\n<link rel=\"canonical\" href=\"https:\/\/praps.sn\/archives\/lancement-officiel-du-projet-regional-dappui-au-pastoralisme-au-sahel-phase-2-praps-2-atelier-de-partage-de-connaissances-sur-les-resultats-et-acquis-cloture-du-praps-1\/\" \/>\n<meta property=\"og:locale\" content=\"fr_FR\" \/>\n<meta property=\"og:type\" content=\"article\" \/>\n<meta property=\"og:title\" content=\"Lancement officiel du Projet R\u00e9gional d\u2019Appui au Pastoralisme au Sahel-Phase 2 (PRAPS-2) Atelier de partage de connaissances sur les r\u00e9sultats et acquis Cl\u00f4ture du PRAPS-1 - PRAPS 1 SENEGAL\" \/>\n<meta property=\"og:description\" content=\"Le Comit\u00e9 permanent Inter Etats de Lutte contre la S\u00e9cheresse au Sahel (CILSS) en collaboration avec des partenaires proc\u00e9dera le 24 mars 2022 au lancement officiel de la phase 2 du Projet R\u00e9gional d\u2019Appui au Pastoralisme au Sahel (PRAPS &#8211; 2) \u00e0 l\u2019H\u00f4tel Radisson Blu \u00e0 Dakar, S\u00e9n\u00e9gal. Pour am\u00e9liorer les conditions de vie des &hellip;\" \/>\n<meta property=\"og:url\" content=\"https:\/\/praps.sn\/archives\/lancement-officiel-du-projet-regional-dappui-au-pastoralisme-au-sahel-phase-2-praps-2-atelier-de-partage-de-connaissances-sur-les-resultats-et-acquis-cloture-du-praps-1\/\" \/>\n<meta property=\"og:site_name\" content=\"PRAPS 1 SENEGAL\" \/>\n<meta property=\"article:published_time\" content=\"2022-03-24T16:07:56+00:00\" \/>\n<meta property=\"article:modified_time\" content=\"2022-03-24T16:12:22+00:00\" \/>\n<meta name=\"author\" content=\"Badara POUYE\" \/>\n<meta name=\"twitter:card\" content=\"summary_large_image\" \/>\n<meta name=\"twitter:label1\" content=\"\u00c9crit par\" \/>\n\t<meta name=\"twitter:data1\" content=\"Badara POUYE\" \/>\n\t<meta name=\"twitter:label2\" content=\"Dur\u00e9e de lecture estim\u00e9e\" \/>\n\t<meta name=\"twitter:data2\" content=\"2 minutes\" \/>\n<script type=\"application\/ld+json\" class=\"yoast-schema-graph\">{\"@context\":\"https:\/\/schema.org\",\"@graph\":[{\"@type\":\"Article\",\"@id\":\"https:\/\/praps.sn\/archives\/lancement-officiel-du-projet-regional-dappui-au-pastoralisme-au-sahel-phase-2-praps-2-atelier-de-partage-de-connaissances-sur-les-resultats-et-acquis-cloture-du-praps-1\/#article\",\"isPartOf\":{\"@id\":\"https:\/\/praps.sn\/archives\/lancement-officiel-du-projet-regional-dappui-au-pastoralisme-au-sahel-phase-2-praps-2-atelier-de-partage-de-connaissances-sur-les-resultats-et-acquis-cloture-du-praps-1\/\"},\"author\":{\"name\":\"Badara POUYE\",\"@id\":\"https:\/\/praps.sn\/archives\/#\/schema\/person\/48738b5bbd08a6b3c023c02f3e298d39\"},\"headline\":\"Lancement officiel du Projet R\u00e9gional d\u2019Appui au Pastoralisme au Sahel-Phase 2 (PRAPS-2) Atelier de partage de connaissances sur les r\u00e9sultats et acquis Cl\u00f4ture du PRAPS-1\",\"datePublished\":\"2022-03-24T16:07:56+00:00\",\"dateModified\":\"2022-03-24T16:12:22+00:00\",\"mainEntityOfPage\":{\"@id\":\"https:\/\/praps.sn\/archives\/lancement-officiel-du-projet-regional-dappui-au-pastoralisme-au-sahel-phase-2-praps-2-atelier-de-partage-de-connaissances-sur-les-resultats-et-acquis-cloture-du-praps-1\/\"},\"wordCount\":403,\"publisher\":{\"@id\":\"https:\/\/praps.sn\/archives\/#organization\"},\"articleSection\":[\"A la une\"],\"inLanguage\":\"fr-FR\"},{\"@type\":\"WebPage\",\"@id\":\"https:\/\/praps.sn\/archives\/lancement-officiel-du-projet-regional-dappui-au-pastoralisme-au-sahel-phase-2-praps-2-atelier-de-partage-de-connaissances-sur-les-resultats-et-acquis-cloture-du-praps-1\/\",\"url\":\"https:\/\/praps.sn\/archives\/lancement-officiel-du-projet-regional-dappui-au-pastoralisme-au-sahel-phase-2-praps-2-atelier-de-partage-de-connaissances-sur-les-resultats-et-acquis-cloture-du-praps-1\/\",\"name\":\"Lancement officiel du Projet R\u00e9gional d\u2019Appui au Pastoralisme au Sahel-Phase 2 (PRAPS-2) Atelier de partage de connaissances sur les r\u00e9sultats et acquis Cl\u00f4ture du PRAPS-1 - PRAPS 1 SENEGAL\",\"isPartOf\":{\"@id\":\"https:\/\/praps.sn\/archives\/#website\"},\"datePublished\":\"2022-03-24T16:07:56+00:00\",\"dateModified\":\"2022-03-24T16:12:22+00:00\",\"breadcrumb\":{\"@id\":\"https:\/\/praps.sn\/archives\/lancement-officiel-du-projet-regional-dappui-au-pastoralisme-au-sahel-phase-2-praps-2-atelier-de-partage-de-connaissances-sur-les-resultats-et-acquis-cloture-du-praps-1\/#breadcrumb\"},\"inLanguage\":\"fr-FR\",\"potentialAction\":[{\"@type\":\"ReadAction\",\"target\":[\"https:\/\/praps.sn\/archives\/lancement-officiel-du-projet-regional-dappui-au-pastoralisme-au-sahel-phase-2-praps-2-atelier-de-partage-de-connaissances-sur-les-resultats-et-acquis-cloture-du-praps-1\/\"]}]},{\"@type\":\"BreadcrumbList\",\"@id\":\"https:\/\/praps.sn\/archives\/lancement-officiel-du-projet-regional-dappui-au-pastoralisme-au-sahel-phase-2-praps-2-atelier-de-partage-de-connaissances-sur-les-resultats-et-acquis-cloture-du-praps-1\/#breadcrumb\",\"itemListElement\":[{\"@type\":\"ListItem\",\"position\":1,\"name\":\"Home\",\"item\":\"https:\/\/praps.sn\/archives\/\"},{\"@type\":\"ListItem\",\"position\":2,\"name\":\"Lancement officiel du Projet R\u00e9gional d\u2019Appui au Pastoralisme au Sahel-Phase 2 (PRAPS-2) Atelier de partage de connaissances sur les r\u00e9sultats et acquis Cl\u00f4ture du PRAPS-1\"}]},{\"@type\":\"WebSite\",\"@id\":\"https:\/\/praps.sn\/archives\/#website\",\"url\":\"https:\/\/praps.sn\/archives\/\",\"name\":\"PRAPS SENEGAL\",\"description\":\"Projet d&#039;Appui au Pastoralisme au Sahel-Phase 1\",\"publisher\":{\"@id\":\"https:\/\/praps.sn\/archives\/#organization\"},\"potentialAction\":[{\"@type\":\"SearchAction\",\"target\":{\"@type\":\"EntryPoint\",\"urlTemplate\":\"https:\/\/praps.sn\/archives\/?s={search_term_string}\"},\"query-input\":\"required name=search_term_string\"}],\"inLanguage\":\"fr-FR\"},{\"@type\":\"Organization\",\"@id\":\"https:\/\/praps.sn\/archives\/#organization\",\"name\":\"PRAPS S\u00e9n\u00e9gal\",\"url\":\"https:\/\/praps.sn\/archives\/\",\"logo\":{\"@type\":\"ImageObject\",\"inLanguage\":\"fr-FR\",\"@id\":\"https:\/\/praps.sn\/archives\/#\/schema\/logo\/image\/\",\"url\":\"https:\/\/praps.sn\/archives\/wp-content\/uploads\/2019\/09\/banniere_praps-1.png\",\"contentUrl\":\"https:\/\/praps.sn\/archives\/wp-content\/uploads\/2019\/09\/banniere_praps-1.png\",\"width\":159,\"height\":154,\"caption\":\"PRAPS S\u00e9n\u00e9gal\"},\"image\":{\"@id\":\"https:\/\/praps.sn\/archives\/#\/schema\/logo\/image\/\"}},{\"@type\":\"Person\",\"@id\":\"https:\/\/praps.sn\/archives\/#\/schema\/person\/48738b5bbd08a6b3c023c02f3e298d39\",\"name\":\"Badara POUYE\",\"sameAs\":[\"http:\/\/www.praps.sn\"]}]}<\/script>\n<!-- \/ Yoast SEO plugin. -->","yoast_head_json":{"title":"Lancement officiel du Projet R\u00e9gional d\u2019Appui au Pastoralisme au Sahel-Phase 2 (PRAPS-2) Atelier de partage de connaissances sur les r\u00e9sultats et acquis Cl\u00f4ture du PRAPS-1 - PRAPS 1 SENEGAL","robots":{"index":"index","follow":"follow","max-snippet":"max-snippet:-1","max-image-preview":"max-image-preview:large","max-video-preview":"max-video-preview:-1"},"canonical":"https:\/\/praps.sn\/archives\/lancement-officiel-du-projet-regional-dappui-au-pastoralisme-au-sahel-phase-2-praps-2-atelier-de-partage-de-connaissances-sur-les-resultats-et-acquis-cloture-du-praps-1\/","og_locale":"fr_FR","og_type":"article","og_title":"Lancement officiel du Projet R\u00e9gional d\u2019Appui au Pastoralisme au Sahel-Phase 2 (PRAPS-2) Atelier de partage de connaissances sur les r\u00e9sultats et acquis Cl\u00f4ture du PRAPS-1 - PRAPS 1 SENEGAL","og_description":"Le Comit\u00e9 permanent Inter Etats de Lutte contre la S\u00e9cheresse au Sahel (CILSS) en collaboration avec des partenaires proc\u00e9dera le 24 mars 2022 au lancement officiel de la phase 2 du Projet R\u00e9gional d\u2019Appui au Pastoralisme au Sahel (PRAPS &#8211; 2) \u00e0 l\u2019H\u00f4tel Radisson Blu \u00e0 Dakar, S\u00e9n\u00e9gal. Pour am\u00e9liorer les conditions de vie des &hellip;","og_url":"https:\/\/praps.sn\/archives\/lancement-officiel-du-projet-regional-dappui-au-pastoralisme-au-sahel-phase-2-praps-2-atelier-de-partage-de-connaissances-sur-les-resultats-et-acquis-cloture-du-praps-1\/","og_site_name":"PRAPS 1 SENEGAL","article_published_time":"2022-03-24T16:07:56+00:00","article_modified_time":"2022-03-24T16:12:22+00:00","author":"Badara POUYE","twitter_card":"summary_large_image","twitter_misc":{"\u00c9crit par":"Badara POUYE","Dur\u00e9e de lecture estim\u00e9e":"2 minutes"},"schema":{"@context":"https:\/\/schema.org","@graph":[{"@type":"Article","@id":"https:\/\/praps.sn\/archives\/lancement-officiel-du-projet-regional-dappui-au-pastoralisme-au-sahel-phase-2-praps-2-atelier-de-partage-de-connaissances-sur-les-resultats-et-acquis-cloture-du-praps-1\/#article","isPartOf":{"@id":"https:\/\/praps.sn\/archives\/lancement-officiel-du-projet-regional-dappui-au-pastoralisme-au-sahel-phase-2-praps-2-atelier-de-partage-de-connaissances-sur-les-resultats-et-acquis-cloture-du-praps-1\/"},"author":{"name":"Badara POUYE","@id":"https:\/\/praps.sn\/archives\/#\/schema\/person\/48738b5bbd08a6b3c023c02f3e298d39"},"headline":"Lancement officiel du Projet R\u00e9gional d\u2019Appui au Pastoralisme au Sahel-Phase 2 (PRAPS-2) Atelier de partage de connaissances sur les r\u00e9sultats et acquis Cl\u00f4ture du PRAPS-1","datePublished":"2022-03-24T16:07:56+00:00","dateModified":"2022-03-24T16:12:22+00:00","mainEntityOfPage":{"@id":"https:\/\/praps.sn\/archives\/lancement-officiel-du-projet-regional-dappui-au-pastoralisme-au-sahel-phase-2-praps-2-atelier-de-partage-de-connaissances-sur-les-resultats-et-acquis-cloture-du-praps-1\/"},"wordCount":403,"publisher":{"@id":"https:\/\/praps.sn\/archives\/#organization"},"articleSection":["A la une"],"inLanguage":"fr-FR"},{"@type":"WebPage","@id":"https:\/\/praps.sn\/archives\/lancement-officiel-du-projet-regional-dappui-au-pastoralisme-au-sahel-phase-2-praps-2-atelier-de-partage-de-connaissances-sur-les-resultats-et-acquis-cloture-du-praps-1\/","url":"https:\/\/praps.sn\/archives\/lancement-officiel-du-projet-regional-dappui-au-pastoralisme-au-sahel-phase-2-praps-2-atelier-de-partage-de-connaissances-sur-les-resultats-et-acquis-cloture-du-praps-1\/","name":"Lancement officiel du Projet R\u00e9gional d\u2019Appui au Pastoralisme au Sahel-Phase 2 (PRAPS-2) Atelier de partage de connaissances sur les r\u00e9sultats et acquis Cl\u00f4ture du PRAPS-1 - PRAPS 1 SENEGAL","isPartOf":{"@id":"https:\/\/praps.sn\/archives\/#website"},"datePublished":"2022-03-24T16:07:56+00:00","dateModified":"2022-03-24T16:12:22+00:00","breadcrumb":{"@id":"https:\/\/praps.sn\/archives\/lancement-officiel-du-projet-regional-dappui-au-pastoralisme-au-sahel-phase-2-praps-2-atelier-de-partage-de-connaissances-sur-les-resultats-et-acquis-cloture-du-praps-1\/#breadcrumb"},"inLanguage":"fr-FR","potentialAction":[{"@type":"ReadAction","target":["https:\/\/praps.sn\/archives\/lancement-officiel-du-projet-regional-dappui-au-pastoralisme-au-sahel-phase-2-praps-2-atelier-de-partage-de-connaissances-sur-les-resultats-et-acquis-cloture-du-praps-1\/"]}]},{"@type":"BreadcrumbList","@id":"https:\/\/praps.sn\/archives\/lancement-officiel-du-projet-regional-dappui-au-pastoralisme-au-sahel-phase-2-praps-2-atelier-de-partage-de-connaissances-sur-les-resultats-et-acquis-cloture-du-praps-1\/#breadcrumb","itemListElement":[{"@type":"ListItem","position":1,"name":"Home","item":"https:\/\/praps.sn\/archives\/"},{"@type":"ListItem","position":2,"name":"Lancement officiel du Projet R\u00e9gional d\u2019Appui au Pastoralisme au Sahel-Phase 2 (PRAPS-2) Atelier de partage de connaissances sur les r\u00e9sultats et acquis Cl\u00f4ture du PRAPS-1"}]},{"@type":"WebSite","@id":"https:\/\/praps.sn\/archives\/#website","url":"https:\/\/praps.sn\/archives\/","name":"PRAPS SENEGAL","description":"Projet d&#039;Appui au Pastoralisme au Sahel-Phase 1","publisher":{"@id":"https:\/\/praps.sn\/archives\/#organization"},"potentialAction":[{"@type":"SearchAction","target":{"@type":"EntryPoint","urlTemplate":"https:\/\/praps.sn\/archives\/?s={search_term_string}"},"query-input":"required name=search_term_string"}],"inLanguage":"fr-FR"},{"@type":"Organization","@id":"https:\/\/praps.sn\/archives\/#organization","name":"PRAPS S\u00e9n\u00e9gal","url":"https:\/\/praps.sn\/archives\/","logo":{"@type":"ImageObject","inLanguage":"fr-FR","@id":"https:\/\/praps.sn\/archives\/#\/schema\/logo\/image\/","url":"https:\/\/praps.sn\/archives\/wp-content\/uploads\/2019\/09\/banniere_praps-1.png","contentUrl":"https:\/\/praps.sn\/archives\/wp-content\/uploads\/2019\/09\/banniere_praps-1.png","width":159,"height":154,"caption":"PRAPS S\u00e9n\u00e9gal"},"image":{"@id":"https:\/\/praps.sn\/archives\/#\/schema\/logo\/image\/"}},{"@type":"Person","@id":"https:\/\/praps.sn\/archives\/#\/schema\/person\/48738b5bbd08a6b3c023c02f3e298d39","name":"Badara POUYE","sameAs":["http:\/\/www.praps.sn"]}]}},"_links":{"self":[{"href":"https:\/\/praps.sn\/archives\/wp-json\/wp\/v2\/posts\/555","targetHints":{"allow":["GET"]}}],"collection":[{"href":"https:\/\/praps.sn\/archives\/wp-json\/wp\/v2\/posts"}],"about":[{"href":"https:\/\/praps.sn\/archives\/wp-json\/wp\/v2\/types\/post"}],"author":[{"embeddable":true,"href":"https:\/\/praps.sn\/archives\/wp-json\/wp\/v2\/users\/5"}],"replies":[{"embeddable":true,"href":"https:\/\/praps.sn\/archives\/wp-json\/wp\/v2\/comments?post=555"}],"version-history":[{"count":3,"href":"https:\/\/praps.sn\/archives\/wp-json\/wp\/v2\/posts\/555\/revisions"}],"predecessor-version":[{"id":558,"href":"https:\/\/praps.sn\/archives\/wp-json\/wp\/v2\/posts\/555\/revisions\/558"}],"wp:attachment":[{"href":"https:\/\/praps.sn\/archives\/wp-json\/wp\/v2\/media?parent=555"}],"wp:term":[{"taxonomy":"category","embeddable":true,"href":"https:\/\/praps.sn\/archives\/wp-json\/wp\/v2\/categories?post=555"},{"taxonomy":"post_tag","embeddable":true,"href":"https:\/\/praps.sn\/archives\/wp-json\/wp\/v2\/tags?post=555"}],"curies":[{"name":"wp","href":"https:\/\/api.w.org\/{rel}","templated":true}]}}