{"id":504,"date":"2022-03-04T12:17:02","date_gmt":"2022-03-04T11:17:02","guid":{"rendered":"https:\/\/praps.sn\/archives\/?p=504"},"modified":"2022-03-04T12:17:02","modified_gmt":"2022-03-04T11:17:02","slug":"gestion-durable-des-paysages-et-amelioration-de-la-gouvernance","status":"publish","type":"post","link":"https:\/\/praps.sn\/archives\/gestion-durable-des-paysages-et-amelioration-de-la-gouvernance\/","title":{"rendered":"Gestion durable des paysages et am\u00e9lioration de la gouvernance"},"content":{"rendered":"<p>Cette composante vise \u00e0 am\u00e9liorer la disponibilit\u00e9 des ressources alimentaires pour le b\u00e9tail, gr\u00e2ce \u00e0 un meilleur acc\u00e8s aux p\u00e2turages, \u00e0 l\u2019eau et \u00e0 des aliments\/fourrages compl\u00e9mentaires.<\/p>\n<p><strong>Sous-composante 2.1 : S\u00e9curisation de l\u2019acc\u00e8s aux ressources naturelles et gestion durable des paysages<\/strong><\/p>\n<ul>\n<li>Appui au d\u00e9veloppement et \u00e0 la mise en \u0153uvre de strat\u00e9gies multisectorielles de gestion durable et s\u00e9curis\u00e9e des ressources pastorales ;<\/li>\n<li>Appui aux actions de gestion des paysages au niveau r\u00e9gional et national ;<\/li>\n<li>Soutien \u00e0 la bonne application du droit agrosylvopastoral pour la gouvernance responsable des terres pastorales et de la mobilit\u00e9.<\/li>\n<\/ul>\n<p><strong>Sous-composante 2.2 : Gestion durable des infrastructures d\u2019acc\u00e8s \u00e0 l\u2019eau<\/strong><\/p>\n<ul>\n<li>R\u00e9alisation d\u2019une \u00e9tude sur la gestion des forages ruraux ;<\/li>\n<li>R\u00e9actualisation du syst\u00e8me d\u2019information sur l\u2019hydraulique pastorale ;<\/li>\n<li>R\u00e9alisation d\u2019ouvrages hydrauliques.<\/li>\n<\/ul>\n<p><strong>Sous-composante 2.3 : Production fourrag\u00e8re et d\u2019aliment du b\u00e9tail<\/strong><\/p>\n<ul>\n<li>Production fourrag\u00e8re ;<\/li>\n<li>Aliment de b\u00e9tail.<\/li>\n<\/ul>\n","protected":false},"excerpt":{"rendered":"<p>Cette composante vise \u00e0 am\u00e9liorer la disponibilit\u00e9 des ressources alimentaires pour le b\u00e9tail, gr\u00e2ce \u00e0 un meilleur acc\u00e8s aux p\u00e2turages, \u00e0 l\u2019eau et \u00e0 des aliments\/fourrages compl\u00e9mentaires. Sous-composante 2.1 : S\u00e9curisation de l\u2019acc\u00e8s aux ressources naturelles et gestion durable des paysages Appui au d\u00e9veloppement et \u00e0 la mise en \u0153uvre de strat\u00e9gies multisectorielles de gestion &hellip;<\/p>\n","protected":false},"author":4,"featured_media":0,"comment_status":"closed","ping_status":"closed","sticky":false,"template":"","format":"standard","meta":{"_monsterinsights_skip_tracking":false,"_monsterinsights_sitenote_active":false,"_monsterinsights_sitenote_note":"","_monsterinsights_sitenote_category":0,"footnotes":""},"categories":[12],"tags":[],"class_list":["post-504","post","type-post","status-publish","format-standard","","category-composantes"],"yoast_head":"<!-- This site is optimized with the Yoast SEO plugin v22.7 - https:\/\/yoast.com\/wordpress\/plugins\/seo\/ -->\n<title>Gestion durable des paysages et am\u00e9lioration de la gouvernance - PRAPS 1 SENEGAL<\/title>\n<meta name=\"robots\" content=\"index, follow, max-snippet:-1, max-image-preview:large, max-video-preview:-1\" \/>\n<link rel=\"canonical\" href=\"https:\/\/praps.sn\/archives\/gestion-durable-des-paysages-et-amelioration-de-la-gouvernance\/\" \/>\n<meta property=\"og:locale\" content=\"fr_FR\" \/>\n<meta property=\"og:type\" content=\"article\" \/>\n<meta property=\"og:title\" content=\"Gestion durable des paysages et am\u00e9lioration de la gouvernance - PRAPS 1 SENEGAL\" \/>\n<meta property=\"og:description\" content=\"Cette composante vise \u00e0 am\u00e9liorer la disponibilit\u00e9 des ressources alimentaires pour le b\u00e9tail, gr\u00e2ce \u00e0 un meilleur acc\u00e8s aux p\u00e2turages, \u00e0 l\u2019eau et \u00e0 des aliments\/fourrages compl\u00e9mentaires. Sous-composante 2.1 : S\u00e9curisation de l\u2019acc\u00e8s aux ressources naturelles et gestion durable des paysages Appui au d\u00e9veloppement et \u00e0 la mise en \u0153uvre de strat\u00e9gies multisectorielles de gestion &hellip;\" \/>\n<meta property=\"og:url\" content=\"https:\/\/praps.sn\/archives\/gestion-durable-des-paysages-et-amelioration-de-la-gouvernance\/\" \/>\n<meta property=\"og:site_name\" content=\"PRAPS 1 SENEGAL\" \/>\n<meta property=\"article:published_time\" content=\"2022-03-04T11:17:02+00:00\" \/>\n<meta name=\"author\" content=\"Pape NDIAYE\" \/>\n<meta name=\"twitter:card\" content=\"summary_large_image\" \/>\n<meta name=\"twitter:label1\" content=\"\u00c9crit par\" \/>\n\t<meta name=\"twitter:data1\" content=\"Pape NDIAYE\" \/>\n\t<meta name=\"twitter:label2\" content=\"Dur\u00e9e de lecture estim\u00e9e\" \/>\n\t<meta name=\"twitter:data2\" content=\"1 minute\" \/>\n<script type=\"application\/ld+json\" class=\"yoast-schema-graph\">{\"@context\":\"https:\/\/schema.org\",\"@graph\":[{\"@type\":\"Article\",\"@id\":\"https:\/\/praps.sn\/archives\/gestion-durable-des-paysages-et-amelioration-de-la-gouvernance\/#article\",\"isPartOf\":{\"@id\":\"https:\/\/praps.sn\/archives\/gestion-durable-des-paysages-et-amelioration-de-la-gouvernance\/\"},\"author\":{\"name\":\"Pape NDIAYE\",\"@id\":\"https:\/\/praps.sn\/archives\/#\/schema\/person\/31c9d59c1fbaf4328ed87af12eafe397\"},\"headline\":\"Gestion durable des paysages et am\u00e9lioration de la gouvernance\",\"datePublished\":\"2022-03-04T11:17:02+00:00\",\"dateModified\":\"2022-03-04T11:17:02+00:00\",\"mainEntityOfPage\":{\"@id\":\"https:\/\/praps.sn\/archives\/gestion-durable-des-paysages-et-amelioration-de-la-gouvernance\/\"},\"wordCount\":164,\"publisher\":{\"@id\":\"https:\/\/praps.sn\/archives\/#organization\"},\"articleSection\":[\"Composantes\"],\"inLanguage\":\"fr-FR\"},{\"@type\":\"WebPage\",\"@id\":\"https:\/\/praps.sn\/archives\/gestion-durable-des-paysages-et-amelioration-de-la-gouvernance\/\",\"url\":\"https:\/\/praps.sn\/archives\/gestion-durable-des-paysages-et-amelioration-de-la-gouvernance\/\",\"name\":\"Gestion durable des paysages et am\u00e9lioration de la gouvernance - PRAPS 1 SENEGAL\",\"isPartOf\":{\"@id\":\"https:\/\/praps.sn\/archives\/#website\"},\"datePublished\":\"2022-03-04T11:17:02+00:00\",\"dateModified\":\"2022-03-04T11:17:02+00:00\",\"breadcrumb\":{\"@id\":\"https:\/\/praps.sn\/archives\/gestion-durable-des-paysages-et-amelioration-de-la-gouvernance\/#breadcrumb\"},\"inLanguage\":\"fr-FR\",\"potentialAction\":[{\"@type\":\"ReadAction\",\"target\":[\"https:\/\/praps.sn\/archives\/gestion-durable-des-paysages-et-amelioration-de-la-gouvernance\/\"]}]},{\"@type\":\"BreadcrumbList\",\"@id\":\"https:\/\/praps.sn\/archives\/gestion-durable-des-paysages-et-amelioration-de-la-gouvernance\/#breadcrumb\",\"itemListElement\":[{\"@type\":\"ListItem\",\"position\":1,\"name\":\"Home\",\"item\":\"https:\/\/praps.sn\/archives\/\"},{\"@type\":\"ListItem\",\"position\":2,\"name\":\"Gestion durable des paysages et am\u00e9lioration de la gouvernance\"}]},{\"@type\":\"WebSite\",\"@id\":\"https:\/\/praps.sn\/archives\/#website\",\"url\":\"https:\/\/praps.sn\/archives\/\",\"name\":\"PRAPS SENEGAL\",\"description\":\"Projet d&#039;Appui au Pastoralisme au Sahel-Phase 1\",\"publisher\":{\"@id\":\"https:\/\/praps.sn\/archives\/#organization\"},\"potentialAction\":[{\"@type\":\"SearchAction\",\"target\":{\"@type\":\"EntryPoint\",\"urlTemplate\":\"https:\/\/praps.sn\/archives\/?s={search_term_string}\"},\"query-input\":\"required name=search_term_string\"}],\"inLanguage\":\"fr-FR\"},{\"@type\":\"Organization\",\"@id\":\"https:\/\/praps.sn\/archives\/#organization\",\"name\":\"PRAPS S\u00e9n\u00e9gal\",\"url\":\"https:\/\/praps.sn\/archives\/\",\"logo\":{\"@type\":\"ImageObject\",\"inLanguage\":\"fr-FR\",\"@id\":\"https:\/\/praps.sn\/archives\/#\/schema\/logo\/image\/\",\"url\":\"https:\/\/praps.sn\/archives\/wp-content\/uploads\/2019\/09\/banniere_praps-1.png\",\"contentUrl\":\"https:\/\/praps.sn\/archives\/wp-content\/uploads\/2019\/09\/banniere_praps-1.png\",\"width\":159,\"height\":154,\"caption\":\"PRAPS S\u00e9n\u00e9gal\"},\"image\":{\"@id\":\"https:\/\/praps.sn\/archives\/#\/schema\/logo\/image\/\"}},{\"@type\":\"Person\",\"@id\":\"https:\/\/praps.sn\/archives\/#\/schema\/person\/31c9d59c1fbaf4328ed87af12eafe397\",\"name\":\"Pape NDIAYE\"}]}<\/script>\n<!-- \/ Yoast SEO plugin. -->","yoast_head_json":{"title":"Gestion durable des paysages et am\u00e9lioration de la gouvernance - PRAPS 1 SENEGAL","robots":{"index":"index","follow":"follow","max-snippet":"max-snippet:-1","max-image-preview":"max-image-preview:large","max-video-preview":"max-video-preview:-1"},"canonical":"https:\/\/praps.sn\/archives\/gestion-durable-des-paysages-et-amelioration-de-la-gouvernance\/","og_locale":"fr_FR","og_type":"article","og_title":"Gestion durable des paysages et am\u00e9lioration de la gouvernance - PRAPS 1 SENEGAL","og_description":"Cette composante vise \u00e0 am\u00e9liorer la disponibilit\u00e9 des ressources alimentaires pour le b\u00e9tail, gr\u00e2ce \u00e0 un meilleur acc\u00e8s aux p\u00e2turages, \u00e0 l\u2019eau et \u00e0 des aliments\/fourrages compl\u00e9mentaires. Sous-composante 2.1 : S\u00e9curisation de l\u2019acc\u00e8s aux ressources naturelles et gestion durable des paysages Appui au d\u00e9veloppement et \u00e0 la mise en \u0153uvre de strat\u00e9gies multisectorielles de gestion &hellip;","og_url":"https:\/\/praps.sn\/archives\/gestion-durable-des-paysages-et-amelioration-de-la-gouvernance\/","og_site_name":"PRAPS 1 SENEGAL","article_published_time":"2022-03-04T11:17:02+00:00","author":"Pape NDIAYE","twitter_card":"summary_large_image","twitter_misc":{"\u00c9crit par":"Pape NDIAYE","Dur\u00e9e de lecture estim\u00e9e":"1 minute"},"schema":{"@context":"https:\/\/schema.org","@graph":[{"@type":"Article","@id":"https:\/\/praps.sn\/archives\/gestion-durable-des-paysages-et-amelioration-de-la-gouvernance\/#article","isPartOf":{"@id":"https:\/\/praps.sn\/archives\/gestion-durable-des-paysages-et-amelioration-de-la-gouvernance\/"},"author":{"name":"Pape NDIAYE","@id":"https:\/\/praps.sn\/archives\/#\/schema\/person\/31c9d59c1fbaf4328ed87af12eafe397"},"headline":"Gestion durable des paysages et am\u00e9lioration de la gouvernance","datePublished":"2022-03-04T11:17:02+00:00","dateModified":"2022-03-04T11:17:02+00:00","mainEntityOfPage":{"@id":"https:\/\/praps.sn\/archives\/gestion-durable-des-paysages-et-amelioration-de-la-gouvernance\/"},"wordCount":164,"publisher":{"@id":"https:\/\/praps.sn\/archives\/#organization"},"articleSection":["Composantes"],"inLanguage":"fr-FR"},{"@type":"WebPage","@id":"https:\/\/praps.sn\/archives\/gestion-durable-des-paysages-et-amelioration-de-la-gouvernance\/","url":"https:\/\/praps.sn\/archives\/gestion-durable-des-paysages-et-amelioration-de-la-gouvernance\/","name":"Gestion durable des paysages et am\u00e9lioration de la gouvernance - PRAPS 1 SENEGAL","isPartOf":{"@id":"https:\/\/praps.sn\/archives\/#website"},"datePublished":"2022-03-04T11:17:02+00:00","dateModified":"2022-03-04T11:17:02+00:00","breadcrumb":{"@id":"https:\/\/praps.sn\/archives\/gestion-durable-des-paysages-et-amelioration-de-la-gouvernance\/#breadcrumb"},"inLanguage":"fr-FR","potentialAction":[{"@type":"ReadAction","target":["https:\/\/praps.sn\/archives\/gestion-durable-des-paysages-et-amelioration-de-la-gouvernance\/"]}]},{"@type":"BreadcrumbList","@id":"https:\/\/praps.sn\/archives\/gestion-durable-des-paysages-et-amelioration-de-la-gouvernance\/#breadcrumb","itemListElement":[{"@type":"ListItem","position":1,"name":"Home","item":"https:\/\/praps.sn\/archives\/"},{"@type":"ListItem","position":2,"name":"Gestion durable des paysages et am\u00e9lioration de la gouvernance"}]},{"@type":"WebSite","@id":"https:\/\/praps.sn\/archives\/#website","url":"https:\/\/praps.sn\/archives\/","name":"PRAPS SENEGAL","description":"Projet d&#039;Appui au Pastoralisme au Sahel-Phase 1","publisher":{"@id":"https:\/\/praps.sn\/archives\/#organization"},"potentialAction":[{"@type":"SearchAction","target":{"@type":"EntryPoint","urlTemplate":"https:\/\/praps.sn\/archives\/?s={search_term_string}"},"query-input":"required name=search_term_string"}],"inLanguage":"fr-FR"},{"@type":"Organization","@id":"https:\/\/praps.sn\/archives\/#organization","name":"PRAPS S\u00e9n\u00e9gal","url":"https:\/\/praps.sn\/archives\/","logo":{"@type":"ImageObject","inLanguage":"fr-FR","@id":"https:\/\/praps.sn\/archives\/#\/schema\/logo\/image\/","url":"https:\/\/praps.sn\/archives\/wp-content\/uploads\/2019\/09\/banniere_praps-1.png","contentUrl":"https:\/\/praps.sn\/archives\/wp-content\/uploads\/2019\/09\/banniere_praps-1.png","width":159,"height":154,"caption":"PRAPS S\u00e9n\u00e9gal"},"image":{"@id":"https:\/\/praps.sn\/archives\/#\/schema\/logo\/image\/"}},{"@type":"Person","@id":"https:\/\/praps.sn\/archives\/#\/schema\/person\/31c9d59c1fbaf4328ed87af12eafe397","name":"Pape NDIAYE"}]}},"_links":{"self":[{"href":"https:\/\/praps.sn\/archives\/wp-json\/wp\/v2\/posts\/504","targetHints":{"allow":["GET"]}}],"collection":[{"href":"https:\/\/praps.sn\/archives\/wp-json\/wp\/v2\/posts"}],"about":[{"href":"https:\/\/praps.sn\/archives\/wp-json\/wp\/v2\/types\/post"}],"author":[{"embeddable":true,"href":"https:\/\/praps.sn\/archives\/wp-json\/wp\/v2\/users\/4"}],"replies":[{"embeddable":true,"href":"https:\/\/praps.sn\/archives\/wp-json\/wp\/v2\/comments?post=504"}],"version-history":[{"count":1,"href":"https:\/\/praps.sn\/archives\/wp-json\/wp\/v2\/posts\/504\/revisions"}],"predecessor-version":[{"id":505,"href":"https:\/\/praps.sn\/archives\/wp-json\/wp\/v2\/posts\/504\/revisions\/505"}],"wp:attachment":[{"href":"https:\/\/praps.sn\/archives\/wp-json\/wp\/v2\/media?parent=504"}],"wp:term":[{"taxonomy":"category","embeddable":true,"href":"https:\/\/praps.sn\/archives\/wp-json\/wp\/v2\/categories?post=504"},{"taxonomy":"post_tag","embeddable":true,"href":"https:\/\/praps.sn\/archives\/wp-json\/wp\/v2\/tags?post=504"}],"curies":[{"name":"wp","href":"https:\/\/api.w.org\/{rel}","templated":true}]}}