{"id":500,"date":"2022-03-04T12:08:34","date_gmt":"2022-03-04T11:08:34","guid":{"rendered":"https:\/\/praps.sn\/archives\/?p=500"},"modified":"2022-03-04T12:08:34","modified_gmt":"2022-03-04T11:08:34","slug":"amelioration-de-linclusion-sociale-et-economique-des-femmes-et-des-jeunes","status":"publish","type":"post","link":"https:\/\/praps.sn\/archives\/amelioration-de-linclusion-sociale-et-economique-des-femmes-et-des-jeunes\/","title":{"rendered":"Am\u00e9lioration de l\u2019inclusion sociale et \u00e9conomique des femmes et des jeunes"},"content":{"rendered":"<p>La composante vise \u00e0 am\u00e9liorer l\u2019inclusion sociale et \u00e9conomique des femmes et des jeunes \u00e0 travers <em>(i) <\/em>la formation professionnelle, pour renforcer leurs capacit\u00e9s et faciliter leur insertion dans le secteur productif, <em>(ii) <\/em>l\u2019insertion sociale, pour leur permettre d\u2019exercer leur droit d\u2019acc\u00e8s aux ressources <em>(fonci\u00e8res, pastorales, etc.) \u00a0<\/em>Et autres avantages sociaux et <em>(ii) <\/em>le financement de sous-projets au sein ou en dehors du pastoralisme, pour diversifier leurs sources de revenus et am\u00e9liorer ces derniers.<\/p>\n<p><strong>Sous-composante 4.1: formation professionnelle<\/strong><\/p>\n<ul>\n<li>Alphab\u00e9tisation fonctionnelle ;<\/li>\n<li>Insertion \u00e9conomique des femmes et des jeunes.<\/li>\n<\/ul>\n<p><strong>Sous-composante 4. 2 : inclusion sociale<\/strong><\/p>\n<ol>\n<li>a) Inscription \u00e0 l\u2019\u00e9tat civil<\/li>\n<\/ol>\n<ul>\n<li>Sensibilisation des acteurs \u00e0 la d\u00e9claration de naissance ;<\/li>\n<li>Appui \u00e0 l\u2019organisation d\u2019audiences foraines ;<\/li>\n<li>Redynamisation des centres d\u2019\u00e9tat civil ;<\/li>\n<li>Appui \u00e0 la formalisation du statut juridique des organisations professionnelles.<\/li>\n<\/ul>\n<ol>\n<li>b) Inscription au registre social<\/li>\n<\/ol>\n<ul>\n<li>Inscription au registre national unique <em>(RNU) <\/em>;<\/li>\n<li>Sensibilisation et plaidoyer pour la prise en charge des m\u00e9nages pastoraux.<\/li>\n<\/ul>\n<p><strong>Sous-composante 4.3: appui aux investissements<\/strong><\/p>\n<p><em>(Financement de <\/em><em>sous-pr<\/em><em>ojets)<\/em><\/p>\n<ul>\n<li>Financement de sous-projets g\u00e9n\u00e9rateurs de revenus ;<\/li>\n<li>Appui \u00e0 la commercialisation des produits d\u2019origine animale ;<\/li>\n<li>Appui aux \u00e9levages \u00e0 cycle court <em>(volaille, petits ruminants)<\/em>;<\/li>\n<li>Appui aux projets rentables hors \u00e9levage.<\/li>\n<\/ul>\n","protected":false},"excerpt":{"rendered":"<p>La composante vise \u00e0 am\u00e9liorer l\u2019inclusion sociale et \u00e9conomique des femmes et des jeunes \u00e0 travers (i) la formation professionnelle, pour renforcer leurs capacit\u00e9s et faciliter leur insertion dans le secteur productif, (ii) l\u2019insertion sociale, pour leur permettre d\u2019exercer leur droit d\u2019acc\u00e8s aux ressources (fonci\u00e8res, pastorales, etc.) \u00a0Et autres avantages sociaux et (ii) le financement &hellip;<\/p>\n","protected":false},"author":4,"featured_media":0,"comment_status":"closed","ping_status":"closed","sticky":false,"template":"","format":"standard","meta":{"_monsterinsights_skip_tracking":false,"_monsterinsights_sitenote_active":false,"_monsterinsights_sitenote_note":"","_monsterinsights_sitenote_category":0,"footnotes":""},"categories":[12],"tags":[],"class_list":["post-500","post","type-post","status-publish","format-standard","","category-composantes"],"yoast_head":"<!-- This site is optimized with the Yoast SEO plugin v22.7 - https:\/\/yoast.com\/wordpress\/plugins\/seo\/ -->\n<title>Am\u00e9lioration de l\u2019inclusion sociale et \u00e9conomique des femmes et des jeunes - PRAPS 1 SENEGAL<\/title>\n<meta name=\"robots\" content=\"index, follow, max-snippet:-1, max-image-preview:large, max-video-preview:-1\" \/>\n<link rel=\"canonical\" href=\"https:\/\/praps.sn\/archives\/amelioration-de-linclusion-sociale-et-economique-des-femmes-et-des-jeunes\/\" \/>\n<meta property=\"og:locale\" content=\"fr_FR\" \/>\n<meta property=\"og:type\" content=\"article\" \/>\n<meta property=\"og:title\" content=\"Am\u00e9lioration de l\u2019inclusion sociale et \u00e9conomique des femmes et des jeunes - PRAPS 1 SENEGAL\" \/>\n<meta property=\"og:description\" content=\"La composante vise \u00e0 am\u00e9liorer l\u2019inclusion sociale et \u00e9conomique des femmes et des jeunes \u00e0 travers (i) la formation professionnelle, pour renforcer leurs capacit\u00e9s et faciliter leur insertion dans le secteur productif, (ii) l\u2019insertion sociale, pour leur permettre d\u2019exercer leur droit d\u2019acc\u00e8s aux ressources (fonci\u00e8res, pastorales, etc.) \u00a0Et autres avantages sociaux et (ii) le financement &hellip;\" \/>\n<meta property=\"og:url\" content=\"https:\/\/praps.sn\/archives\/amelioration-de-linclusion-sociale-et-economique-des-femmes-et-des-jeunes\/\" \/>\n<meta property=\"og:site_name\" content=\"PRAPS 1 SENEGAL\" \/>\n<meta property=\"article:published_time\" content=\"2022-03-04T11:08:34+00:00\" \/>\n<meta name=\"author\" content=\"Pape NDIAYE\" \/>\n<meta name=\"twitter:card\" content=\"summary_large_image\" \/>\n<meta name=\"twitter:label1\" content=\"\u00c9crit par\" \/>\n\t<meta name=\"twitter:data1\" content=\"Pape NDIAYE\" \/>\n\t<meta name=\"twitter:label2\" content=\"Dur\u00e9e de lecture estim\u00e9e\" \/>\n\t<meta name=\"twitter:data2\" content=\"1 minute\" \/>\n<script type=\"application\/ld+json\" class=\"yoast-schema-graph\">{\"@context\":\"https:\/\/schema.org\",\"@graph\":[{\"@type\":\"Article\",\"@id\":\"https:\/\/praps.sn\/archives\/amelioration-de-linclusion-sociale-et-economique-des-femmes-et-des-jeunes\/#article\",\"isPartOf\":{\"@id\":\"https:\/\/praps.sn\/archives\/amelioration-de-linclusion-sociale-et-economique-des-femmes-et-des-jeunes\/\"},\"author\":{\"name\":\"Pape NDIAYE\",\"@id\":\"https:\/\/praps.sn\/archives\/#\/schema\/person\/31c9d59c1fbaf4328ed87af12eafe397\"},\"headline\":\"Am\u00e9lioration de l\u2019inclusion sociale et \u00e9conomique des femmes et des jeunes\",\"datePublished\":\"2022-03-04T11:08:34+00:00\",\"dateModified\":\"2022-03-04T11:08:34+00:00\",\"mainEntityOfPage\":{\"@id\":\"https:\/\/praps.sn\/archives\/amelioration-de-linclusion-sociale-et-economique-des-femmes-et-des-jeunes\/\"},\"wordCount\":205,\"publisher\":{\"@id\":\"https:\/\/praps.sn\/archives\/#organization\"},\"articleSection\":[\"Composantes\"],\"inLanguage\":\"fr-FR\"},{\"@type\":\"WebPage\",\"@id\":\"https:\/\/praps.sn\/archives\/amelioration-de-linclusion-sociale-et-economique-des-femmes-et-des-jeunes\/\",\"url\":\"https:\/\/praps.sn\/archives\/amelioration-de-linclusion-sociale-et-economique-des-femmes-et-des-jeunes\/\",\"name\":\"Am\u00e9lioration de l\u2019inclusion sociale et \u00e9conomique des femmes et des jeunes - PRAPS 1 SENEGAL\",\"isPartOf\":{\"@id\":\"https:\/\/praps.sn\/archives\/#website\"},\"datePublished\":\"2022-03-04T11:08:34+00:00\",\"dateModified\":\"2022-03-04T11:08:34+00:00\",\"breadcrumb\":{\"@id\":\"https:\/\/praps.sn\/archives\/amelioration-de-linclusion-sociale-et-economique-des-femmes-et-des-jeunes\/#breadcrumb\"},\"inLanguage\":\"fr-FR\",\"potentialAction\":[{\"@type\":\"ReadAction\",\"target\":[\"https:\/\/praps.sn\/archives\/amelioration-de-linclusion-sociale-et-economique-des-femmes-et-des-jeunes\/\"]}]},{\"@type\":\"BreadcrumbList\",\"@id\":\"https:\/\/praps.sn\/archives\/amelioration-de-linclusion-sociale-et-economique-des-femmes-et-des-jeunes\/#breadcrumb\",\"itemListElement\":[{\"@type\":\"ListItem\",\"position\":1,\"name\":\"Home\",\"item\":\"https:\/\/praps.sn\/archives\/\"},{\"@type\":\"ListItem\",\"position\":2,\"name\":\"Am\u00e9lioration de l\u2019inclusion sociale et \u00e9conomique des femmes et des jeunes\"}]},{\"@type\":\"WebSite\",\"@id\":\"https:\/\/praps.sn\/archives\/#website\",\"url\":\"https:\/\/praps.sn\/archives\/\",\"name\":\"PRAPS SENEGAL\",\"description\":\"Projet d&#039;Appui au Pastoralisme au Sahel-Phase 1\",\"publisher\":{\"@id\":\"https:\/\/praps.sn\/archives\/#organization\"},\"potentialAction\":[{\"@type\":\"SearchAction\",\"target\":{\"@type\":\"EntryPoint\",\"urlTemplate\":\"https:\/\/praps.sn\/archives\/?s={search_term_string}\"},\"query-input\":\"required name=search_term_string\"}],\"inLanguage\":\"fr-FR\"},{\"@type\":\"Organization\",\"@id\":\"https:\/\/praps.sn\/archives\/#organization\",\"name\":\"PRAPS S\u00e9n\u00e9gal\",\"url\":\"https:\/\/praps.sn\/archives\/\",\"logo\":{\"@type\":\"ImageObject\",\"inLanguage\":\"fr-FR\",\"@id\":\"https:\/\/praps.sn\/archives\/#\/schema\/logo\/image\/\",\"url\":\"https:\/\/praps.sn\/archives\/wp-content\/uploads\/2019\/09\/banniere_praps-1.png\",\"contentUrl\":\"https:\/\/praps.sn\/archives\/wp-content\/uploads\/2019\/09\/banniere_praps-1.png\",\"width\":159,\"height\":154,\"caption\":\"PRAPS S\u00e9n\u00e9gal\"},\"image\":{\"@id\":\"https:\/\/praps.sn\/archives\/#\/schema\/logo\/image\/\"}},{\"@type\":\"Person\",\"@id\":\"https:\/\/praps.sn\/archives\/#\/schema\/person\/31c9d59c1fbaf4328ed87af12eafe397\",\"name\":\"Pape NDIAYE\"}]}<\/script>\n<!-- \/ Yoast SEO plugin. -->","yoast_head_json":{"title":"Am\u00e9lioration de l\u2019inclusion sociale et \u00e9conomique des femmes et des jeunes - PRAPS 1 SENEGAL","robots":{"index":"index","follow":"follow","max-snippet":"max-snippet:-1","max-image-preview":"max-image-preview:large","max-video-preview":"max-video-preview:-1"},"canonical":"https:\/\/praps.sn\/archives\/amelioration-de-linclusion-sociale-et-economique-des-femmes-et-des-jeunes\/","og_locale":"fr_FR","og_type":"article","og_title":"Am\u00e9lioration de l\u2019inclusion sociale et \u00e9conomique des femmes et des jeunes - PRAPS 1 SENEGAL","og_description":"La composante vise \u00e0 am\u00e9liorer l\u2019inclusion sociale et \u00e9conomique des femmes et des jeunes \u00e0 travers (i) la formation professionnelle, pour renforcer leurs capacit\u00e9s et faciliter leur insertion dans le secteur productif, (ii) l\u2019insertion sociale, pour leur permettre d\u2019exercer leur droit d\u2019acc\u00e8s aux ressources (fonci\u00e8res, pastorales, etc.) \u00a0Et autres avantages sociaux et (ii) le financement &hellip;","og_url":"https:\/\/praps.sn\/archives\/amelioration-de-linclusion-sociale-et-economique-des-femmes-et-des-jeunes\/","og_site_name":"PRAPS 1 SENEGAL","article_published_time":"2022-03-04T11:08:34+00:00","author":"Pape NDIAYE","twitter_card":"summary_large_image","twitter_misc":{"\u00c9crit par":"Pape NDIAYE","Dur\u00e9e de lecture estim\u00e9e":"1 minute"},"schema":{"@context":"https:\/\/schema.org","@graph":[{"@type":"Article","@id":"https:\/\/praps.sn\/archives\/amelioration-de-linclusion-sociale-et-economique-des-femmes-et-des-jeunes\/#article","isPartOf":{"@id":"https:\/\/praps.sn\/archives\/amelioration-de-linclusion-sociale-et-economique-des-femmes-et-des-jeunes\/"},"author":{"name":"Pape NDIAYE","@id":"https:\/\/praps.sn\/archives\/#\/schema\/person\/31c9d59c1fbaf4328ed87af12eafe397"},"headline":"Am\u00e9lioration de l\u2019inclusion sociale et \u00e9conomique des femmes et des jeunes","datePublished":"2022-03-04T11:08:34+00:00","dateModified":"2022-03-04T11:08:34+00:00","mainEntityOfPage":{"@id":"https:\/\/praps.sn\/archives\/amelioration-de-linclusion-sociale-et-economique-des-femmes-et-des-jeunes\/"},"wordCount":205,"publisher":{"@id":"https:\/\/praps.sn\/archives\/#organization"},"articleSection":["Composantes"],"inLanguage":"fr-FR"},{"@type":"WebPage","@id":"https:\/\/praps.sn\/archives\/amelioration-de-linclusion-sociale-et-economique-des-femmes-et-des-jeunes\/","url":"https:\/\/praps.sn\/archives\/amelioration-de-linclusion-sociale-et-economique-des-femmes-et-des-jeunes\/","name":"Am\u00e9lioration de l\u2019inclusion sociale et \u00e9conomique des femmes et des jeunes - PRAPS 1 SENEGAL","isPartOf":{"@id":"https:\/\/praps.sn\/archives\/#website"},"datePublished":"2022-03-04T11:08:34+00:00","dateModified":"2022-03-04T11:08:34+00:00","breadcrumb":{"@id":"https:\/\/praps.sn\/archives\/amelioration-de-linclusion-sociale-et-economique-des-femmes-et-des-jeunes\/#breadcrumb"},"inLanguage":"fr-FR","potentialAction":[{"@type":"ReadAction","target":["https:\/\/praps.sn\/archives\/amelioration-de-linclusion-sociale-et-economique-des-femmes-et-des-jeunes\/"]}]},{"@type":"BreadcrumbList","@id":"https:\/\/praps.sn\/archives\/amelioration-de-linclusion-sociale-et-economique-des-femmes-et-des-jeunes\/#breadcrumb","itemListElement":[{"@type":"ListItem","position":1,"name":"Home","item":"https:\/\/praps.sn\/archives\/"},{"@type":"ListItem","position":2,"name":"Am\u00e9lioration de l\u2019inclusion sociale et \u00e9conomique des femmes et des jeunes"}]},{"@type":"WebSite","@id":"https:\/\/praps.sn\/archives\/#website","url":"https:\/\/praps.sn\/archives\/","name":"PRAPS SENEGAL","description":"Projet d&#039;Appui au Pastoralisme au Sahel-Phase 1","publisher":{"@id":"https:\/\/praps.sn\/archives\/#organization"},"potentialAction":[{"@type":"SearchAction","target":{"@type":"EntryPoint","urlTemplate":"https:\/\/praps.sn\/archives\/?s={search_term_string}"},"query-input":"required name=search_term_string"}],"inLanguage":"fr-FR"},{"@type":"Organization","@id":"https:\/\/praps.sn\/archives\/#organization","name":"PRAPS S\u00e9n\u00e9gal","url":"https:\/\/praps.sn\/archives\/","logo":{"@type":"ImageObject","inLanguage":"fr-FR","@id":"https:\/\/praps.sn\/archives\/#\/schema\/logo\/image\/","url":"https:\/\/praps.sn\/archives\/wp-content\/uploads\/2019\/09\/banniere_praps-1.png","contentUrl":"https:\/\/praps.sn\/archives\/wp-content\/uploads\/2019\/09\/banniere_praps-1.png","width":159,"height":154,"caption":"PRAPS S\u00e9n\u00e9gal"},"image":{"@id":"https:\/\/praps.sn\/archives\/#\/schema\/logo\/image\/"}},{"@type":"Person","@id":"https:\/\/praps.sn\/archives\/#\/schema\/person\/31c9d59c1fbaf4328ed87af12eafe397","name":"Pape NDIAYE"}]}},"_links":{"self":[{"href":"https:\/\/praps.sn\/archives\/wp-json\/wp\/v2\/posts\/500","targetHints":{"allow":["GET"]}}],"collection":[{"href":"https:\/\/praps.sn\/archives\/wp-json\/wp\/v2\/posts"}],"about":[{"href":"https:\/\/praps.sn\/archives\/wp-json\/wp\/v2\/types\/post"}],"author":[{"embeddable":true,"href":"https:\/\/praps.sn\/archives\/wp-json\/wp\/v2\/users\/4"}],"replies":[{"embeddable":true,"href":"https:\/\/praps.sn\/archives\/wp-json\/wp\/v2\/comments?post=500"}],"version-history":[{"count":1,"href":"https:\/\/praps.sn\/archives\/wp-json\/wp\/v2\/posts\/500\/revisions"}],"predecessor-version":[{"id":501,"href":"https:\/\/praps.sn\/archives\/wp-json\/wp\/v2\/posts\/500\/revisions\/501"}],"wp:attachment":[{"href":"https:\/\/praps.sn\/archives\/wp-json\/wp\/v2\/media?parent=500"}],"wp:term":[{"taxonomy":"category","embeddable":true,"href":"https:\/\/praps.sn\/archives\/wp-json\/wp\/v2\/categories?post=500"},{"taxonomy":"post_tag","embeddable":true,"href":"https:\/\/praps.sn\/archives\/wp-json\/wp\/v2\/tags?post=500"}],"curies":[{"name":"wp","href":"https:\/\/api.w.org\/{rel}","templated":true}]}}