{"id":487,"date":"2022-03-04T10:26:24","date_gmt":"2022-03-04T09:26:24","guid":{"rendered":"https:\/\/praps.sn\/archives\/?p=487"},"modified":"2022-03-04T12:48:21","modified_gmt":"2022-03-04T11:48:21","slug":"lancement-de-la-deuxieme-phase-du-projet-regional-dappui-au-pastoralisme-au-sahel-praps2-sn","status":"publish","type":"post","link":"https:\/\/praps.sn\/archives\/lancement-de-la-deuxieme-phase-du-projet-regional-dappui-au-pastoralisme-au-sahel-praps2-sn\/","title":{"rendered":"Lancement de la deuxi\u00e8me phase du Projet R\u00e9gional d&rsquo;Appui au Pastoralisme au Sahel (PRAPS2-SN)"},"content":{"rendered":"<div dir=\"auto\">La deuxi\u00e8me phase du Projet R\u00e9gional d&rsquo;Appui au Pastoralisme au Sahel a \u00e9t\u00e9 officiellement lanc\u00e9e ce jeudi 24 f\u00e9vrier 2022, \u00e0 l&rsquo;auditorium des Sph\u00e8res Minist\u00e9rielles Ousmane Tanor Dieng de Diamniadio par le Secr\u00e9taire G\u00e9n\u00e9ral du Minist\u00e8re de l&rsquo;Elevage et des Productions animales, repr\u00e9sentant le Ministre Aly Saleh Diop emp\u00each\u00e9, en pr\u00e9sence du repr\u00e9sentant du CILSS et de la Banque Mondiale \u00e0 Dakar.<\/div>\n<div dir=\"auto\">Pronon\u00e7ant le mot de bienvenue, le Coordonnateur Mamadou Ousseynou Sakho a f\u00e9licit\u00e9 l&rsquo;\u00e9quipe du PRAPS 1 pour l&rsquo;excellent travail abattu lors de la premi\u00e8re \u00e9tape avant de faire une pr\u00e9sentation de l&rsquo;\u00e9quipe actuelle et des attentes pour cette seconde phase.<\/div>\n<div dir=\"auto\">Le repr\u00e9sentant de la Banque Mondiale a r\u00e9it\u00e9r\u00e9 le soutien de l&rsquo;institution \u00e0 accompagner les communaut\u00e9s pastorales en acceptant d&rsquo;accorder une enveloppe de 45 millions de dollars pour cette seconde phase qui a connu une hausse substantielle de 50% par rapport \u00e0 la premi\u00e8re phase.<\/div>\n<div dir=\"auto\">Le secr\u00e9taire g\u00e9n\u00e9ral quant \u00e0 lui a mis l&rsquo;accent sur les r\u00e9alisations de la phase 1 mais aussi insist\u00e9 sur les attentes des plus hautes autorit\u00e9s notamment la mise en place d&rsquo;infrastructures de qualit\u00e9 mais aussi l&rsquo;inclusion sociale et \u00e9conomique des jeunes et des femmes.<\/div>\n<div dir=\"auto\">Pour rappel, le PRAPS 2 a \u00e9t\u00e9 initi\u00e9 par le gouvernement du S\u00e9n\u00e9gal qui a obtenu un apport de 24 milliards de FCFA de la Banque Mondiale pour accompagner la r\u00e9silience des communaut\u00e9s pastorales. La dur\u00e9e pr\u00e9vue du projet est de 06 ans( 2022-2027) et interviendra dans les r\u00e9gions de Louga, Saint Louis, Matam, Kaffrine et Tambacounda.<\/div>\n<div dir=\"auto\"><\/div>\n<div dir=\"auto\"><\/div>\n<div dir=\"auto\"><\/div>\n<div dir=\"auto\"><img loading=\"lazy\" decoding=\"async\" class=\"alignnone size-medium wp-image-488\" src=\"https:\/\/praps.sn\/archives\/wp-content\/uploads\/2022\/03\/lancement2-205x300.jpg\" alt=\"\" width=\"205\" height=\"300\" srcset=\"https:\/\/praps.sn\/archives\/wp-content\/uploads\/2022\/03\/lancement2-205x300.jpg 205w, https:\/\/praps.sn\/archives\/wp-content\/uploads\/2022\/03\/lancement2-699x1024.jpg 699w, https:\/\/praps.sn\/archives\/wp-content\/uploads\/2022\/03\/lancement2.jpg 732w\" sizes=\"auto, (max-width: 205px) 100vw, 205px\" \/> <img loading=\"lazy\" decoding=\"async\" class=\"alignnone size-medium wp-image-489\" src=\"https:\/\/praps.sn\/archives\/wp-content\/uploads\/2022\/03\/lancement3-212x300.jpg\" alt=\"\" width=\"212\" height=\"300\" srcset=\"https:\/\/praps.sn\/archives\/wp-content\/uploads\/2022\/03\/lancement3-212x300.jpg 212w, https:\/\/praps.sn\/archives\/wp-content\/uploads\/2022\/03\/lancement3-724x1024.jpg 724w, https:\/\/praps.sn\/archives\/wp-content\/uploads\/2022\/03\/lancement3.jpg 745w\" sizes=\"auto, (max-width: 212px) 100vw, 212px\" \/> <img loading=\"lazy\" decoding=\"async\" class=\"alignnone size-medium wp-image-490\" src=\"https:\/\/praps.sn\/archives\/wp-content\/uploads\/2022\/03\/lancement4-220x300.jpg\" alt=\"\" width=\"220\" height=\"300\" srcset=\"https:\/\/praps.sn\/archives\/wp-content\/uploads\/2022\/03\/lancement4-220x300.jpg 220w, https:\/\/praps.sn\/archives\/wp-content\/uploads\/2022\/03\/lancement4-750x1024.jpg 750w, https:\/\/praps.sn\/archives\/wp-content\/uploads\/2022\/03\/lancement4.jpg 759w\" sizes=\"auto, (max-width: 220px) 100vw, 220px\" \/><\/div>\n","protected":false},"excerpt":{"rendered":"<p>La deuxi\u00e8me phase du Projet R\u00e9gional d&rsquo;Appui au Pastoralisme au Sahel a \u00e9t\u00e9 officiellement lanc\u00e9e ce jeudi 24 f\u00e9vrier 2022, \u00e0 l&rsquo;auditorium des Sph\u00e8res Minist\u00e9rielles Ousmane Tanor Dieng de Diamniadio par le Secr\u00e9taire G\u00e9n\u00e9ral du Minist\u00e8re de l&rsquo;Elevage et des Productions animales, repr\u00e9sentant le Ministre Aly Saleh Diop emp\u00each\u00e9, en pr\u00e9sence du repr\u00e9sentant du CILSS &hellip;<\/p>\n","protected":false},"author":4,"featured_media":491,"comment_status":"closed","ping_status":"closed","sticky":false,"template":"","format":"standard","meta":{"_monsterinsights_skip_tracking":false,"_monsterinsights_sitenote_active":false,"_monsterinsights_sitenote_note":"","_monsterinsights_sitenote_category":0,"footnotes":""},"categories":[4],"tags":[],"class_list":["post-487","post","type-post","status-publish","format-standard","has-post-thumbnail","","category-a-la-une"],"yoast_head":"<!-- This site is optimized with the Yoast SEO plugin v22.7 - https:\/\/yoast.com\/wordpress\/plugins\/seo\/ -->\n<title>Lancement de la deuxi\u00e8me phase du Projet R\u00e9gional d&#039;Appui au Pastoralisme au Sahel (PRAPS2-SN) - PRAPS 1 SENEGAL<\/title>\n<meta name=\"robots\" content=\"index, follow, max-snippet:-1, max-image-preview:large, max-video-preview:-1\" \/>\n<link rel=\"canonical\" href=\"https:\/\/praps.sn\/archives\/lancement-de-la-deuxieme-phase-du-projet-regional-dappui-au-pastoralisme-au-sahel-praps2-sn\/\" \/>\n<meta property=\"og:locale\" content=\"fr_FR\" \/>\n<meta property=\"og:type\" content=\"article\" \/>\n<meta property=\"og:title\" content=\"Lancement de la deuxi\u00e8me phase du Projet R\u00e9gional d&#039;Appui au Pastoralisme au Sahel (PRAPS2-SN) - PRAPS 1 SENEGAL\" \/>\n<meta property=\"og:description\" content=\"La deuxi\u00e8me phase du Projet R\u00e9gional d&rsquo;Appui au Pastoralisme au Sahel a \u00e9t\u00e9 officiellement lanc\u00e9e ce jeudi 24 f\u00e9vrier 2022, \u00e0 l&rsquo;auditorium des Sph\u00e8res Minist\u00e9rielles Ousmane Tanor Dieng de Diamniadio par le Secr\u00e9taire G\u00e9n\u00e9ral du Minist\u00e8re de l&rsquo;Elevage et des Productions animales, repr\u00e9sentant le Ministre Aly Saleh Diop emp\u00each\u00e9, en pr\u00e9sence du repr\u00e9sentant du CILSS &hellip;\" \/>\n<meta property=\"og:url\" content=\"https:\/\/praps.sn\/archives\/lancement-de-la-deuxieme-phase-du-projet-regional-dappui-au-pastoralisme-au-sahel-praps2-sn\/\" \/>\n<meta property=\"og:site_name\" content=\"PRAPS 1 SENEGAL\" \/>\n<meta property=\"article:published_time\" content=\"2022-03-04T09:26:24+00:00\" \/>\n<meta property=\"article:modified_time\" content=\"2022-03-04T11:48:21+00:00\" \/>\n<meta property=\"og:image\" content=\"https:\/\/praps.sn\/archives\/wp-content\/uploads\/2022\/03\/lancement1.jpg\" \/>\n\t<meta property=\"og:image:width\" content=\"886\" \/>\n\t<meta property=\"og:image:height\" content=\"480\" \/>\n\t<meta property=\"og:image:type\" content=\"image\/jpeg\" \/>\n<meta name=\"author\" content=\"Pape NDIAYE\" \/>\n<meta name=\"twitter:card\" content=\"summary_large_image\" \/>\n<meta name=\"twitter:label1\" content=\"\u00c9crit par\" \/>\n\t<meta name=\"twitter:data1\" content=\"Pape NDIAYE\" \/>\n\t<meta name=\"twitter:label2\" content=\"Dur\u00e9e de lecture estim\u00e9e\" \/>\n\t<meta name=\"twitter:data2\" content=\"2 minutes\" \/>\n<script type=\"application\/ld+json\" class=\"yoast-schema-graph\">{\"@context\":\"https:\/\/schema.org\",\"@graph\":[{\"@type\":\"Article\",\"@id\":\"https:\/\/praps.sn\/archives\/lancement-de-la-deuxieme-phase-du-projet-regional-dappui-au-pastoralisme-au-sahel-praps2-sn\/#article\",\"isPartOf\":{\"@id\":\"https:\/\/praps.sn\/archives\/lancement-de-la-deuxieme-phase-du-projet-regional-dappui-au-pastoralisme-au-sahel-praps2-sn\/\"},\"author\":{\"name\":\"Pape NDIAYE\",\"@id\":\"https:\/\/praps.sn\/archives\/#\/schema\/person\/31c9d59c1fbaf4328ed87af12eafe397\"},\"headline\":\"Lancement de la deuxi\u00e8me phase du Projet R\u00e9gional d&rsquo;Appui au Pastoralisme au Sahel (PRAPS2-SN)\",\"datePublished\":\"2022-03-04T09:26:24+00:00\",\"dateModified\":\"2022-03-04T11:48:21+00:00\",\"mainEntityOfPage\":{\"@id\":\"https:\/\/praps.sn\/archives\/lancement-de-la-deuxieme-phase-du-projet-regional-dappui-au-pastoralisme-au-sahel-praps2-sn\/\"},\"wordCount\":299,\"publisher\":{\"@id\":\"https:\/\/praps.sn\/archives\/#organization\"},\"image\":{\"@id\":\"https:\/\/praps.sn\/archives\/lancement-de-la-deuxieme-phase-du-projet-regional-dappui-au-pastoralisme-au-sahel-praps2-sn\/#primaryimage\"},\"thumbnailUrl\":\"https:\/\/praps.sn\/archives\/wp-content\/uploads\/2022\/03\/lancement1.jpg\",\"articleSection\":[\"A la une\"],\"inLanguage\":\"fr-FR\"},{\"@type\":\"WebPage\",\"@id\":\"https:\/\/praps.sn\/archives\/lancement-de-la-deuxieme-phase-du-projet-regional-dappui-au-pastoralisme-au-sahel-praps2-sn\/\",\"url\":\"https:\/\/praps.sn\/archives\/lancement-de-la-deuxieme-phase-du-projet-regional-dappui-au-pastoralisme-au-sahel-praps2-sn\/\",\"name\":\"Lancement de la deuxi\u00e8me phase du Projet R\u00e9gional d'Appui au Pastoralisme au Sahel (PRAPS2-SN) - PRAPS 1 SENEGAL\",\"isPartOf\":{\"@id\":\"https:\/\/praps.sn\/archives\/#website\"},\"primaryImageOfPage\":{\"@id\":\"https:\/\/praps.sn\/archives\/lancement-de-la-deuxieme-phase-du-projet-regional-dappui-au-pastoralisme-au-sahel-praps2-sn\/#primaryimage\"},\"image\":{\"@id\":\"https:\/\/praps.sn\/archives\/lancement-de-la-deuxieme-phase-du-projet-regional-dappui-au-pastoralisme-au-sahel-praps2-sn\/#primaryimage\"},\"thumbnailUrl\":\"https:\/\/praps.sn\/archives\/wp-content\/uploads\/2022\/03\/lancement1.jpg\",\"datePublished\":\"2022-03-04T09:26:24+00:00\",\"dateModified\":\"2022-03-04T11:48:21+00:00\",\"breadcrumb\":{\"@id\":\"https:\/\/praps.sn\/archives\/lancement-de-la-deuxieme-phase-du-projet-regional-dappui-au-pastoralisme-au-sahel-praps2-sn\/#breadcrumb\"},\"inLanguage\":\"fr-FR\",\"potentialAction\":[{\"@type\":\"ReadAction\",\"target\":[\"https:\/\/praps.sn\/archives\/lancement-de-la-deuxieme-phase-du-projet-regional-dappui-au-pastoralisme-au-sahel-praps2-sn\/\"]}]},{\"@type\":\"ImageObject\",\"inLanguage\":\"fr-FR\",\"@id\":\"https:\/\/praps.sn\/archives\/lancement-de-la-deuxieme-phase-du-projet-regional-dappui-au-pastoralisme-au-sahel-praps2-sn\/#primaryimage\",\"url\":\"https:\/\/praps.sn\/archives\/wp-content\/uploads\/2022\/03\/lancement1.jpg\",\"contentUrl\":\"https:\/\/praps.sn\/archives\/wp-content\/uploads\/2022\/03\/lancement1.jpg\",\"width\":886,\"height\":480},{\"@type\":\"BreadcrumbList\",\"@id\":\"https:\/\/praps.sn\/archives\/lancement-de-la-deuxieme-phase-du-projet-regional-dappui-au-pastoralisme-au-sahel-praps2-sn\/#breadcrumb\",\"itemListElement\":[{\"@type\":\"ListItem\",\"position\":1,\"name\":\"Home\",\"item\":\"https:\/\/praps.sn\/archives\/\"},{\"@type\":\"ListItem\",\"position\":2,\"name\":\"Lancement de la deuxi\u00e8me phase du Projet R\u00e9gional d&rsquo;Appui au Pastoralisme au Sahel (PRAPS2-SN)\"}]},{\"@type\":\"WebSite\",\"@id\":\"https:\/\/praps.sn\/archives\/#website\",\"url\":\"https:\/\/praps.sn\/archives\/\",\"name\":\"PRAPS SENEGAL\",\"description\":\"Projet d&#039;Appui au Pastoralisme au Sahel-Phase 1\",\"publisher\":{\"@id\":\"https:\/\/praps.sn\/archives\/#organization\"},\"potentialAction\":[{\"@type\":\"SearchAction\",\"target\":{\"@type\":\"EntryPoint\",\"urlTemplate\":\"https:\/\/praps.sn\/archives\/?s={search_term_string}\"},\"query-input\":\"required name=search_term_string\"}],\"inLanguage\":\"fr-FR\"},{\"@type\":\"Organization\",\"@id\":\"https:\/\/praps.sn\/archives\/#organization\",\"name\":\"PRAPS S\u00e9n\u00e9gal\",\"url\":\"https:\/\/praps.sn\/archives\/\",\"logo\":{\"@type\":\"ImageObject\",\"inLanguage\":\"fr-FR\",\"@id\":\"https:\/\/praps.sn\/archives\/#\/schema\/logo\/image\/\",\"url\":\"https:\/\/praps.sn\/archives\/wp-content\/uploads\/2019\/09\/banniere_praps-1.png\",\"contentUrl\":\"https:\/\/praps.sn\/archives\/wp-content\/uploads\/2019\/09\/banniere_praps-1.png\",\"width\":159,\"height\":154,\"caption\":\"PRAPS S\u00e9n\u00e9gal\"},\"image\":{\"@id\":\"https:\/\/praps.sn\/archives\/#\/schema\/logo\/image\/\"}},{\"@type\":\"Person\",\"@id\":\"https:\/\/praps.sn\/archives\/#\/schema\/person\/31c9d59c1fbaf4328ed87af12eafe397\",\"name\":\"Pape NDIAYE\"}]}<\/script>\n<!-- \/ Yoast SEO plugin. -->","yoast_head_json":{"title":"Lancement de la deuxi\u00e8me phase du Projet R\u00e9gional d'Appui au Pastoralisme au Sahel (PRAPS2-SN) - PRAPS 1 SENEGAL","robots":{"index":"index","follow":"follow","max-snippet":"max-snippet:-1","max-image-preview":"max-image-preview:large","max-video-preview":"max-video-preview:-1"},"canonical":"https:\/\/praps.sn\/archives\/lancement-de-la-deuxieme-phase-du-projet-regional-dappui-au-pastoralisme-au-sahel-praps2-sn\/","og_locale":"fr_FR","og_type":"article","og_title":"Lancement de la deuxi\u00e8me phase du Projet R\u00e9gional d'Appui au Pastoralisme au Sahel (PRAPS2-SN) - PRAPS 1 SENEGAL","og_description":"La deuxi\u00e8me phase du Projet R\u00e9gional d&rsquo;Appui au Pastoralisme au Sahel a \u00e9t\u00e9 officiellement lanc\u00e9e ce jeudi 24 f\u00e9vrier 2022, \u00e0 l&rsquo;auditorium des Sph\u00e8res Minist\u00e9rielles Ousmane Tanor Dieng de Diamniadio par le Secr\u00e9taire G\u00e9n\u00e9ral du Minist\u00e8re de l&rsquo;Elevage et des Productions animales, repr\u00e9sentant le Ministre Aly Saleh Diop emp\u00each\u00e9, en pr\u00e9sence du repr\u00e9sentant du CILSS &hellip;","og_url":"https:\/\/praps.sn\/archives\/lancement-de-la-deuxieme-phase-du-projet-regional-dappui-au-pastoralisme-au-sahel-praps2-sn\/","og_site_name":"PRAPS 1 SENEGAL","article_published_time":"2022-03-04T09:26:24+00:00","article_modified_time":"2022-03-04T11:48:21+00:00","og_image":[{"width":886,"height":480,"url":"https:\/\/praps.sn\/archives\/wp-content\/uploads\/2022\/03\/lancement1.jpg","type":"image\/jpeg"}],"author":"Pape NDIAYE","twitter_card":"summary_large_image","twitter_misc":{"\u00c9crit par":"Pape NDIAYE","Dur\u00e9e de lecture estim\u00e9e":"2 minutes"},"schema":{"@context":"https:\/\/schema.org","@graph":[{"@type":"Article","@id":"https:\/\/praps.sn\/archives\/lancement-de-la-deuxieme-phase-du-projet-regional-dappui-au-pastoralisme-au-sahel-praps2-sn\/#article","isPartOf":{"@id":"https:\/\/praps.sn\/archives\/lancement-de-la-deuxieme-phase-du-projet-regional-dappui-au-pastoralisme-au-sahel-praps2-sn\/"},"author":{"name":"Pape NDIAYE","@id":"https:\/\/praps.sn\/archives\/#\/schema\/person\/31c9d59c1fbaf4328ed87af12eafe397"},"headline":"Lancement de la deuxi\u00e8me phase du Projet R\u00e9gional d&rsquo;Appui au Pastoralisme au Sahel (PRAPS2-SN)","datePublished":"2022-03-04T09:26:24+00:00","dateModified":"2022-03-04T11:48:21+00:00","mainEntityOfPage":{"@id":"https:\/\/praps.sn\/archives\/lancement-de-la-deuxieme-phase-du-projet-regional-dappui-au-pastoralisme-au-sahel-praps2-sn\/"},"wordCount":299,"publisher":{"@id":"https:\/\/praps.sn\/archives\/#organization"},"image":{"@id":"https:\/\/praps.sn\/archives\/lancement-de-la-deuxieme-phase-du-projet-regional-dappui-au-pastoralisme-au-sahel-praps2-sn\/#primaryimage"},"thumbnailUrl":"https:\/\/praps.sn\/archives\/wp-content\/uploads\/2022\/03\/lancement1.jpg","articleSection":["A la une"],"inLanguage":"fr-FR"},{"@type":"WebPage","@id":"https:\/\/praps.sn\/archives\/lancement-de-la-deuxieme-phase-du-projet-regional-dappui-au-pastoralisme-au-sahel-praps2-sn\/","url":"https:\/\/praps.sn\/archives\/lancement-de-la-deuxieme-phase-du-projet-regional-dappui-au-pastoralisme-au-sahel-praps2-sn\/","name":"Lancement de la deuxi\u00e8me phase du Projet R\u00e9gional d'Appui au Pastoralisme au Sahel (PRAPS2-SN) - PRAPS 1 SENEGAL","isPartOf":{"@id":"https:\/\/praps.sn\/archives\/#website"},"primaryImageOfPage":{"@id":"https:\/\/praps.sn\/archives\/lancement-de-la-deuxieme-phase-du-projet-regional-dappui-au-pastoralisme-au-sahel-praps2-sn\/#primaryimage"},"image":{"@id":"https:\/\/praps.sn\/archives\/lancement-de-la-deuxieme-phase-du-projet-regional-dappui-au-pastoralisme-au-sahel-praps2-sn\/#primaryimage"},"thumbnailUrl":"https:\/\/praps.sn\/archives\/wp-content\/uploads\/2022\/03\/lancement1.jpg","datePublished":"2022-03-04T09:26:24+00:00","dateModified":"2022-03-04T11:48:21+00:00","breadcrumb":{"@id":"https:\/\/praps.sn\/archives\/lancement-de-la-deuxieme-phase-du-projet-regional-dappui-au-pastoralisme-au-sahel-praps2-sn\/#breadcrumb"},"inLanguage":"fr-FR","potentialAction":[{"@type":"ReadAction","target":["https:\/\/praps.sn\/archives\/lancement-de-la-deuxieme-phase-du-projet-regional-dappui-au-pastoralisme-au-sahel-praps2-sn\/"]}]},{"@type":"ImageObject","inLanguage":"fr-FR","@id":"https:\/\/praps.sn\/archives\/lancement-de-la-deuxieme-phase-du-projet-regional-dappui-au-pastoralisme-au-sahel-praps2-sn\/#primaryimage","url":"https:\/\/praps.sn\/archives\/wp-content\/uploads\/2022\/03\/lancement1.jpg","contentUrl":"https:\/\/praps.sn\/archives\/wp-content\/uploads\/2022\/03\/lancement1.jpg","width":886,"height":480},{"@type":"BreadcrumbList","@id":"https:\/\/praps.sn\/archives\/lancement-de-la-deuxieme-phase-du-projet-regional-dappui-au-pastoralisme-au-sahel-praps2-sn\/#breadcrumb","itemListElement":[{"@type":"ListItem","position":1,"name":"Home","item":"https:\/\/praps.sn\/archives\/"},{"@type":"ListItem","position":2,"name":"Lancement de la deuxi\u00e8me phase du Projet R\u00e9gional d&rsquo;Appui au Pastoralisme au Sahel (PRAPS2-SN)"}]},{"@type":"WebSite","@id":"https:\/\/praps.sn\/archives\/#website","url":"https:\/\/praps.sn\/archives\/","name":"PRAPS SENEGAL","description":"Projet d&#039;Appui au Pastoralisme au Sahel-Phase 1","publisher":{"@id":"https:\/\/praps.sn\/archives\/#organization"},"potentialAction":[{"@type":"SearchAction","target":{"@type":"EntryPoint","urlTemplate":"https:\/\/praps.sn\/archives\/?s={search_term_string}"},"query-input":"required name=search_term_string"}],"inLanguage":"fr-FR"},{"@type":"Organization","@id":"https:\/\/praps.sn\/archives\/#organization","name":"PRAPS S\u00e9n\u00e9gal","url":"https:\/\/praps.sn\/archives\/","logo":{"@type":"ImageObject","inLanguage":"fr-FR","@id":"https:\/\/praps.sn\/archives\/#\/schema\/logo\/image\/","url":"https:\/\/praps.sn\/archives\/wp-content\/uploads\/2019\/09\/banniere_praps-1.png","contentUrl":"https:\/\/praps.sn\/archives\/wp-content\/uploads\/2019\/09\/banniere_praps-1.png","width":159,"height":154,"caption":"PRAPS S\u00e9n\u00e9gal"},"image":{"@id":"https:\/\/praps.sn\/archives\/#\/schema\/logo\/image\/"}},{"@type":"Person","@id":"https:\/\/praps.sn\/archives\/#\/schema\/person\/31c9d59c1fbaf4328ed87af12eafe397","name":"Pape NDIAYE"}]}},"_links":{"self":[{"href":"https:\/\/praps.sn\/archives\/wp-json\/wp\/v2\/posts\/487","targetHints":{"allow":["GET"]}}],"collection":[{"href":"https:\/\/praps.sn\/archives\/wp-json\/wp\/v2\/posts"}],"about":[{"href":"https:\/\/praps.sn\/archives\/wp-json\/wp\/v2\/types\/post"}],"author":[{"embeddable":true,"href":"https:\/\/praps.sn\/archives\/wp-json\/wp\/v2\/users\/4"}],"replies":[{"embeddable":true,"href":"https:\/\/praps.sn\/archives\/wp-json\/wp\/v2\/comments?post=487"}],"version-history":[{"count":2,"href":"https:\/\/praps.sn\/archives\/wp-json\/wp\/v2\/posts\/487\/revisions"}],"predecessor-version":[{"id":495,"href":"https:\/\/praps.sn\/archives\/wp-json\/wp\/v2\/posts\/487\/revisions\/495"}],"wp:featuredmedia":[{"embeddable":true,"href":"https:\/\/praps.sn\/archives\/wp-json\/wp\/v2\/media\/491"}],"wp:attachment":[{"href":"https:\/\/praps.sn\/archives\/wp-json\/wp\/v2\/media?parent=487"}],"wp:term":[{"taxonomy":"category","embeddable":true,"href":"https:\/\/praps.sn\/archives\/wp-json\/wp\/v2\/categories?post=487"},{"taxonomy":"post_tag","embeddable":true,"href":"https:\/\/praps.sn\/archives\/wp-json\/wp\/v2\/tags?post=487"}],"curies":[{"name":"wp","href":"https:\/\/api.w.org\/{rel}","templated":true}]}}