{"id":453,"date":"2021-06-17T18:16:26","date_gmt":"2021-06-17T17:16:26","guid":{"rendered":"https:\/\/praps.sn\/archives\/?p=453"},"modified":"2022-03-04T10:35:57","modified_gmt":"2022-03-04T09:35:57","slug":"fiara-2021-le-praps-sponsorise-5-unites-laitieres","status":"publish","type":"post","link":"https:\/\/praps.sn\/archives\/fiara-2021-le-praps-sponsorise-5-unites-laitieres\/","title":{"rendered":"FIARA 2021 : LE PRAPS SPONSORISE 5 UNITES LAITI\u00c8RES"},"content":{"rendered":"<p>Les rideaux sont tomb\u00e9s sur la 21<sup>\u00e8me<\/sup> \u00e9dition de la Foire internationale de l\u2019agriculture et des ressources <img loading=\"lazy\" decoding=\"async\" class=\" wp-image-443 alignleft\" src=\"https:\/\/praps.sn\/archives\/wp-content\/uploads\/2021\/06\/img1-300x225.jpg\" alt=\"\" width=\"344\" height=\"258\" srcset=\"https:\/\/praps.sn\/archives\/wp-content\/uploads\/2021\/06\/img1-300x225.jpg 300w, https:\/\/praps.sn\/archives\/wp-content\/uploads\/2021\/06\/img1.jpg 767w\" sizes=\"auto, (max-width: 344px) 100vw, 344px\" \/>animales (FIARA). Pour la pr\u00e9sente \u00e9dition, le Projet r\u00e9gional d\u2019appui au pastoralisme au sahel (PRAPS) a appuy\u00e9 la participation de cinq unit\u00e9s laiti\u00e8res de sa zone d\u2019intervention \u00e0 cet \u00e9v\u00e8nement, conform\u00e9ment aux demandes formul\u00e9es par les b\u00e9n\u00e9ficiaires. Il s\u2019agit de\u00a0Teddungal Kossam et Fromagerie du Ferlo de Dahra, Laiterie Kaggu DIRFEL de Boulal, Dental Kossam de Tar\u00e9dji et T\u00e9ddungal Aynaab\u00e9 de Lour Escale. L\u2019objectif \u00e9tait de promouvoir les produits issus des unit\u00e9s de transformation laiti\u00e8re dans le cadre de la facilitation de l\u2019acc\u00e8s aux march\u00e9s de la composante 3 du projet.<\/p>\n<p>Cette ann\u00e9e, la FIARA s\u2019est d\u00e9roul\u00e9e du 20 au 13 juin, mais l\u2019appui du PRAPS a \u00e9t\u00e9 clos le 08 juin en fonction des premi\u00e8res informations qui avaient \u00e9t\u00e9 transmises par les organisateurs. N\u00e9anmoins, certaines unit\u00e9s laiti\u00e8res ont pu b\u00e9n\u00e9ficier de la cha\u00eene de froid mise \u00e0 leur disposition par le PRAPS jusqu\u2019\u00e0 la cl\u00f4ture officielle de l\u2019\u00e9v\u00e9nement. En effet, pour att\u00e9nuer les charges relatives \u00e0 la location perp\u00e9tuelle de r\u00e9frig\u00e9rateurs, le projet avait acquis 3 frigos \u00e0 baies vitr\u00e9es et un frigo ferm\u00e9 neufs pour \u00e9viter les pannes fr\u00e9quentes observ\u00e9es lors de la 20<sup>\u00e8me<\/sup> \u00e9dition de la FIARA en 2019.<\/p>\n<p>Les FIARAs constituent des moments forts de rencontres et d\u2019\u00e9changes entre diff\u00e9rents acteurs du<img loading=\"lazy\" decoding=\"async\" class=\" wp-image-454 alignright\" src=\"https:\/\/praps.sn\/archives\/wp-content\/uploads\/2021\/06\/img2-e1623949869830-204x300.jpg\" alt=\"\" width=\"174\" height=\"256\" srcset=\"https:\/\/praps.sn\/archives\/wp-content\/uploads\/2021\/06\/img2-e1623949869830-204x300.jpg 204w, https:\/\/praps.sn\/archives\/wp-content\/uploads\/2021\/06\/img2-e1623949869830.jpg 541w\" sizes=\"auto, (max-width: 174px) 100vw, 174px\" \/> secteur et repr\u00e9sentent des opportunit\u00e9s uniques d\u2019exposition et de promotion des produits agricoles et pastoraux. C\u2019est ce qui explique la satisfaction unanime des dix participants (3 hommes et 7 femmes) qui ont eu le privil\u00e8ge de prendre part \u00e0 la f\u00eate. Cinq d\u2019entre t\u00e9moignent pour les besoins de notre site.<\/p>\n<p>Pour Seynabou K\u00e2, de la laiterie Teddungal Kossam de Dahra\u00a0: \u00ab\u00a0mon souhait le plus cordial, c\u2019est de voir le projet continuer pendant plusieurs ann\u00e9es encore \u00e0 nous accompagner. Non seulement, il a construit pour nous des unit\u00e9s laiti\u00e8res modernes avec toutes les garanties d\u2019hygi\u00e8ne et de qualit\u00e9, mais il continue \u00e0 nous appuyer pour les emballages et la commercialisation de nos produits. Cet appui est pour nous d\u2019une g\u00e9n\u00e9rosit\u00e9 et d\u2019une efficacit\u00e9 incommensurables.\u00a0\u00bb<\/p>\n<p>Kadiata Diallo, de Dental Tar\u00e9dji ne tarit pas d\u2019\u00e9loges non plus \u00e0 l\u2019\u00e9gard du PRAPS\u00a0: \u00ab\u00a0je prie pour qu\u2019il ait des dizaines de phases du PRAPS, car je demeure certaine qu\u2019avec ce projet l\u2019\u00e9levage va d\u00e9coller tr\u00e8s bient\u00f4t et satisfaire tous les besoins des acteurs de la fili\u00e8re laiti\u00e8re. Nous avons obtenu notre FRA et bient\u00f4t, sans doute notre label car le PRAPS nous a appuy\u00e9 \u00e0 d\u00e9poser nos dossiers aupr\u00e8s de l\u2019ITA et de l\u2019Institut s\u00e9n\u00e9galais de normalisation. \u00bb (NDA\u00a0: il s\u2019agit, en r\u00e9alit\u00e9, de porter la composition chimique des produits sur les \u00e9tiquettes des produits en vente. La labellisation \u00e9tant d\u2019un autre calibre\u00a0!)<\/p>\n<p>Bineta Diallo du Centre de Collecte de Lour Escale, Teddungal Aynaab\u00e9, est aux anges\u00a0: \u00ab\u00a0quand les <img loading=\"lazy\" decoding=\"async\" class=\"size-medium wp-image-455 alignleft\" src=\"https:\/\/praps.sn\/archives\/wp-content\/uploads\/2021\/06\/img3-300x225.jpg\" alt=\"\" width=\"300\" height=\"225\" srcset=\"https:\/\/praps.sn\/archives\/wp-content\/uploads\/2021\/06\/img3-300x225.jpg 300w, https:\/\/praps.sn\/archives\/wp-content\/uploads\/2021\/06\/img3-768x576.jpg 768w, https:\/\/praps.sn\/archives\/wp-content\/uploads\/2021\/06\/img3.jpg 951w\" sizes=\"auto, (max-width: 300px) 100vw, 300px\" \/>missionnaires du PRAPS sont venus pour la premi\u00e8re fois \u00e0 Lour, beaucoup de producteurs de lait n\u2019y croyaient pas. Mais aujourd\u2019hui, force est de reconna\u00eetre que le projet travaille vraiment de mani\u00e8re d\u00e9sint\u00e9ress\u00e9e \u00e0 d\u00e9velopper les \u00e9leveurs \u00e0 travers la fili\u00e8re laiti\u00e8re. Non seulement, nous avons \u00e0 Lour Escale une unit\u00e9 de collecte pour ne plus jeter du lait, mais nous avons aussi le solaire pour refroidir en permanence le lait collect\u00e9. Et le PRAPS continue \u00e0 nous appuyer pour la commercialisation, les conseils et la formation.\u00a0\u00bb<\/p>\n<p>Mamadou Lamine Di\u00e9dhiou de la Fromagerie du Ferlo de Dahra Djolof est ravi d\u2019avoir \u00e9t\u00e9 cibl\u00e9 par le PRAPS\u00a0:\u00a0\u00ab\u00a0j\u2019exerce ce m\u00e9tier depuis plusieurs dizaines d\u2019ann\u00e9es d\u00e9j\u00e0, mais c\u2019est maintenant seulement que je commence \u00e0 m\u2019assurer que le miracle existe. Quand le projet est arriv\u00e9 chez nous, j\u2019\u00e9tais au seuil du d\u00e9couragement et de la r\u00e9signation. Aujourd\u2019hui, j\u2019ai repris go\u00fbt \u00e0 la vie et aux affaires. Tous les produits que j\u2019ai amen\u00e9s \u00e0 cette FIARA se sont \u00e9coul\u00e9s en moins de quinze jours et j\u2019ai d\u00fb demander d\u2019autres produits en renfort. Avec, l\u2019unit\u00e9 de fromagerie neuve offerte par le PRAPS, nous sommes s\u00fbrs que nous avons un gouvernement qui pense \u00e0 nous et qui nous appuie pour aller de l\u2019avant. Ma satisfaction n\u2019a pas de limite, car c\u2019est la deuxi\u00e8me fois que le projet nous facilite la participation \u00e0 une foire, tous frais pay\u00e9s.\u00a0\u00bb<\/p>\n<p>Marie K\u00e2 de la laiterie DIRFEL de Boulal f\u00e9licite le PRAPS et ses partenaires\u00a0: \u00ab\u00a0Je crois que je suis<img loading=\"lazy\" decoding=\"async\" class=\"size-medium wp-image-456 alignright\" src=\"https:\/\/praps.sn\/archives\/wp-content\/uploads\/2021\/06\/img4-300x225.jpg\" alt=\"\" width=\"300\" height=\"225\" srcset=\"https:\/\/praps.sn\/archives\/wp-content\/uploads\/2021\/06\/img4-300x225.jpg 300w, https:\/\/praps.sn\/archives\/wp-content\/uploads\/2021\/06\/img4-768x576.jpg 768w, https:\/\/praps.sn\/archives\/wp-content\/uploads\/2021\/06\/img4.jpg 946w\" sizes=\"auto, (max-width: 300px) 100vw, 300px\" \/> encore dans un r\u00eave \u00e9veill\u00e9. Je n\u2019arrive pas \u00e0 croire ce qui nous arrive. La centaine de femmes qui \u00e9voluent dans notre unit\u00e9 laiti\u00e8re et autour se frottent les mains de l\u2019aubaine que leur apporte le projet. Notre seul regret, c\u2019est que la Foire arrive \u00e0 un moment o\u00f9 l\u2019essentiel des bovins sont partis en transhumance, ce qui a limit\u00e9 nos opportunit\u00e9s d\u2019\u00e9couler encore plus de produits. Mais Dieu merci, nous sommes les privil\u00e9gi\u00e9s de l\u2019av\u00e8nement du PRAPS et nous en sommes ravis. Longue vie aux PRAPS, \u00e0 la Banque mondiale et \u00e0 tous les Prapsiens\u00a0! \u00bb<\/p>\n<p><strong>BILAN DES VENTES DES CINQ LAITERIES \u00c0 LA FIARA 2021<\/strong><\/p>\n<p>Les ventes en 18 jours se sont \u00e9lev\u00e9es \u00e0 la somme de 1 483 925 F si l\u2019on s\u2019en tient aux statistiques relev\u00e9es par les trois animatrices du PRAPS qui se sont relay\u00e9es sur place. La palme est d\u00e9tenue par Teddungal Kossam de Dahra avec des recettes estim\u00e9es \u00e0 468 925 F. Elle est talonn\u00e9e par Teddungal Aynaab\u00e9 de Lour avec 346 400 F et de la Fromagerie du Ferlo avec 338 200 F. Dental Kossam Tar\u00e9dji vient en 4\u00e8 position avec 196 200 F de ventes, suivie par Kaggu Dirfel de Boulal avec 134 200 F. Ces ventes ne tiennent pas compte des produits \u00e9coul\u00e9s apr\u00e8s le 08 juin et des produits non laitiers comme l\u2019huile de sump, le touloucouna, le thiakry et autres produits de cueillette.<\/p>\n","protected":false},"excerpt":{"rendered":"<p>Les rideaux sont tomb\u00e9s sur la 21\u00e8me \u00e9dition de la Foire internationale de l\u2019agriculture et des ressources animales (FIARA). Pour la pr\u00e9sente \u00e9dition, le Projet r\u00e9gional d\u2019appui au pastoralisme au sahel (PRAPS) a appuy\u00e9 la participation de cinq unit\u00e9s laiti\u00e8res de sa zone d\u2019intervention \u00e0 cet \u00e9v\u00e8nement, conform\u00e9ment aux demandes formul\u00e9es par les b\u00e9n\u00e9ficiaires. Il &hellip;<\/p>\n","protected":false},"author":4,"featured_media":456,"comment_status":"closed","ping_status":"closed","sticky":false,"template":"","format":"standard","meta":{"_monsterinsights_skip_tracking":false,"_monsterinsights_sitenote_active":false,"_monsterinsights_sitenote_note":"","_monsterinsights_sitenote_category":0,"footnotes":""},"categories":[4,7],"tags":[],"class_list":["post-453","post","type-post","status-publish","format-standard","has-post-thumbnail","","category-a-la-une","category-facilitation-de-lacces-aux-marches"],"yoast_head":"<!-- This site is optimized with the Yoast SEO plugin v22.7 - https:\/\/yoast.com\/wordpress\/plugins\/seo\/ -->\n<title>FIARA 2021 : LE PRAPS SPONSORISE 5 UNITES LAITI\u00c8RES - PRAPS 1 SENEGAL<\/title>\n<meta name=\"robots\" content=\"index, follow, max-snippet:-1, max-image-preview:large, max-video-preview:-1\" \/>\n<link rel=\"canonical\" href=\"https:\/\/praps.sn\/archives\/fiara-2021-le-praps-sponsorise-5-unites-laitieres\/\" \/>\n<meta property=\"og:locale\" content=\"fr_FR\" \/>\n<meta property=\"og:type\" content=\"article\" \/>\n<meta property=\"og:title\" content=\"FIARA 2021 : LE PRAPS SPONSORISE 5 UNITES LAITI\u00c8RES - PRAPS 1 SENEGAL\" \/>\n<meta property=\"og:description\" content=\"Les rideaux sont tomb\u00e9s sur la 21\u00e8me \u00e9dition de la Foire internationale de l\u2019agriculture et des ressources animales (FIARA). Pour la pr\u00e9sente \u00e9dition, le Projet r\u00e9gional d\u2019appui au pastoralisme au sahel (PRAPS) a appuy\u00e9 la participation de cinq unit\u00e9s laiti\u00e8res de sa zone d\u2019intervention \u00e0 cet \u00e9v\u00e8nement, conform\u00e9ment aux demandes formul\u00e9es par les b\u00e9n\u00e9ficiaires. Il &hellip;\" \/>\n<meta property=\"og:url\" content=\"https:\/\/praps.sn\/archives\/fiara-2021-le-praps-sponsorise-5-unites-laitieres\/\" \/>\n<meta property=\"og:site_name\" content=\"PRAPS 1 SENEGAL\" \/>\n<meta property=\"article:published_time\" content=\"2021-06-17T17:16:26+00:00\" \/>\n<meta property=\"article:modified_time\" content=\"2022-03-04T09:35:57+00:00\" \/>\n<meta property=\"og:image\" content=\"https:\/\/praps.sn\/archives\/wp-content\/uploads\/2021\/06\/img4.jpg\" \/>\n\t<meta property=\"og:image:width\" content=\"946\" \/>\n\t<meta property=\"og:image:height\" content=\"710\" \/>\n\t<meta property=\"og:image:type\" content=\"image\/jpeg\" \/>\n<meta name=\"author\" content=\"Pape NDIAYE\" \/>\n<meta name=\"twitter:card\" content=\"summary_large_image\" \/>\n<meta name=\"twitter:label1\" content=\"\u00c9crit par\" \/>\n\t<meta name=\"twitter:data1\" content=\"Pape NDIAYE\" \/>\n\t<meta name=\"twitter:label2\" content=\"Dur\u00e9e de lecture estim\u00e9e\" \/>\n\t<meta name=\"twitter:data2\" content=\"5 minutes\" \/>\n<script type=\"application\/ld+json\" class=\"yoast-schema-graph\">{\"@context\":\"https:\/\/schema.org\",\"@graph\":[{\"@type\":\"Article\",\"@id\":\"https:\/\/praps.sn\/archives\/fiara-2021-le-praps-sponsorise-5-unites-laitieres\/#article\",\"isPartOf\":{\"@id\":\"https:\/\/praps.sn\/archives\/fiara-2021-le-praps-sponsorise-5-unites-laitieres\/\"},\"author\":{\"name\":\"Pape NDIAYE\",\"@id\":\"https:\/\/praps.sn\/archives\/#\/schema\/person\/31c9d59c1fbaf4328ed87af12eafe397\"},\"headline\":\"FIARA 2021 : LE PRAPS SPONSORISE 5 UNITES LAITI\u00c8RES\",\"datePublished\":\"2021-06-17T17:16:26+00:00\",\"dateModified\":\"2022-03-04T09:35:57+00:00\",\"mainEntityOfPage\":{\"@id\":\"https:\/\/praps.sn\/archives\/fiara-2021-le-praps-sponsorise-5-unites-laitieres\/\"},\"wordCount\":1054,\"publisher\":{\"@id\":\"https:\/\/praps.sn\/archives\/#organization\"},\"image\":{\"@id\":\"https:\/\/praps.sn\/archives\/fiara-2021-le-praps-sponsorise-5-unites-laitieres\/#primaryimage\"},\"thumbnailUrl\":\"https:\/\/praps.sn\/archives\/wp-content\/uploads\/2021\/06\/img4.jpg\",\"articleSection\":[\"A la une\",\"Facilitation de l\u2019acc\u00e8s aux march\u00e9s\"],\"inLanguage\":\"fr-FR\"},{\"@type\":\"WebPage\",\"@id\":\"https:\/\/praps.sn\/archives\/fiara-2021-le-praps-sponsorise-5-unites-laitieres\/\",\"url\":\"https:\/\/praps.sn\/archives\/fiara-2021-le-praps-sponsorise-5-unites-laitieres\/\",\"name\":\"FIARA 2021 : LE PRAPS SPONSORISE 5 UNITES LAITI\u00c8RES - PRAPS 1 SENEGAL\",\"isPartOf\":{\"@id\":\"https:\/\/praps.sn\/archives\/#website\"},\"primaryImageOfPage\":{\"@id\":\"https:\/\/praps.sn\/archives\/fiara-2021-le-praps-sponsorise-5-unites-laitieres\/#primaryimage\"},\"image\":{\"@id\":\"https:\/\/praps.sn\/archives\/fiara-2021-le-praps-sponsorise-5-unites-laitieres\/#primaryimage\"},\"thumbnailUrl\":\"https:\/\/praps.sn\/archives\/wp-content\/uploads\/2021\/06\/img4.jpg\",\"datePublished\":\"2021-06-17T17:16:26+00:00\",\"dateModified\":\"2022-03-04T09:35:57+00:00\",\"breadcrumb\":{\"@id\":\"https:\/\/praps.sn\/archives\/fiara-2021-le-praps-sponsorise-5-unites-laitieres\/#breadcrumb\"},\"inLanguage\":\"fr-FR\",\"potentialAction\":[{\"@type\":\"ReadAction\",\"target\":[\"https:\/\/praps.sn\/archives\/fiara-2021-le-praps-sponsorise-5-unites-laitieres\/\"]}]},{\"@type\":\"ImageObject\",\"inLanguage\":\"fr-FR\",\"@id\":\"https:\/\/praps.sn\/archives\/fiara-2021-le-praps-sponsorise-5-unites-laitieres\/#primaryimage\",\"url\":\"https:\/\/praps.sn\/archives\/wp-content\/uploads\/2021\/06\/img4.jpg\",\"contentUrl\":\"https:\/\/praps.sn\/archives\/wp-content\/uploads\/2021\/06\/img4.jpg\",\"width\":946,\"height\":710},{\"@type\":\"BreadcrumbList\",\"@id\":\"https:\/\/praps.sn\/archives\/fiara-2021-le-praps-sponsorise-5-unites-laitieres\/#breadcrumb\",\"itemListElement\":[{\"@type\":\"ListItem\",\"position\":1,\"name\":\"Home\",\"item\":\"https:\/\/praps.sn\/archives\/\"},{\"@type\":\"ListItem\",\"position\":2,\"name\":\"FIARA 2021 : LE PRAPS SPONSORISE 5 UNITES LAITI\u00c8RES\"}]},{\"@type\":\"WebSite\",\"@id\":\"https:\/\/praps.sn\/archives\/#website\",\"url\":\"https:\/\/praps.sn\/archives\/\",\"name\":\"PRAPS SENEGAL\",\"description\":\"Projet d&#039;Appui au Pastoralisme au Sahel-Phase 1\",\"publisher\":{\"@id\":\"https:\/\/praps.sn\/archives\/#organization\"},\"potentialAction\":[{\"@type\":\"SearchAction\",\"target\":{\"@type\":\"EntryPoint\",\"urlTemplate\":\"https:\/\/praps.sn\/archives\/?s={search_term_string}\"},\"query-input\":\"required name=search_term_string\"}],\"inLanguage\":\"fr-FR\"},{\"@type\":\"Organization\",\"@id\":\"https:\/\/praps.sn\/archives\/#organization\",\"name\":\"PRAPS S\u00e9n\u00e9gal\",\"url\":\"https:\/\/praps.sn\/archives\/\",\"logo\":{\"@type\":\"ImageObject\",\"inLanguage\":\"fr-FR\",\"@id\":\"https:\/\/praps.sn\/archives\/#\/schema\/logo\/image\/\",\"url\":\"https:\/\/praps.sn\/archives\/wp-content\/uploads\/2019\/09\/banniere_praps-1.png\",\"contentUrl\":\"https:\/\/praps.sn\/archives\/wp-content\/uploads\/2019\/09\/banniere_praps-1.png\",\"width\":159,\"height\":154,\"caption\":\"PRAPS S\u00e9n\u00e9gal\"},\"image\":{\"@id\":\"https:\/\/praps.sn\/archives\/#\/schema\/logo\/image\/\"}},{\"@type\":\"Person\",\"@id\":\"https:\/\/praps.sn\/archives\/#\/schema\/person\/31c9d59c1fbaf4328ed87af12eafe397\",\"name\":\"Pape NDIAYE\"}]}<\/script>\n<!-- \/ Yoast SEO plugin. -->","yoast_head_json":{"title":"FIARA 2021 : LE PRAPS SPONSORISE 5 UNITES LAITI\u00c8RES - PRAPS 1 SENEGAL","robots":{"index":"index","follow":"follow","max-snippet":"max-snippet:-1","max-image-preview":"max-image-preview:large","max-video-preview":"max-video-preview:-1"},"canonical":"https:\/\/praps.sn\/archives\/fiara-2021-le-praps-sponsorise-5-unites-laitieres\/","og_locale":"fr_FR","og_type":"article","og_title":"FIARA 2021 : LE PRAPS SPONSORISE 5 UNITES LAITI\u00c8RES - PRAPS 1 SENEGAL","og_description":"Les rideaux sont tomb\u00e9s sur la 21\u00e8me \u00e9dition de la Foire internationale de l\u2019agriculture et des ressources animales (FIARA). Pour la pr\u00e9sente \u00e9dition, le Projet r\u00e9gional d\u2019appui au pastoralisme au sahel (PRAPS) a appuy\u00e9 la participation de cinq unit\u00e9s laiti\u00e8res de sa zone d\u2019intervention \u00e0 cet \u00e9v\u00e8nement, conform\u00e9ment aux demandes formul\u00e9es par les b\u00e9n\u00e9ficiaires. Il &hellip;","og_url":"https:\/\/praps.sn\/archives\/fiara-2021-le-praps-sponsorise-5-unites-laitieres\/","og_site_name":"PRAPS 1 SENEGAL","article_published_time":"2021-06-17T17:16:26+00:00","article_modified_time":"2022-03-04T09:35:57+00:00","og_image":[{"width":946,"height":710,"url":"https:\/\/praps.sn\/archives\/wp-content\/uploads\/2021\/06\/img4.jpg","type":"image\/jpeg"}],"author":"Pape NDIAYE","twitter_card":"summary_large_image","twitter_misc":{"\u00c9crit par":"Pape NDIAYE","Dur\u00e9e de lecture estim\u00e9e":"5 minutes"},"schema":{"@context":"https:\/\/schema.org","@graph":[{"@type":"Article","@id":"https:\/\/praps.sn\/archives\/fiara-2021-le-praps-sponsorise-5-unites-laitieres\/#article","isPartOf":{"@id":"https:\/\/praps.sn\/archives\/fiara-2021-le-praps-sponsorise-5-unites-laitieres\/"},"author":{"name":"Pape NDIAYE","@id":"https:\/\/praps.sn\/archives\/#\/schema\/person\/31c9d59c1fbaf4328ed87af12eafe397"},"headline":"FIARA 2021 : LE PRAPS SPONSORISE 5 UNITES LAITI\u00c8RES","datePublished":"2021-06-17T17:16:26+00:00","dateModified":"2022-03-04T09:35:57+00:00","mainEntityOfPage":{"@id":"https:\/\/praps.sn\/archives\/fiara-2021-le-praps-sponsorise-5-unites-laitieres\/"},"wordCount":1054,"publisher":{"@id":"https:\/\/praps.sn\/archives\/#organization"},"image":{"@id":"https:\/\/praps.sn\/archives\/fiara-2021-le-praps-sponsorise-5-unites-laitieres\/#primaryimage"},"thumbnailUrl":"https:\/\/praps.sn\/archives\/wp-content\/uploads\/2021\/06\/img4.jpg","articleSection":["A la une","Facilitation de l\u2019acc\u00e8s aux march\u00e9s"],"inLanguage":"fr-FR"},{"@type":"WebPage","@id":"https:\/\/praps.sn\/archives\/fiara-2021-le-praps-sponsorise-5-unites-laitieres\/","url":"https:\/\/praps.sn\/archives\/fiara-2021-le-praps-sponsorise-5-unites-laitieres\/","name":"FIARA 2021 : LE PRAPS SPONSORISE 5 UNITES LAITI\u00c8RES - PRAPS 1 SENEGAL","isPartOf":{"@id":"https:\/\/praps.sn\/archives\/#website"},"primaryImageOfPage":{"@id":"https:\/\/praps.sn\/archives\/fiara-2021-le-praps-sponsorise-5-unites-laitieres\/#primaryimage"},"image":{"@id":"https:\/\/praps.sn\/archives\/fiara-2021-le-praps-sponsorise-5-unites-laitieres\/#primaryimage"},"thumbnailUrl":"https:\/\/praps.sn\/archives\/wp-content\/uploads\/2021\/06\/img4.jpg","datePublished":"2021-06-17T17:16:26+00:00","dateModified":"2022-03-04T09:35:57+00:00","breadcrumb":{"@id":"https:\/\/praps.sn\/archives\/fiara-2021-le-praps-sponsorise-5-unites-laitieres\/#breadcrumb"},"inLanguage":"fr-FR","potentialAction":[{"@type":"ReadAction","target":["https:\/\/praps.sn\/archives\/fiara-2021-le-praps-sponsorise-5-unites-laitieres\/"]}]},{"@type":"ImageObject","inLanguage":"fr-FR","@id":"https:\/\/praps.sn\/archives\/fiara-2021-le-praps-sponsorise-5-unites-laitieres\/#primaryimage","url":"https:\/\/praps.sn\/archives\/wp-content\/uploads\/2021\/06\/img4.jpg","contentUrl":"https:\/\/praps.sn\/archives\/wp-content\/uploads\/2021\/06\/img4.jpg","width":946,"height":710},{"@type":"BreadcrumbList","@id":"https:\/\/praps.sn\/archives\/fiara-2021-le-praps-sponsorise-5-unites-laitieres\/#breadcrumb","itemListElement":[{"@type":"ListItem","position":1,"name":"Home","item":"https:\/\/praps.sn\/archives\/"},{"@type":"ListItem","position":2,"name":"FIARA 2021 : LE PRAPS SPONSORISE 5 UNITES LAITI\u00c8RES"}]},{"@type":"WebSite","@id":"https:\/\/praps.sn\/archives\/#website","url":"https:\/\/praps.sn\/archives\/","name":"PRAPS SENEGAL","description":"Projet d&#039;Appui au Pastoralisme au Sahel-Phase 1","publisher":{"@id":"https:\/\/praps.sn\/archives\/#organization"},"potentialAction":[{"@type":"SearchAction","target":{"@type":"EntryPoint","urlTemplate":"https:\/\/praps.sn\/archives\/?s={search_term_string}"},"query-input":"required name=search_term_string"}],"inLanguage":"fr-FR"},{"@type":"Organization","@id":"https:\/\/praps.sn\/archives\/#organization","name":"PRAPS S\u00e9n\u00e9gal","url":"https:\/\/praps.sn\/archives\/","logo":{"@type":"ImageObject","inLanguage":"fr-FR","@id":"https:\/\/praps.sn\/archives\/#\/schema\/logo\/image\/","url":"https:\/\/praps.sn\/archives\/wp-content\/uploads\/2019\/09\/banniere_praps-1.png","contentUrl":"https:\/\/praps.sn\/archives\/wp-content\/uploads\/2019\/09\/banniere_praps-1.png","width":159,"height":154,"caption":"PRAPS S\u00e9n\u00e9gal"},"image":{"@id":"https:\/\/praps.sn\/archives\/#\/schema\/logo\/image\/"}},{"@type":"Person","@id":"https:\/\/praps.sn\/archives\/#\/schema\/person\/31c9d59c1fbaf4328ed87af12eafe397","name":"Pape NDIAYE"}]}},"_links":{"self":[{"href":"https:\/\/praps.sn\/archives\/wp-json\/wp\/v2\/posts\/453","targetHints":{"allow":["GET"]}}],"collection":[{"href":"https:\/\/praps.sn\/archives\/wp-json\/wp\/v2\/posts"}],"about":[{"href":"https:\/\/praps.sn\/archives\/wp-json\/wp\/v2\/types\/post"}],"author":[{"embeddable":true,"href":"https:\/\/praps.sn\/archives\/wp-json\/wp\/v2\/users\/4"}],"replies":[{"embeddable":true,"href":"https:\/\/praps.sn\/archives\/wp-json\/wp\/v2\/comments?post=453"}],"version-history":[{"count":1,"href":"https:\/\/praps.sn\/archives\/wp-json\/wp\/v2\/posts\/453\/revisions"}],"predecessor-version":[{"id":457,"href":"https:\/\/praps.sn\/archives\/wp-json\/wp\/v2\/posts\/453\/revisions\/457"}],"wp:featuredmedia":[{"embeddable":true,"href":"https:\/\/praps.sn\/archives\/wp-json\/wp\/v2\/media\/456"}],"wp:attachment":[{"href":"https:\/\/praps.sn\/archives\/wp-json\/wp\/v2\/media?parent=453"}],"wp:term":[{"taxonomy":"category","embeddable":true,"href":"https:\/\/praps.sn\/archives\/wp-json\/wp\/v2\/categories?post=453"},{"taxonomy":"post_tag","embeddable":true,"href":"https:\/\/praps.sn\/archives\/wp-json\/wp\/v2\/tags?post=453"}],"curies":[{"name":"wp","href":"https:\/\/api.w.org\/{rel}","templated":true}]}}