{"id":36,"date":"2019-09-19T00:29:15","date_gmt":"2019-09-18T22:29:15","guid":{"rendered":"https:\/\/praps.sn\/archives\/?p=36"},"modified":"2020-07-02T15:35:17","modified_gmt":"2020-07-02T14:35:17","slug":"20e-edition-de-la-fiara-le-praps-senegal-appuie-quatre-laiteries","status":"publish","type":"post","link":"https:\/\/praps.sn\/archives\/20e-edition-de-la-fiara-le-praps-senegal-appuie-quatre-laiteries\/","title":{"rendered":"20\u00e8 \u00e9dition de la FIARA : le PRAPS S\u00e9n\u00e9gal appuie quatre laiteries"},"content":{"rendered":"\n<p>L\u2019\u00e9dition 2019 de la Foire internationale de l\u2019Agriculture et des Ressources animales (FIARA) a v\u00e9cu&nbsp;! Le Projet r\u00e9gional d\u2019appui au pastoralisme au Sahel (PRAPS)-S\u00e9n\u00e9gal a pris part \u00e0 cet \u00e9v\u00e9nement d\u2019une grande importance \u00e9conomique. La FIARA, organis\u00e9e par l\u2019ASPRODEB (Association s\u00e9n\u00e9galaise pour la promotion du d\u00e9veloppement par la base), est un cr\u00e9neau ouvert \u00e0 la commercialisation et \u00e0 la promotion des produits de l\u2019agriculture, de l\u2019\u00e9levage, de la p\u00eache et de la foresterie. Cette ann\u00e9e le th\u00e8me retenue porte sur \u00ab&nbsp;Rester ici, Travailler ici, R\u00e9ussir.&nbsp;\u00bb Il s\u2019agit l\u00e0 d\u2019un appel \u00e0 l\u2019arr\u00eat de l\u2019\u00e9migration lanc\u00e9 aux jeunes pour le d\u00e9veloppement des terroirs.<\/p>\n\n\n\n<p>Le PRAPS S\u00e9n\u00e9gal qui travaille pour la r\u00e9silience des communaut\u00e9s pastorales et agro-pastorales, s\u2019est investi \u00e0 travers le soutien \u00e0 quatre laiteries (Dental Bamtaar\u00e9 de Tar\u00e9dji (Podor), Teddungal Kossam et Fromagerie du Ferlo de Dahra Djolof (Lingu\u00e8re), Kaggu DIRFEL de Boulal (Lingu\u00e8re). Au total, ces quatre unit\u00e9s laiti\u00e8res ont re\u00e7u un appui de 5 millions de francs CFA couvrant les frais de transport, de restauration et d\u2019h\u00e9bergement, en plus de la location du stand et de deux r\u00e9frig\u00e9rateurs, la d\u00e9coration et l\u2019animation sur une dur\u00e9e de vingt jours (11 au 30 avril 2019). Cet appui r\u00e9pond aux pr\u00e9occupations du PRAPS, d\u00e9clin\u00e9es dans la composante 4 du projet, relative \u00e0 la facilitation de la mise en march\u00e9 des animaux et des produits d\u2019origine animale.<\/p>\n\n\n\n<p>Le stand du PRAPS \u00e0 la FIARA 2019 a \u00e9t\u00e9 l\u2019objet d\u2019une grande affluence. Parmi les visiteurs nous avons not\u00e9 M. Samba Ndiob\u00e8ne KA, le ministre de l\u2019Elevage et des Productions animales accompagn\u00e9 de son coll\u00e8gue de l\u2019Agriculture et de l\u2019Equipement rural. Durant son passage au stand du PRAPS, le ministre de tutelle a insist\u00e9 sur la n\u00e9cessit\u00e9 de mettre l\u2019accent sur une meilleure pr\u00e9sentation des produits expos\u00e9s et notamment sur l\u2019emballage et l\u2019\u00e9tiquetage. A cet effet, les laiteries devraient saisir le PRAPS pour les aider \u00e0 ma\u00eetriser le domaine n\u00e9vralgique du marketing des produits d\u2019origine animale et notamment, le lait, le fromage, le yaourt et le beurre.<\/p>\n\n\n\n<p>A l\u2019unanimit\u00e9, les 08 participants \u00e0 cette foire ont exprim\u00e9 leur satisfaction et leur reconnaissance au PRAPS pour son assistance et les facilitations mises \u00e0 leur disposition. Du point de vue des ventes tous les produits propos\u00e9s (lait frais, lait caill\u00e9, beurre de lait, fromage, yaourt, tiakry) ont \u00e9t\u00e9 enti\u00e8rement \u00e9coul\u00e9s. D\u2019autres produits de cueillette tels que des dattes du d\u00e9sert ou \u2018\u2019sump\u2019\u2019 (balanit\u00e8s) pr\u00e9sent\u00e9s sous forme d\u2019huile ou de fruits, des jujubes, etc.<\/p>\n\n\n\n<p>Et chaque laiterie a pu renouveler son stock au moins trois fois durant les trois semaines de mise en vente de leurs produits. Le fruit de ces ventes a d\u00e9pass\u00e9 les deux millions de francs CFA, selon les informations recueillies par les deux animatrices du PRAPS qui se sont relay\u00e9es sur place. Leur assistance a \u00e9t\u00e9 jug\u00e9e tr\u00e8s pr\u00e9cieuse par les trois hommes et cinq femmes qui ont repr\u00e9sent\u00e9 leurs structures. Bien plus important que le chiffre d\u2019affaires r\u00e9alis\u00e9es sur place, les laiteries ont pris beaucoup de contacts et nou\u00e9 des partenariats pour l\u2019\u00e9coulement de leurs produits \u00e0 Dakar.<\/p>\n\n\n\n<p>Le PRAPS Niger a \u00e9galement particip\u00e9 \u00e0 cette FIARA par l\u2019appui d\u2019\u00e9leveurs nig\u00e9riens venus vendre des ovins qui ont conquis les adeptes du mouton. L\u2019essentiel de ces belles b\u00eates ont \u00e9t\u00e9 vendues avant la fin de la foire. Un exemple \u00e0 m\u00e9diter par tous les PRAPS pays&nbsp;!<\/p>\n\n\n\n<figure class=\"wp-block-gallery columns-3 is-cropped wp-block-gallery-1 is-layout-flex wp-block-gallery-is-layout-flex\"><ul class=\"blocks-gallery-grid\"><li class=\"blocks-gallery-item\"><figure><img loading=\"lazy\" decoding=\"async\" width=\"811\" height=\"608\" src=\"https:\/\/praps.sn\/archives\/wp-content\/uploads\/2019\/09\/1.jpg\" alt=\"\" data-id=\"114\" data-link=\"https:\/\/praps.sn\/archives\/2019\/09\/19\/20e-edition-de-la-fiara-le-praps-senegal-appuie-quatre-laiteries\/attachment\/1\/\" class=\"wp-image-114\" srcset=\"https:\/\/praps.sn\/archives\/wp-content\/uploads\/2019\/09\/1.jpg 811w, https:\/\/praps.sn\/archives\/wp-content\/uploads\/2019\/09\/1-300x225.jpg 300w, https:\/\/praps.sn\/archives\/wp-content\/uploads\/2019\/09\/1-768x576.jpg 768w\" sizes=\"auto, (max-width: 811px) 100vw, 811px\" \/><\/figure><\/li><li class=\"blocks-gallery-item\"><figure><img loading=\"lazy\" decoding=\"async\" width=\"811\" height=\"608\" src=\"https:\/\/praps.sn\/archives\/wp-content\/uploads\/2019\/09\/2.jpg\" alt=\"\" data-id=\"115\" data-link=\"https:\/\/praps.sn\/archives\/2019\/09\/19\/20e-edition-de-la-fiara-le-praps-senegal-appuie-quatre-laiteries\/attachment\/2\/\" class=\"wp-image-115\" srcset=\"https:\/\/praps.sn\/archives\/wp-content\/uploads\/2019\/09\/2.jpg 811w, https:\/\/praps.sn\/archives\/wp-content\/uploads\/2019\/09\/2-300x225.jpg 300w, https:\/\/praps.sn\/archives\/wp-content\/uploads\/2019\/09\/2-768x576.jpg 768w\" sizes=\"auto, (max-width: 811px) 100vw, 811px\" \/><\/figure><\/li><li class=\"blocks-gallery-item\"><figure><img loading=\"lazy\" decoding=\"async\" width=\"811\" height=\"608\" src=\"https:\/\/praps.sn\/archives\/wp-content\/uploads\/2019\/09\/3.jpg\" alt=\"\" data-id=\"116\" data-link=\"https:\/\/praps.sn\/archives\/2019\/09\/19\/20e-edition-de-la-fiara-le-praps-senegal-appuie-quatre-laiteries\/attachment\/3\/\" class=\"wp-image-116\" srcset=\"https:\/\/praps.sn\/archives\/wp-content\/uploads\/2019\/09\/3.jpg 811w, https:\/\/praps.sn\/archives\/wp-content\/uploads\/2019\/09\/3-300x225.jpg 300w, https:\/\/praps.sn\/archives\/wp-content\/uploads\/2019\/09\/3-768x576.jpg 768w\" sizes=\"auto, (max-width: 811px) 100vw, 811px\" \/><\/figure><\/li><li class=\"blocks-gallery-item\"><figure><img loading=\"lazy\" decoding=\"async\" width=\"811\" height=\"608\" src=\"https:\/\/praps.sn\/archives\/wp-content\/uploads\/2019\/09\/4.jpg\" alt=\"\" data-id=\"117\" data-link=\"https:\/\/praps.sn\/archives\/2019\/09\/19\/20e-edition-de-la-fiara-le-praps-senegal-appuie-quatre-laiteries\/attachment\/4\/\" class=\"wp-image-117\" srcset=\"https:\/\/praps.sn\/archives\/wp-content\/uploads\/2019\/09\/4.jpg 811w, https:\/\/praps.sn\/archives\/wp-content\/uploads\/2019\/09\/4-300x225.jpg 300w, https:\/\/praps.sn\/archives\/wp-content\/uploads\/2019\/09\/4-768x576.jpg 768w\" sizes=\"auto, (max-width: 811px) 100vw, 811px\" \/><\/figure><\/li><li class=\"blocks-gallery-item\"><figure><img loading=\"lazy\" decoding=\"async\" width=\"811\" height=\"608\" src=\"https:\/\/praps.sn\/archives\/wp-content\/uploads\/2019\/09\/5.jpg\" alt=\"\" data-id=\"118\" data-link=\"https:\/\/praps.sn\/archives\/2019\/09\/19\/20e-edition-de-la-fiara-le-praps-senegal-appuie-quatre-laiteries\/attachment\/5\/\" class=\"wp-image-118\" srcset=\"https:\/\/praps.sn\/archives\/wp-content\/uploads\/2019\/09\/5.jpg 811w, https:\/\/praps.sn\/archives\/wp-content\/uploads\/2019\/09\/5-300x225.jpg 300w, https:\/\/praps.sn\/archives\/wp-content\/uploads\/2019\/09\/5-768x576.jpg 768w\" sizes=\"auto, (max-width: 811px) 100vw, 811px\" \/><\/figure><\/li><\/ul><\/figure>\n","protected":false},"excerpt":{"rendered":"<p>L\u2019\u00e9dition 2019 de la Foire internationale de l\u2019Agriculture et des Ressources animales (FIARA) a v\u00e9cu&nbsp;! Le Projet r\u00e9gional d\u2019appui au pastoralisme au Sahel (PRAPS)-S\u00e9n\u00e9gal a pris part \u00e0 cet \u00e9v\u00e9nement d\u2019une grande importance \u00e9conomique. La FIARA, organis\u00e9e par l\u2019ASPRODEB (Association s\u00e9n\u00e9galaise pour la promotion du d\u00e9veloppement par la base), est un cr\u00e9neau ouvert \u00e0 la &hellip;<\/p>\n","protected":false},"author":1,"featured_media":22,"comment_status":"closed","ping_status":"closed","sticky":false,"template":"","format":"standard","meta":{"_monsterinsights_skip_tracking":false,"_monsterinsights_sitenote_active":false,"_monsterinsights_sitenote_note":"","_monsterinsights_sitenote_category":0,"footnotes":""},"categories":[4,8],"tags":[],"class_list":["post-36","post","type-post","status-publish","format-standard","has-post-thumbnail","","category-a-la-une","category-gestion-des-crises-pastorales"],"yoast_head":"<!-- This site is optimized with the Yoast SEO plugin v22.7 - https:\/\/yoast.com\/wordpress\/plugins\/seo\/ -->\n<title>20\u00e8 \u00e9dition de la FIARA : le PRAPS S\u00e9n\u00e9gal appuie quatre laiteries - PRAPS 1 SENEGAL<\/title>\n<meta name=\"robots\" content=\"index, follow, max-snippet:-1, max-image-preview:large, max-video-preview:-1\" \/>\n<link rel=\"canonical\" href=\"https:\/\/praps.sn\/archives\/20e-edition-de-la-fiara-le-praps-senegal-appuie-quatre-laiteries\/\" \/>\n<meta property=\"og:locale\" content=\"fr_FR\" \/>\n<meta property=\"og:type\" content=\"article\" \/>\n<meta property=\"og:title\" content=\"20\u00e8 \u00e9dition de la FIARA : le PRAPS S\u00e9n\u00e9gal appuie quatre laiteries - PRAPS 1 SENEGAL\" \/>\n<meta property=\"og:description\" content=\"L\u2019\u00e9dition 2019 de la Foire internationale de l\u2019Agriculture et des Ressources animales (FIARA) a v\u00e9cu&nbsp;! Le Projet r\u00e9gional d\u2019appui au pastoralisme au Sahel (PRAPS)-S\u00e9n\u00e9gal a pris part \u00e0 cet \u00e9v\u00e9nement d\u2019une grande importance \u00e9conomique. La FIARA, organis\u00e9e par l\u2019ASPRODEB (Association s\u00e9n\u00e9galaise pour la promotion du d\u00e9veloppement par la base), est un cr\u00e9neau ouvert \u00e0 la &hellip;\" \/>\n<meta property=\"og:url\" content=\"https:\/\/praps.sn\/archives\/20e-edition-de-la-fiara-le-praps-senegal-appuie-quatre-laiteries\/\" \/>\n<meta property=\"og:site_name\" content=\"PRAPS 1 SENEGAL\" \/>\n<meta property=\"article:published_time\" content=\"2019-09-18T22:29:15+00:00\" \/>\n<meta property=\"article:modified_time\" content=\"2020-07-02T14:35:17+00:00\" \/>\n<meta property=\"og:image\" content=\"https:\/\/praps.sn\/archives\/wp-content\/uploads\/2019\/09\/542390225756f78888142d54f3d17e01_L.jpg\" \/>\n\t<meta property=\"og:image:width\" content=\"850\" \/>\n\t<meta property=\"og:image:height\" content=\"637\" \/>\n\t<meta property=\"og:image:type\" content=\"image\/jpeg\" \/>\n<meta name=\"author\" content=\"youssouphasarr\" \/>\n<meta name=\"twitter:card\" content=\"summary_large_image\" \/>\n<meta name=\"twitter:label1\" content=\"\u00c9crit par\" \/>\n\t<meta name=\"twitter:data1\" content=\"youssouphasarr\" \/>\n\t<meta name=\"twitter:label2\" content=\"Dur\u00e9e de lecture estim\u00e9e\" \/>\n\t<meta name=\"twitter:data2\" content=\"3 minutes\" \/>\n<script type=\"application\/ld+json\" class=\"yoast-schema-graph\">{\"@context\":\"https:\/\/schema.org\",\"@graph\":[{\"@type\":\"Article\",\"@id\":\"https:\/\/praps.sn\/archives\/20e-edition-de-la-fiara-le-praps-senegal-appuie-quatre-laiteries\/#article\",\"isPartOf\":{\"@id\":\"https:\/\/praps.sn\/archives\/20e-edition-de-la-fiara-le-praps-senegal-appuie-quatre-laiteries\/\"},\"author\":{\"name\":\"youssouphasarr\",\"@id\":\"https:\/\/praps.sn\/archives\/#\/schema\/person\/a674c1b3cc917deb3478bff3c0de730f\"},\"headline\":\"20\u00e8 \u00e9dition de la FIARA : le PRAPS S\u00e9n\u00e9gal appuie quatre laiteries\",\"datePublished\":\"2019-09-18T22:29:15+00:00\",\"dateModified\":\"2020-07-02T14:35:17+00:00\",\"mainEntityOfPage\":{\"@id\":\"https:\/\/praps.sn\/archives\/20e-edition-de-la-fiara-le-praps-senegal-appuie-quatre-laiteries\/\"},\"wordCount\":640,\"publisher\":{\"@id\":\"https:\/\/praps.sn\/archives\/#organization\"},\"image\":{\"@id\":\"https:\/\/praps.sn\/archives\/20e-edition-de-la-fiara-le-praps-senegal-appuie-quatre-laiteries\/#primaryimage\"},\"thumbnailUrl\":\"https:\/\/praps.sn\/archives\/wp-content\/uploads\/2019\/09\/542390225756f78888142d54f3d17e01_L.jpg\",\"articleSection\":[\"A la une\",\"Gestion des crises pastorales\"],\"inLanguage\":\"fr-FR\"},{\"@type\":\"WebPage\",\"@id\":\"https:\/\/praps.sn\/archives\/20e-edition-de-la-fiara-le-praps-senegal-appuie-quatre-laiteries\/\",\"url\":\"https:\/\/praps.sn\/archives\/20e-edition-de-la-fiara-le-praps-senegal-appuie-quatre-laiteries\/\",\"name\":\"20\u00e8 \u00e9dition de la FIARA : le PRAPS S\u00e9n\u00e9gal appuie quatre laiteries - PRAPS 1 SENEGAL\",\"isPartOf\":{\"@id\":\"https:\/\/praps.sn\/archives\/#website\"},\"primaryImageOfPage\":{\"@id\":\"https:\/\/praps.sn\/archives\/20e-edition-de-la-fiara-le-praps-senegal-appuie-quatre-laiteries\/#primaryimage\"},\"image\":{\"@id\":\"https:\/\/praps.sn\/archives\/20e-edition-de-la-fiara-le-praps-senegal-appuie-quatre-laiteries\/#primaryimage\"},\"thumbnailUrl\":\"https:\/\/praps.sn\/archives\/wp-content\/uploads\/2019\/09\/542390225756f78888142d54f3d17e01_L.jpg\",\"datePublished\":\"2019-09-18T22:29:15+00:00\",\"dateModified\":\"2020-07-02T14:35:17+00:00\",\"breadcrumb\":{\"@id\":\"https:\/\/praps.sn\/archives\/20e-edition-de-la-fiara-le-praps-senegal-appuie-quatre-laiteries\/#breadcrumb\"},\"inLanguage\":\"fr-FR\",\"potentialAction\":[{\"@type\":\"ReadAction\",\"target\":[\"https:\/\/praps.sn\/archives\/20e-edition-de-la-fiara-le-praps-senegal-appuie-quatre-laiteries\/\"]}]},{\"@type\":\"ImageObject\",\"inLanguage\":\"fr-FR\",\"@id\":\"https:\/\/praps.sn\/archives\/20e-edition-de-la-fiara-le-praps-senegal-appuie-quatre-laiteries\/#primaryimage\",\"url\":\"https:\/\/praps.sn\/archives\/wp-content\/uploads\/2019\/09\/542390225756f78888142d54f3d17e01_L.jpg\",\"contentUrl\":\"https:\/\/praps.sn\/archives\/wp-content\/uploads\/2019\/09\/542390225756f78888142d54f3d17e01_L.jpg\",\"width\":850,\"height\":637},{\"@type\":\"BreadcrumbList\",\"@id\":\"https:\/\/praps.sn\/archives\/20e-edition-de-la-fiara-le-praps-senegal-appuie-quatre-laiteries\/#breadcrumb\",\"itemListElement\":[{\"@type\":\"ListItem\",\"position\":1,\"name\":\"Home\",\"item\":\"https:\/\/praps.sn\/archives\/\"},{\"@type\":\"ListItem\",\"position\":2,\"name\":\"20\u00e8 \u00e9dition de la FIARA : le PRAPS S\u00e9n\u00e9gal appuie quatre laiteries\"}]},{\"@type\":\"WebSite\",\"@id\":\"https:\/\/praps.sn\/archives\/#website\",\"url\":\"https:\/\/praps.sn\/archives\/\",\"name\":\"PRAPS SENEGAL\",\"description\":\"Projet d&#039;Appui au Pastoralisme au Sahel-Phase 1\",\"publisher\":{\"@id\":\"https:\/\/praps.sn\/archives\/#organization\"},\"potentialAction\":[{\"@type\":\"SearchAction\",\"target\":{\"@type\":\"EntryPoint\",\"urlTemplate\":\"https:\/\/praps.sn\/archives\/?s={search_term_string}\"},\"query-input\":\"required name=search_term_string\"}],\"inLanguage\":\"fr-FR\"},{\"@type\":\"Organization\",\"@id\":\"https:\/\/praps.sn\/archives\/#organization\",\"name\":\"PRAPS S\u00e9n\u00e9gal\",\"url\":\"https:\/\/praps.sn\/archives\/\",\"logo\":{\"@type\":\"ImageObject\",\"inLanguage\":\"fr-FR\",\"@id\":\"https:\/\/praps.sn\/archives\/#\/schema\/logo\/image\/\",\"url\":\"https:\/\/praps.sn\/archives\/wp-content\/uploads\/2019\/09\/banniere_praps-1.png\",\"contentUrl\":\"https:\/\/praps.sn\/archives\/wp-content\/uploads\/2019\/09\/banniere_praps-1.png\",\"width\":159,\"height\":154,\"caption\":\"PRAPS S\u00e9n\u00e9gal\"},\"image\":{\"@id\":\"https:\/\/praps.sn\/archives\/#\/schema\/logo\/image\/\"}},{\"@type\":\"Person\",\"@id\":\"https:\/\/praps.sn\/archives\/#\/schema\/person\/a674c1b3cc917deb3478bff3c0de730f\",\"name\":\"youssouphasarr\"}]}<\/script>\n<!-- \/ Yoast SEO plugin. -->","yoast_head_json":{"title":"20\u00e8 \u00e9dition de la FIARA : le PRAPS S\u00e9n\u00e9gal appuie quatre laiteries - PRAPS 1 SENEGAL","robots":{"index":"index","follow":"follow","max-snippet":"max-snippet:-1","max-image-preview":"max-image-preview:large","max-video-preview":"max-video-preview:-1"},"canonical":"https:\/\/praps.sn\/archives\/20e-edition-de-la-fiara-le-praps-senegal-appuie-quatre-laiteries\/","og_locale":"fr_FR","og_type":"article","og_title":"20\u00e8 \u00e9dition de la FIARA : le PRAPS S\u00e9n\u00e9gal appuie quatre laiteries - PRAPS 1 SENEGAL","og_description":"L\u2019\u00e9dition 2019 de la Foire internationale de l\u2019Agriculture et des Ressources animales (FIARA) a v\u00e9cu&nbsp;! Le Projet r\u00e9gional d\u2019appui au pastoralisme au Sahel (PRAPS)-S\u00e9n\u00e9gal a pris part \u00e0 cet \u00e9v\u00e9nement d\u2019une grande importance \u00e9conomique. La FIARA, organis\u00e9e par l\u2019ASPRODEB (Association s\u00e9n\u00e9galaise pour la promotion du d\u00e9veloppement par la base), est un cr\u00e9neau ouvert \u00e0 la &hellip;","og_url":"https:\/\/praps.sn\/archives\/20e-edition-de-la-fiara-le-praps-senegal-appuie-quatre-laiteries\/","og_site_name":"PRAPS 1 SENEGAL","article_published_time":"2019-09-18T22:29:15+00:00","article_modified_time":"2020-07-02T14:35:17+00:00","og_image":[{"width":850,"height":637,"url":"https:\/\/praps.sn\/archives\/wp-content\/uploads\/2019\/09\/542390225756f78888142d54f3d17e01_L.jpg","type":"image\/jpeg"}],"author":"youssouphasarr","twitter_card":"summary_large_image","twitter_misc":{"\u00c9crit par":"youssouphasarr","Dur\u00e9e de lecture estim\u00e9e":"3 minutes"},"schema":{"@context":"https:\/\/schema.org","@graph":[{"@type":"Article","@id":"https:\/\/praps.sn\/archives\/20e-edition-de-la-fiara-le-praps-senegal-appuie-quatre-laiteries\/#article","isPartOf":{"@id":"https:\/\/praps.sn\/archives\/20e-edition-de-la-fiara-le-praps-senegal-appuie-quatre-laiteries\/"},"author":{"name":"youssouphasarr","@id":"https:\/\/praps.sn\/archives\/#\/schema\/person\/a674c1b3cc917deb3478bff3c0de730f"},"headline":"20\u00e8 \u00e9dition de la FIARA : le PRAPS S\u00e9n\u00e9gal appuie quatre laiteries","datePublished":"2019-09-18T22:29:15+00:00","dateModified":"2020-07-02T14:35:17+00:00","mainEntityOfPage":{"@id":"https:\/\/praps.sn\/archives\/20e-edition-de-la-fiara-le-praps-senegal-appuie-quatre-laiteries\/"},"wordCount":640,"publisher":{"@id":"https:\/\/praps.sn\/archives\/#organization"},"image":{"@id":"https:\/\/praps.sn\/archives\/20e-edition-de-la-fiara-le-praps-senegal-appuie-quatre-laiteries\/#primaryimage"},"thumbnailUrl":"https:\/\/praps.sn\/archives\/wp-content\/uploads\/2019\/09\/542390225756f78888142d54f3d17e01_L.jpg","articleSection":["A la une","Gestion des crises pastorales"],"inLanguage":"fr-FR"},{"@type":"WebPage","@id":"https:\/\/praps.sn\/archives\/20e-edition-de-la-fiara-le-praps-senegal-appuie-quatre-laiteries\/","url":"https:\/\/praps.sn\/archives\/20e-edition-de-la-fiara-le-praps-senegal-appuie-quatre-laiteries\/","name":"20\u00e8 \u00e9dition de la FIARA : le PRAPS S\u00e9n\u00e9gal appuie quatre laiteries - PRAPS 1 SENEGAL","isPartOf":{"@id":"https:\/\/praps.sn\/archives\/#website"},"primaryImageOfPage":{"@id":"https:\/\/praps.sn\/archives\/20e-edition-de-la-fiara-le-praps-senegal-appuie-quatre-laiteries\/#primaryimage"},"image":{"@id":"https:\/\/praps.sn\/archives\/20e-edition-de-la-fiara-le-praps-senegal-appuie-quatre-laiteries\/#primaryimage"},"thumbnailUrl":"https:\/\/praps.sn\/archives\/wp-content\/uploads\/2019\/09\/542390225756f78888142d54f3d17e01_L.jpg","datePublished":"2019-09-18T22:29:15+00:00","dateModified":"2020-07-02T14:35:17+00:00","breadcrumb":{"@id":"https:\/\/praps.sn\/archives\/20e-edition-de-la-fiara-le-praps-senegal-appuie-quatre-laiteries\/#breadcrumb"},"inLanguage":"fr-FR","potentialAction":[{"@type":"ReadAction","target":["https:\/\/praps.sn\/archives\/20e-edition-de-la-fiara-le-praps-senegal-appuie-quatre-laiteries\/"]}]},{"@type":"ImageObject","inLanguage":"fr-FR","@id":"https:\/\/praps.sn\/archives\/20e-edition-de-la-fiara-le-praps-senegal-appuie-quatre-laiteries\/#primaryimage","url":"https:\/\/praps.sn\/archives\/wp-content\/uploads\/2019\/09\/542390225756f78888142d54f3d17e01_L.jpg","contentUrl":"https:\/\/praps.sn\/archives\/wp-content\/uploads\/2019\/09\/542390225756f78888142d54f3d17e01_L.jpg","width":850,"height":637},{"@type":"BreadcrumbList","@id":"https:\/\/praps.sn\/archives\/20e-edition-de-la-fiara-le-praps-senegal-appuie-quatre-laiteries\/#breadcrumb","itemListElement":[{"@type":"ListItem","position":1,"name":"Home","item":"https:\/\/praps.sn\/archives\/"},{"@type":"ListItem","position":2,"name":"20\u00e8 \u00e9dition de la FIARA : le PRAPS S\u00e9n\u00e9gal appuie quatre laiteries"}]},{"@type":"WebSite","@id":"https:\/\/praps.sn\/archives\/#website","url":"https:\/\/praps.sn\/archives\/","name":"PRAPS SENEGAL","description":"Projet d&#039;Appui au Pastoralisme au Sahel-Phase 1","publisher":{"@id":"https:\/\/praps.sn\/archives\/#organization"},"potentialAction":[{"@type":"SearchAction","target":{"@type":"EntryPoint","urlTemplate":"https:\/\/praps.sn\/archives\/?s={search_term_string}"},"query-input":"required name=search_term_string"}],"inLanguage":"fr-FR"},{"@type":"Organization","@id":"https:\/\/praps.sn\/archives\/#organization","name":"PRAPS S\u00e9n\u00e9gal","url":"https:\/\/praps.sn\/archives\/","logo":{"@type":"ImageObject","inLanguage":"fr-FR","@id":"https:\/\/praps.sn\/archives\/#\/schema\/logo\/image\/","url":"https:\/\/praps.sn\/archives\/wp-content\/uploads\/2019\/09\/banniere_praps-1.png","contentUrl":"https:\/\/praps.sn\/archives\/wp-content\/uploads\/2019\/09\/banniere_praps-1.png","width":159,"height":154,"caption":"PRAPS S\u00e9n\u00e9gal"},"image":{"@id":"https:\/\/praps.sn\/archives\/#\/schema\/logo\/image\/"}},{"@type":"Person","@id":"https:\/\/praps.sn\/archives\/#\/schema\/person\/a674c1b3cc917deb3478bff3c0de730f","name":"youssouphasarr"}]}},"_links":{"self":[{"href":"https:\/\/praps.sn\/archives\/wp-json\/wp\/v2\/posts\/36","targetHints":{"allow":["GET"]}}],"collection":[{"href":"https:\/\/praps.sn\/archives\/wp-json\/wp\/v2\/posts"}],"about":[{"href":"https:\/\/praps.sn\/archives\/wp-json\/wp\/v2\/types\/post"}],"author":[{"embeddable":true,"href":"https:\/\/praps.sn\/archives\/wp-json\/wp\/v2\/users\/1"}],"replies":[{"embeddable":true,"href":"https:\/\/praps.sn\/archives\/wp-json\/wp\/v2\/comments?post=36"}],"version-history":[{"count":3,"href":"https:\/\/praps.sn\/archives\/wp-json\/wp\/v2\/posts\/36\/revisions"}],"predecessor-version":[{"id":234,"href":"https:\/\/praps.sn\/archives\/wp-json\/wp\/v2\/posts\/36\/revisions\/234"}],"wp:featuredmedia":[{"embeddable":true,"href":"https:\/\/praps.sn\/archives\/wp-json\/wp\/v2\/media\/22"}],"wp:attachment":[{"href":"https:\/\/praps.sn\/archives\/wp-json\/wp\/v2\/media?parent=36"}],"wp:term":[{"taxonomy":"category","embeddable":true,"href":"https:\/\/praps.sn\/archives\/wp-json\/wp\/v2\/categories?post=36"},{"taxonomy":"post_tag","embeddable":true,"href":"https:\/\/praps.sn\/archives\/wp-json\/wp\/v2\/tags?post=36"}],"curies":[{"name":"wp","href":"https:\/\/api.w.org\/{rel}","templated":true}]}}