{"id":334,"date":"2021-02-05T19:40:38","date_gmt":"2021-02-05T18:40:38","guid":{"rendered":"https:\/\/praps.sn\/archives\/?p=334"},"modified":"2021-02-05T19:48:04","modified_gmt":"2021-02-05T18:48:04","slug":"plans-dactions-de-reinstallation-par","status":"publish","type":"post","link":"https:\/\/praps.sn\/archives\/plans-dactions-de-reinstallation-par\/","title":{"rendered":"Plans d\u2019actions de r\u00e9installation (PAR)"},"content":{"rendered":"\n<p>Pour la r\u00e9alisation des trois couloirs de transhumance (328km) pr\u00e9vus par le PRAPS S\u00e9n\u00e9gal au niveau des d\u00e9partements de Koungheul (r\u00e9gion de Kaffrine) et de Koumpentoum (r\u00e9gion de Tambacounda), trois Plans d\u2019actions de r\u00e9installation (PAR) ont \u00e9t\u00e9 \u00e9labor\u00e9s comme recommand\u00e9 par le Cadre de Politique de R\u00e9installation (CPR) de la Banque mondiale. \u00a0Ces PAR permettent la mise en place de m\u00e9canismes de minimisation des impacts sociaux n\u00e9gatifs et de compensation des pertes subies pour la restauration des moyens de subsistance des Personnes Affect\u00e9es par le Projet (PAP). Au total 423 PAP sont recens\u00e9es dont 108 jug\u00e9es vuln\u00e9rables sur la base de crit\u00e8res d\u00e9taill\u00e9s dans chaque PAR. Ainsi, sur la base des recommandations issues des consultations avec l\u2019ensemble des parties prenantes, les personnes affect\u00e9es (essentiellement agriculteurs) ont choisi l\u2019option de la compensation en nature, parmi tant d\u2019autres. Cette compensation se fait sous forme de mat\u00e9riel agricole et de semences am\u00e9lior\u00e9es. Les personnes vuln\u00e9rables re\u00e7oivent de l\u2019engrais, en plus du mat\u00e9riel agricole et des semences.<\/p>\n\n\n\n<div class=\"wp-block-file\"><a href=\"https:\/\/praps.sn\/archives\/wp-content\/uploads\/2021\/02\/Axe1_Rapport-final-actualisei_Payar-Kayene_valideBM.pdf\">Axe1_Rapport-final Payar-Kayene <\/a><a href=\"https:\/\/praps.sn\/archives\/wp-content\/uploads\/2021\/02\/Axe1_Rapport-final-actualisei_Payar-Kayene_valideBM.pdf\" class=\"wp-block-file__button\" download>T\u00e9l\u00e9charger<\/a><\/div>\n\n\n\n<div class=\"wp-block-file\"><a href=\"https:\/\/praps.sn\/archives\/wp-content\/uploads\/2021\/02\/Axe2_Rapport-final-actualisei__-Touba-Alia-Missira-Wadenne_valideBM.pdf\">Axe2_Rapport-final Touba-Alia-Missira-Wadenne<\/a><a href=\"https:\/\/praps.sn\/archives\/wp-content\/uploads\/2021\/02\/Axe2_Rapport-final-actualisei__-Touba-Alia-Missira-Wadenne_valideBM.pdf\" class=\"wp-block-file__button\" download>T\u00e9l\u00e9charger<\/a><\/div>\n\n\n\n<div class=\"wp-block-file\"><a href=\"https:\/\/praps.sn\/archives\/wp-content\/uploads\/2021\/02\/Axe3_Rapport_Rapport-final-actualisei_MK-LG_valideBM.pdf\">Axe3_Rapport-final MK-LG<\/a><a href=\"https:\/\/praps.sn\/archives\/wp-content\/uploads\/2021\/02\/Axe3_Rapport_Rapport-final-actualisei_MK-LG_valideBM.pdf\" class=\"wp-block-file__button\" download>T\u00e9l\u00e9charger<\/a><\/div>\n\n\n\n<p><\/p>\n","protected":false},"excerpt":{"rendered":"<p>Pour la r\u00e9alisation des trois couloirs de transhumance (328km) pr\u00e9vus par le PRAPS S\u00e9n\u00e9gal au niveau des d\u00e9partements de Koungheul (r\u00e9gion de Kaffrine) et de Koumpentoum (r\u00e9gion de Tambacounda), trois Plans d\u2019actions de r\u00e9installation (PAR) ont \u00e9t\u00e9 \u00e9labor\u00e9s comme recommand\u00e9 par le Cadre de Politique de R\u00e9installation (CPR) de la Banque mondiale. \u00a0Ces PAR permettent &hellip;<\/p>\n","protected":false},"author":4,"featured_media":340,"comment_status":"closed","ping_status":"closed","sticky":false,"template":"","format":"standard","meta":{"_monsterinsights_skip_tracking":false,"_monsterinsights_sitenote_active":false,"_monsterinsights_sitenote_note":"","_monsterinsights_sitenote_category":0,"footnotes":""},"categories":[4,14],"tags":[],"class_list":["post-334","post","type-post","status-publish","format-standard","has-post-thumbnail","","category-a-la-une","category-documentation"],"yoast_head":"<!-- This site is optimized with the Yoast SEO plugin v22.7 - https:\/\/yoast.com\/wordpress\/plugins\/seo\/ -->\n<title>Plans d\u2019actions de r\u00e9installation (PAR) - PRAPS 1 SENEGAL<\/title>\n<meta name=\"robots\" content=\"index, follow, max-snippet:-1, max-image-preview:large, max-video-preview:-1\" \/>\n<link rel=\"canonical\" href=\"https:\/\/praps.sn\/archives\/plans-dactions-de-reinstallation-par\/\" \/>\n<meta property=\"og:locale\" content=\"fr_FR\" \/>\n<meta property=\"og:type\" content=\"article\" \/>\n<meta property=\"og:title\" content=\"Plans d\u2019actions de r\u00e9installation (PAR) - PRAPS 1 SENEGAL\" \/>\n<meta property=\"og:description\" content=\"Pour la r\u00e9alisation des trois couloirs de transhumance (328km) pr\u00e9vus par le PRAPS S\u00e9n\u00e9gal au niveau des d\u00e9partements de Koungheul (r\u00e9gion de Kaffrine) et de Koumpentoum (r\u00e9gion de Tambacounda), trois Plans d\u2019actions de r\u00e9installation (PAR) ont \u00e9t\u00e9 \u00e9labor\u00e9s comme recommand\u00e9 par le Cadre de Politique de R\u00e9installation (CPR) de la Banque mondiale. \u00a0Ces PAR permettent &hellip;\" \/>\n<meta property=\"og:url\" content=\"https:\/\/praps.sn\/archives\/plans-dactions-de-reinstallation-par\/\" \/>\n<meta property=\"og:site_name\" content=\"PRAPS 1 SENEGAL\" \/>\n<meta property=\"article:published_time\" content=\"2021-02-05T18:40:38+00:00\" \/>\n<meta property=\"article:modified_time\" content=\"2021-02-05T18:48:04+00:00\" \/>\n<meta property=\"og:image\" content=\"https:\/\/praps.sn\/archives\/wp-content\/uploads\/2021\/02\/PAR.png\" \/>\n\t<meta property=\"og:image:width\" content=\"1772\" \/>\n\t<meta property=\"og:image:height\" content=\"945\" \/>\n\t<meta property=\"og:image:type\" content=\"image\/png\" \/>\n<meta name=\"author\" content=\"Pape NDIAYE\" \/>\n<meta name=\"twitter:card\" content=\"summary_large_image\" \/>\n<meta name=\"twitter:label1\" content=\"\u00c9crit par\" \/>\n\t<meta name=\"twitter:data1\" content=\"Pape NDIAYE\" \/>\n\t<meta name=\"twitter:label2\" content=\"Dur\u00e9e de lecture estim\u00e9e\" \/>\n\t<meta name=\"twitter:data2\" content=\"1 minute\" \/>\n<script type=\"application\/ld+json\" class=\"yoast-schema-graph\">{\"@context\":\"https:\/\/schema.org\",\"@graph\":[{\"@type\":\"Article\",\"@id\":\"https:\/\/praps.sn\/archives\/plans-dactions-de-reinstallation-par\/#article\",\"isPartOf\":{\"@id\":\"https:\/\/praps.sn\/archives\/plans-dactions-de-reinstallation-par\/\"},\"author\":{\"name\":\"Pape NDIAYE\",\"@id\":\"https:\/\/praps.sn\/archives\/#\/schema\/person\/31c9d59c1fbaf4328ed87af12eafe397\"},\"headline\":\"Plans d\u2019actions de r\u00e9installation (PAR)\",\"datePublished\":\"2021-02-05T18:40:38+00:00\",\"dateModified\":\"2021-02-05T18:48:04+00:00\",\"mainEntityOfPage\":{\"@id\":\"https:\/\/praps.sn\/archives\/plans-dactions-de-reinstallation-par\/\"},\"wordCount\":217,\"publisher\":{\"@id\":\"https:\/\/praps.sn\/archives\/#organization\"},\"image\":{\"@id\":\"https:\/\/praps.sn\/archives\/plans-dactions-de-reinstallation-par\/#primaryimage\"},\"thumbnailUrl\":\"https:\/\/praps.sn\/archives\/wp-content\/uploads\/2021\/02\/PAR.png\",\"articleSection\":[\"A la une\",\"Documentation\"],\"inLanguage\":\"fr-FR\"},{\"@type\":\"WebPage\",\"@id\":\"https:\/\/praps.sn\/archives\/plans-dactions-de-reinstallation-par\/\",\"url\":\"https:\/\/praps.sn\/archives\/plans-dactions-de-reinstallation-par\/\",\"name\":\"Plans d\u2019actions de r\u00e9installation (PAR) - PRAPS 1 SENEGAL\",\"isPartOf\":{\"@id\":\"https:\/\/praps.sn\/archives\/#website\"},\"primaryImageOfPage\":{\"@id\":\"https:\/\/praps.sn\/archives\/plans-dactions-de-reinstallation-par\/#primaryimage\"},\"image\":{\"@id\":\"https:\/\/praps.sn\/archives\/plans-dactions-de-reinstallation-par\/#primaryimage\"},\"thumbnailUrl\":\"https:\/\/praps.sn\/archives\/wp-content\/uploads\/2021\/02\/PAR.png\",\"datePublished\":\"2021-02-05T18:40:38+00:00\",\"dateModified\":\"2021-02-05T18:48:04+00:00\",\"breadcrumb\":{\"@id\":\"https:\/\/praps.sn\/archives\/plans-dactions-de-reinstallation-par\/#breadcrumb\"},\"inLanguage\":\"fr-FR\",\"potentialAction\":[{\"@type\":\"ReadAction\",\"target\":[\"https:\/\/praps.sn\/archives\/plans-dactions-de-reinstallation-par\/\"]}]},{\"@type\":\"ImageObject\",\"inLanguage\":\"fr-FR\",\"@id\":\"https:\/\/praps.sn\/archives\/plans-dactions-de-reinstallation-par\/#primaryimage\",\"url\":\"https:\/\/praps.sn\/archives\/wp-content\/uploads\/2021\/02\/PAR.png\",\"contentUrl\":\"https:\/\/praps.sn\/archives\/wp-content\/uploads\/2021\/02\/PAR.png\",\"width\":1772,\"height\":945},{\"@type\":\"BreadcrumbList\",\"@id\":\"https:\/\/praps.sn\/archives\/plans-dactions-de-reinstallation-par\/#breadcrumb\",\"itemListElement\":[{\"@type\":\"ListItem\",\"position\":1,\"name\":\"Home\",\"item\":\"https:\/\/praps.sn\/archives\/\"},{\"@type\":\"ListItem\",\"position\":2,\"name\":\"Plans d\u2019actions de r\u00e9installation (PAR)\"}]},{\"@type\":\"WebSite\",\"@id\":\"https:\/\/praps.sn\/archives\/#website\",\"url\":\"https:\/\/praps.sn\/archives\/\",\"name\":\"PRAPS SENEGAL\",\"description\":\"Projet d&#039;Appui au Pastoralisme au Sahel-Phase 1\",\"publisher\":{\"@id\":\"https:\/\/praps.sn\/archives\/#organization\"},\"potentialAction\":[{\"@type\":\"SearchAction\",\"target\":{\"@type\":\"EntryPoint\",\"urlTemplate\":\"https:\/\/praps.sn\/archives\/?s={search_term_string}\"},\"query-input\":\"required name=search_term_string\"}],\"inLanguage\":\"fr-FR\"},{\"@type\":\"Organization\",\"@id\":\"https:\/\/praps.sn\/archives\/#organization\",\"name\":\"PRAPS S\u00e9n\u00e9gal\",\"url\":\"https:\/\/praps.sn\/archives\/\",\"logo\":{\"@type\":\"ImageObject\",\"inLanguage\":\"fr-FR\",\"@id\":\"https:\/\/praps.sn\/archives\/#\/schema\/logo\/image\/\",\"url\":\"https:\/\/praps.sn\/archives\/wp-content\/uploads\/2019\/09\/banniere_praps-1.png\",\"contentUrl\":\"https:\/\/praps.sn\/archives\/wp-content\/uploads\/2019\/09\/banniere_praps-1.png\",\"width\":159,\"height\":154,\"caption\":\"PRAPS S\u00e9n\u00e9gal\"},\"image\":{\"@id\":\"https:\/\/praps.sn\/archives\/#\/schema\/logo\/image\/\"}},{\"@type\":\"Person\",\"@id\":\"https:\/\/praps.sn\/archives\/#\/schema\/person\/31c9d59c1fbaf4328ed87af12eafe397\",\"name\":\"Pape NDIAYE\"}]}<\/script>\n<!-- \/ Yoast SEO plugin. -->","yoast_head_json":{"title":"Plans d\u2019actions de r\u00e9installation (PAR) - PRAPS 1 SENEGAL","robots":{"index":"index","follow":"follow","max-snippet":"max-snippet:-1","max-image-preview":"max-image-preview:large","max-video-preview":"max-video-preview:-1"},"canonical":"https:\/\/praps.sn\/archives\/plans-dactions-de-reinstallation-par\/","og_locale":"fr_FR","og_type":"article","og_title":"Plans d\u2019actions de r\u00e9installation (PAR) - PRAPS 1 SENEGAL","og_description":"Pour la r\u00e9alisation des trois couloirs de transhumance (328km) pr\u00e9vus par le PRAPS S\u00e9n\u00e9gal au niveau des d\u00e9partements de Koungheul (r\u00e9gion de Kaffrine) et de Koumpentoum (r\u00e9gion de Tambacounda), trois Plans d\u2019actions de r\u00e9installation (PAR) ont \u00e9t\u00e9 \u00e9labor\u00e9s comme recommand\u00e9 par le Cadre de Politique de R\u00e9installation (CPR) de la Banque mondiale. \u00a0Ces PAR permettent &hellip;","og_url":"https:\/\/praps.sn\/archives\/plans-dactions-de-reinstallation-par\/","og_site_name":"PRAPS 1 SENEGAL","article_published_time":"2021-02-05T18:40:38+00:00","article_modified_time":"2021-02-05T18:48:04+00:00","og_image":[{"width":1772,"height":945,"url":"https:\/\/praps.sn\/archives\/wp-content\/uploads\/2021\/02\/PAR.png","type":"image\/png"}],"author":"Pape NDIAYE","twitter_card":"summary_large_image","twitter_misc":{"\u00c9crit par":"Pape NDIAYE","Dur\u00e9e de lecture estim\u00e9e":"1 minute"},"schema":{"@context":"https:\/\/schema.org","@graph":[{"@type":"Article","@id":"https:\/\/praps.sn\/archives\/plans-dactions-de-reinstallation-par\/#article","isPartOf":{"@id":"https:\/\/praps.sn\/archives\/plans-dactions-de-reinstallation-par\/"},"author":{"name":"Pape NDIAYE","@id":"https:\/\/praps.sn\/archives\/#\/schema\/person\/31c9d59c1fbaf4328ed87af12eafe397"},"headline":"Plans d\u2019actions de r\u00e9installation (PAR)","datePublished":"2021-02-05T18:40:38+00:00","dateModified":"2021-02-05T18:48:04+00:00","mainEntityOfPage":{"@id":"https:\/\/praps.sn\/archives\/plans-dactions-de-reinstallation-par\/"},"wordCount":217,"publisher":{"@id":"https:\/\/praps.sn\/archives\/#organization"},"image":{"@id":"https:\/\/praps.sn\/archives\/plans-dactions-de-reinstallation-par\/#primaryimage"},"thumbnailUrl":"https:\/\/praps.sn\/archives\/wp-content\/uploads\/2021\/02\/PAR.png","articleSection":["A la une","Documentation"],"inLanguage":"fr-FR"},{"@type":"WebPage","@id":"https:\/\/praps.sn\/archives\/plans-dactions-de-reinstallation-par\/","url":"https:\/\/praps.sn\/archives\/plans-dactions-de-reinstallation-par\/","name":"Plans d\u2019actions de r\u00e9installation (PAR) - PRAPS 1 SENEGAL","isPartOf":{"@id":"https:\/\/praps.sn\/archives\/#website"},"primaryImageOfPage":{"@id":"https:\/\/praps.sn\/archives\/plans-dactions-de-reinstallation-par\/#primaryimage"},"image":{"@id":"https:\/\/praps.sn\/archives\/plans-dactions-de-reinstallation-par\/#primaryimage"},"thumbnailUrl":"https:\/\/praps.sn\/archives\/wp-content\/uploads\/2021\/02\/PAR.png","datePublished":"2021-02-05T18:40:38+00:00","dateModified":"2021-02-05T18:48:04+00:00","breadcrumb":{"@id":"https:\/\/praps.sn\/archives\/plans-dactions-de-reinstallation-par\/#breadcrumb"},"inLanguage":"fr-FR","potentialAction":[{"@type":"ReadAction","target":["https:\/\/praps.sn\/archives\/plans-dactions-de-reinstallation-par\/"]}]},{"@type":"ImageObject","inLanguage":"fr-FR","@id":"https:\/\/praps.sn\/archives\/plans-dactions-de-reinstallation-par\/#primaryimage","url":"https:\/\/praps.sn\/archives\/wp-content\/uploads\/2021\/02\/PAR.png","contentUrl":"https:\/\/praps.sn\/archives\/wp-content\/uploads\/2021\/02\/PAR.png","width":1772,"height":945},{"@type":"BreadcrumbList","@id":"https:\/\/praps.sn\/archives\/plans-dactions-de-reinstallation-par\/#breadcrumb","itemListElement":[{"@type":"ListItem","position":1,"name":"Home","item":"https:\/\/praps.sn\/archives\/"},{"@type":"ListItem","position":2,"name":"Plans d\u2019actions de r\u00e9installation (PAR)"}]},{"@type":"WebSite","@id":"https:\/\/praps.sn\/archives\/#website","url":"https:\/\/praps.sn\/archives\/","name":"PRAPS SENEGAL","description":"Projet d&#039;Appui au Pastoralisme au Sahel-Phase 1","publisher":{"@id":"https:\/\/praps.sn\/archives\/#organization"},"potentialAction":[{"@type":"SearchAction","target":{"@type":"EntryPoint","urlTemplate":"https:\/\/praps.sn\/archives\/?s={search_term_string}"},"query-input":"required name=search_term_string"}],"inLanguage":"fr-FR"},{"@type":"Organization","@id":"https:\/\/praps.sn\/archives\/#organization","name":"PRAPS S\u00e9n\u00e9gal","url":"https:\/\/praps.sn\/archives\/","logo":{"@type":"ImageObject","inLanguage":"fr-FR","@id":"https:\/\/praps.sn\/archives\/#\/schema\/logo\/image\/","url":"https:\/\/praps.sn\/archives\/wp-content\/uploads\/2019\/09\/banniere_praps-1.png","contentUrl":"https:\/\/praps.sn\/archives\/wp-content\/uploads\/2019\/09\/banniere_praps-1.png","width":159,"height":154,"caption":"PRAPS S\u00e9n\u00e9gal"},"image":{"@id":"https:\/\/praps.sn\/archives\/#\/schema\/logo\/image\/"}},{"@type":"Person","@id":"https:\/\/praps.sn\/archives\/#\/schema\/person\/31c9d59c1fbaf4328ed87af12eafe397","name":"Pape NDIAYE"}]}},"_links":{"self":[{"href":"https:\/\/praps.sn\/archives\/wp-json\/wp\/v2\/posts\/334","targetHints":{"allow":["GET"]}}],"collection":[{"href":"https:\/\/praps.sn\/archives\/wp-json\/wp\/v2\/posts"}],"about":[{"href":"https:\/\/praps.sn\/archives\/wp-json\/wp\/v2\/types\/post"}],"author":[{"embeddable":true,"href":"https:\/\/praps.sn\/archives\/wp-json\/wp\/v2\/users\/4"}],"replies":[{"embeddable":true,"href":"https:\/\/praps.sn\/archives\/wp-json\/wp\/v2\/comments?post=334"}],"version-history":[{"count":2,"href":"https:\/\/praps.sn\/archives\/wp-json\/wp\/v2\/posts\/334\/revisions"}],"predecessor-version":[{"id":339,"href":"https:\/\/praps.sn\/archives\/wp-json\/wp\/v2\/posts\/334\/revisions\/339"}],"wp:featuredmedia":[{"embeddable":true,"href":"https:\/\/praps.sn\/archives\/wp-json\/wp\/v2\/media\/340"}],"wp:attachment":[{"href":"https:\/\/praps.sn\/archives\/wp-json\/wp\/v2\/media?parent=334"}],"wp:term":[{"taxonomy":"category","embeddable":true,"href":"https:\/\/praps.sn\/archives\/wp-json\/wp\/v2\/categories?post=334"},{"taxonomy":"post_tag","embeddable":true,"href":"https:\/\/praps.sn\/archives\/wp-json\/wp\/v2\/tags?post=334"}],"curies":[{"name":"wp","href":"https:\/\/api.w.org\/{rel}","templated":true}]}}