{"id":33,"date":"2019-09-19T00:28:24","date_gmt":"2019-09-18T22:28:24","guid":{"rendered":"https:\/\/praps.sn\/archives\/?p=33"},"modified":"2020-09-13T22:44:16","modified_gmt":"2020-09-13T21:44:16","slug":"atelier-de-planification-pluriannuelle-du-pdeps","status":"publish","type":"post","link":"https:\/\/praps.sn\/archives\/atelier-de-planification-pluriannuelle-du-pdeps\/","title":{"rendered":"Atelier de planification pluriannuelle du PDEPS"},"content":{"rendered":"\n<p>L\u2019h\u00f4tel Club \u00ab&nbsp;Les Filaos&nbsp;\u00bb de Saly Portudal a abrit\u00e9 les 2 et 3 mai 2019 l\u2019atelier de planification pluriannuelle du Programme de d\u00e9veloppement durable des exploitations pastorales au Sahel (PDEPS). Cet exercice qui a r\u00e9uni l\u2019Unit\u00e9 de Coordination du Programme, les Chefs d\u2019Antenne en poste et diff\u00e9rents partenaires, avait pour objectif de d\u00e9cliner les pr\u00e9visions budg\u00e9taires en fonction des activit\u00e9s pr\u00e9vues d\u2019ici la fin du programme.<\/p>\n\n\n\n<p>L&rsquo;objectif global du PDEPS est de contribuer \u00e0 l&rsquo;am\u00e9lioration de la production animale afin d&rsquo;accro\u00eetre les revenus et r\u00e9duire l&rsquo;ins\u00e9curit\u00e9 alimentaire dans la r\u00e9gion du Sahel, gr\u00e2ce \u00e0 une meilleure gestion des ressources naturelles, \u00e0 l&rsquo;acc\u00e8s aux march\u00e9s et \u00e0 un contr\u00f4le accru des maladies transfronti\u00e8res du b\u00e9tail. Il est financ\u00e9 par la Banque islamique de d\u00e9veloppement \u00e0 travers le Fonds \u00ab&nbsp;Life and Livelihoods&nbsp;\u00bb pour un montant d\u2019environ 18 milliards de F CFA (30,79 US dollars am\u00e9ricains) avec une contrepartie de 3 milliards de F CFA de l\u2019Etat du S\u00e9n\u00e9gal pour une dur\u00e9e de cinq ans (2018-2023).<\/p>\n\n\n\n<p>Le Programme va couvrir 14 d\u00e9partements situ\u00e9s dans cinq r\u00e9gions&nbsp;: Louga (Lingu\u00e8re)&nbsp;; Matam (Matam, Kanel et Ran\u00e9rou)&nbsp;; Tambacounda (Tambacounda, Bakel et Goudiry)&nbsp;; Kaffrine (Kaffrine, Koungheul, Mal\u00e8me Hodar et Birkelane)&nbsp;; Saint-Louis (Dagana et Podor). En plus des deux antennes du PRAPS situ\u00e9es \u00e0 Ndioum et \u00e0 Koungheul, une nouvelle antenne est pr\u00e9vue \u00e0 Tambacounda, dans les anciens locaux du PDESOC, autre projet arriv\u00e9 \u00e0 terme sur financement de la BID.<\/p>\n\n\n\n<p>Le PDEPS comprend quatre composantes&nbsp;: D\u00e9veloppement des infrastructures pastorales et gestion des ressources naturelles (11&nbsp;970&nbsp;690 millions US dollars)&nbsp;;&nbsp;Am\u00e9lioration des cha\u00eenes de valeur lait et petits ruminants (10&nbsp;701&nbsp;724 millions US dollars)&nbsp;; Appui au renforcement des capacit\u00e9s institutionnelles et organisationnelles (3&nbsp;027&nbsp;586 millions US dollars)&nbsp;; Gestion et Coordination du programme (5&nbsp;085&nbsp;172 millions US dollars).<\/p>\n\n\n\n<p>Parmi les activit\u00e9s \u00e0 r\u00e9aliser, on peut noter&nbsp;la mise en place de 30 unit\u00e9s pastorales, la s\u00e9curisation de 300 km de couloirs de transhumance, l\u2019am\u00e9lioration des ressources fourrag\u00e8res (enrichissement, cultures et constitution de r\u00e9serves fourrag\u00e8res), mise en place de 1000 ha de mises en d\u00e9fens (r\u00e9g\u00e9n\u00e9ration assist\u00e9e, d\u00e9fense et restauration des sols, conservation des eaux et du sol)&nbsp;; appui \u00e0 l&rsquo;innovation (\u00e9quipements, modernisation des outils de travail\u2026)<\/p>\n\n\n\n<p>Dans le domaine de l\u2019hydraulique pastorale, le PDEPS pr\u00e9voit la construction de 15 nouveaux forages avec r\u00e9seaux AEP complets, la r\u00e9habilitation de 10 forages avec r\u00e9seaux AEP complets, l\u2019am\u00e9nagement de 15 mares pastorales et la construction de 5 retenues d&rsquo;eau.<\/p>\n\n\n\n<p>Pour faciliter l&rsquo;acc\u00e8s aux intrants alimentaires, 10 grossistes priv\u00e9s pour la distribution de l&rsquo;aliment b\u00e9tail&nbsp;et 30 d\u00e9taillants priv\u00e9s distributeurs seront appuy\u00e9s. De m\u00eame, il est pr\u00e9vu d\u2019accompagner 20 entrepreneurs fourragers.<\/p>\n\n\n\n<p>Dans le domaine de la sant\u00e9 animale, il est pr\u00e9vu l&rsquo;installation et l&rsquo;\u00e9quipement de 8 v\u00e9t\u00e9rinaires priv\u00e9s et de 18 techniciens d\u2019\u00e9levage. Dans cette m\u00eame rubrique, 40 parcs \u00e0 vaccination et 2 postes d&rsquo;inspection aux fronti\u00e8res \u00ab\u00a0PIF\u00a0\u00bb seront construits et \u00e9quip\u00e9s, en m\u00eame temps que 5 services v\u00e9t\u00e9rinaires.<\/p>\n\n\n\n<p>Pour intensifier la production de lait, 10 \u00e9tables seront construites et \u00e9quip\u00e9es, 3000 ins\u00e9minations artificielles seront effectu\u00e9es et 50 taureaux de race am\u00e9lior\u00e9e acquis sous l\u2019\u00e9gide du CNAG, partenaire strat\u00e9gique, charg\u00e9 de la diffusion pour l\u2019intensification de la production et du suivi des races am\u00e9lior\u00e9es (bovins et petit ruminants),<\/p>\n\n\n\n<p>Dans cette logique, l\u2019am\u00e9lioration de la transformation et de la distribution des produits laitiers va n\u00e9cessiter l\u2019appui \u00e0 la mise en place et l\u2019\u00e9quipement de 8 Unit\u00e9s laiti\u00e8res pour les promoteurs priv\u00e9s ainsi que la mise en place de 38 centres de collecte et l\u2019installation de 50 kiosques de distribution de lait local g\u00e9r\u00e9s par des priv\u00e9s.<\/p>\n\n\n\n<p>Parall\u00e8lement, 500 boucs et b\u00e9liers seront mis \u00e0 la disposition des \u00e9leveurs dans le cadre de la cr\u00e9ation d\u2019unit\u00e9s d\u2019intensification de la production de petits ruminants. L\u2019appui, \u00e0 cet effet, concernera \u00e9galement la mise en place de 180 ateliers d&#8217;embouches et des op\u00e9rations de tabaski (construction et \u00e9quipements de bergeries) ainsi que la mise en place de plateformes d\u2019innovation pour les cha\u00eenes de valeur.<\/p>\n\n\n\n<p>Afin de mieux ma\u00eetriser les engagements budg\u00e9taires et \u00e9viter les tensions de fin de projet, l\u2019atelier de planification a permis de fixer les activit\u00e9s pr\u00e9vues et les budgets y aff\u00e9rents dans la p\u00e9riode 2019-2023. Souple et glissante, la planification permettra, au cours de l\u2019ex\u00e9cution du programme, d\u2019ajuster les activit\u00e9s et le budget en fonction des priorit\u00e9s.<br><\/p>\n\n\n\n<figure class=\"wp-block-gallery columns-3 is-cropped wp-block-gallery-1 is-layout-flex wp-block-gallery-is-layout-flex\"><ul class=\"blocks-gallery-grid\"><li class=\"blocks-gallery-item\"><figure><img loading=\"lazy\" decoding=\"async\" width=\"811\" height=\"608\" src=\"https:\/\/praps.sn\/archives\/wp-content\/uploads\/2019\/09\/20190502_093847.jpg\" alt=\"\" data-id=\"106\" data-link=\"https:\/\/praps.sn\/archives\/2019\/09\/19\/atelier-de-planification-pluriannuelle-du-pdeps\/20190502_093847\/\" class=\"wp-image-106\" srcset=\"https:\/\/praps.sn\/archives\/wp-content\/uploads\/2019\/09\/20190502_093847.jpg 811w, https:\/\/praps.sn\/archives\/wp-content\/uploads\/2019\/09\/20190502_093847-300x225.jpg 300w, https:\/\/praps.sn\/archives\/wp-content\/uploads\/2019\/09\/20190502_093847-768x576.jpg 768w\" sizes=\"auto, (max-width: 811px) 100vw, 811px\" \/><\/figure><\/li><li class=\"blocks-gallery-item\"><figure><img loading=\"lazy\" decoding=\"async\" width=\"811\" height=\"608\" src=\"https:\/\/praps.sn\/archives\/wp-content\/uploads\/2019\/09\/20190502_093922.jpg\" alt=\"\" data-id=\"107\" data-link=\"https:\/\/praps.sn\/archives\/2019\/09\/19\/atelier-de-planification-pluriannuelle-du-pdeps\/20190502_093922\/\" class=\"wp-image-107\" srcset=\"https:\/\/praps.sn\/archives\/wp-content\/uploads\/2019\/09\/20190502_093922.jpg 811w, https:\/\/praps.sn\/archives\/wp-content\/uploads\/2019\/09\/20190502_093922-300x225.jpg 300w, https:\/\/praps.sn\/archives\/wp-content\/uploads\/2019\/09\/20190502_093922-768x576.jpg 768w\" sizes=\"auto, (max-width: 811px) 100vw, 811px\" \/><\/figure><\/li><li class=\"blocks-gallery-item\"><figure><img loading=\"lazy\" decoding=\"async\" width=\"768\" height=\"1024\" src=\"https:\/\/praps.sn\/archives\/wp-content\/uploads\/2019\/09\/20190502_094629-768x1024.jpg\" alt=\"\" data-id=\"108\" data-link=\"https:\/\/praps.sn\/archives\/2019\/09\/19\/atelier-de-planification-pluriannuelle-du-pdeps\/20190502_094629\/\" class=\"wp-image-108\" srcset=\"https:\/\/praps.sn\/archives\/wp-content\/uploads\/2019\/09\/20190502_094629-768x1024.jpg 768w, https:\/\/praps.sn\/archives\/wp-content\/uploads\/2019\/09\/20190502_094629-225x300.jpg 225w, https:\/\/praps.sn\/archives\/wp-content\/uploads\/2019\/09\/20190502_094629.jpg 811w\" sizes=\"auto, (max-width: 768px) 100vw, 768px\" \/><\/figure><\/li><li class=\"blocks-gallery-item\"><figure><img loading=\"lazy\" decoding=\"async\" width=\"768\" height=\"1024\" src=\"https:\/\/praps.sn\/archives\/wp-content\/uploads\/2019\/09\/20190502_094638-768x1024.jpg\" alt=\"\" data-id=\"109\" data-link=\"https:\/\/praps.sn\/archives\/2019\/09\/19\/atelier-de-planification-pluriannuelle-du-pdeps\/20190502_094638\/\" class=\"wp-image-109\" srcset=\"https:\/\/praps.sn\/archives\/wp-content\/uploads\/2019\/09\/20190502_094638-768x1024.jpg 768w, https:\/\/praps.sn\/archives\/wp-content\/uploads\/2019\/09\/20190502_094638-225x300.jpg 225w, https:\/\/praps.sn\/archives\/wp-content\/uploads\/2019\/09\/20190502_094638.jpg 811w\" sizes=\"auto, (max-width: 768px) 100vw, 768px\" \/><\/figure><\/li><li class=\"blocks-gallery-item\"><figure><img loading=\"lazy\" decoding=\"async\" width=\"811\" height=\"608\" src=\"https:\/\/praps.sn\/archives\/wp-content\/uploads\/2019\/09\/20190502_101458.jpg\" alt=\"\" data-id=\"110\" data-link=\"https:\/\/praps.sn\/archives\/2019\/09\/19\/atelier-de-planification-pluriannuelle-du-pdeps\/20190502_101458\/\" class=\"wp-image-110\" srcset=\"https:\/\/praps.sn\/archives\/wp-content\/uploads\/2019\/09\/20190502_101458.jpg 811w, https:\/\/praps.sn\/archives\/wp-content\/uploads\/2019\/09\/20190502_101458-300x225.jpg 300w, https:\/\/praps.sn\/archives\/wp-content\/uploads\/2019\/09\/20190502_101458-768x576.jpg 768w\" sizes=\"auto, (max-width: 811px) 100vw, 811px\" \/><\/figure><\/li><li class=\"blocks-gallery-item\"><figure><img loading=\"lazy\" decoding=\"async\" width=\"811\" height=\"608\" src=\"https:\/\/praps.sn\/archives\/wp-content\/uploads\/2019\/09\/20190502_101556.jpg\" alt=\"\" data-id=\"111\" data-link=\"https:\/\/praps.sn\/archives\/2019\/09\/19\/atelier-de-planification-pluriannuelle-du-pdeps\/20190502_101556\/\" class=\"wp-image-111\" srcset=\"https:\/\/praps.sn\/archives\/wp-content\/uploads\/2019\/09\/20190502_101556.jpg 811w, https:\/\/praps.sn\/archives\/wp-content\/uploads\/2019\/09\/20190502_101556-300x225.jpg 300w, https:\/\/praps.sn\/archives\/wp-content\/uploads\/2019\/09\/20190502_101556-768x576.jpg 768w\" sizes=\"auto, (max-width: 811px) 100vw, 811px\" \/><\/figure><\/li><li class=\"blocks-gallery-item\"><figure><img loading=\"lazy\" decoding=\"async\" width=\"811\" height=\"573\" src=\"https:\/\/praps.sn\/archives\/wp-content\/uploads\/2019\/09\/carte2.jpg\" alt=\"\" data-id=\"112\" data-link=\"https:\/\/praps.sn\/archives\/2019\/09\/19\/atelier-de-planification-pluriannuelle-du-pdeps\/carte2\/\" class=\"wp-image-112\" srcset=\"https:\/\/praps.sn\/archives\/wp-content\/uploads\/2019\/09\/carte2.jpg 811w, https:\/\/praps.sn\/archives\/wp-content\/uploads\/2019\/09\/carte2-300x212.jpg 300w, https:\/\/praps.sn\/archives\/wp-content\/uploads\/2019\/09\/carte2-768x543.jpg 768w\" sizes=\"auto, (max-width: 811px) 100vw, 811px\" \/><\/figure><\/li><\/ul><\/figure>\n","protected":false},"excerpt":{"rendered":"<p>L\u2019h\u00f4tel Club \u00ab&nbsp;Les Filaos&nbsp;\u00bb de Saly Portudal a abrit\u00e9 les 2 et 3 mai 2019 l\u2019atelier de planification pluriannuelle du Programme de d\u00e9veloppement durable des exploitations pastorales au Sahel (PDEPS). Cet exercice qui a r\u00e9uni l\u2019Unit\u00e9 de Coordination du Programme, les Chefs d\u2019Antenne en poste et diff\u00e9rents partenaires, avait pour objectif de d\u00e9cliner les pr\u00e9visions &hellip;<\/p>\n","protected":false},"author":1,"featured_media":24,"comment_status":"closed","ping_status":"open","sticky":false,"template":"","format":"standard","meta":{"_monsterinsights_skip_tracking":false,"_monsterinsights_sitenote_active":false,"_monsterinsights_sitenote_note":"","_monsterinsights_sitenote_category":0,"footnotes":""},"categories":[4,9],"tags":[],"class_list":["post-33","post","type-post","status-publish","format-standard","has-post-thumbnail","","category-a-la-une","category-gestion-du-projet-et-appui-institutionnel"],"yoast_head":"<!-- This site is optimized with the Yoast SEO plugin v22.7 - https:\/\/yoast.com\/wordpress\/plugins\/seo\/ -->\n<title>Atelier de planification pluriannuelle du PDEPS - PRAPS 1 SENEGAL<\/title>\n<meta name=\"robots\" content=\"index, follow, max-snippet:-1, max-image-preview:large, max-video-preview:-1\" \/>\n<link rel=\"canonical\" href=\"https:\/\/praps.sn\/archives\/atelier-de-planification-pluriannuelle-du-pdeps\/\" \/>\n<meta property=\"og:locale\" content=\"fr_FR\" \/>\n<meta property=\"og:type\" content=\"article\" \/>\n<meta property=\"og:title\" content=\"Atelier de planification pluriannuelle du PDEPS - PRAPS 1 SENEGAL\" \/>\n<meta property=\"og:description\" content=\"L\u2019h\u00f4tel Club \u00ab&nbsp;Les Filaos&nbsp;\u00bb de Saly Portudal a abrit\u00e9 les 2 et 3 mai 2019 l\u2019atelier de planification pluriannuelle du Programme de d\u00e9veloppement durable des exploitations pastorales au Sahel (PDEPS). Cet exercice qui a r\u00e9uni l\u2019Unit\u00e9 de Coordination du Programme, les Chefs d\u2019Antenne en poste et diff\u00e9rents partenaires, avait pour objectif de d\u00e9cliner les pr\u00e9visions &hellip;\" \/>\n<meta property=\"og:url\" content=\"https:\/\/praps.sn\/archives\/atelier-de-planification-pluriannuelle-du-pdeps\/\" \/>\n<meta property=\"og:site_name\" content=\"PRAPS 1 SENEGAL\" \/>\n<meta property=\"article:published_time\" content=\"2019-09-18T22:28:24+00:00\" \/>\n<meta property=\"article:modified_time\" content=\"2020-09-13T21:44:16+00:00\" \/>\n<meta property=\"og:image\" content=\"https:\/\/praps.sn\/archives\/wp-content\/uploads\/2019\/09\/c1572c59821062c96d0fc33ad32a2983_L.jpg\" \/>\n\t<meta property=\"og:image:width\" content=\"850\" \/>\n\t<meta property=\"og:image:height\" content=\"637\" \/>\n\t<meta property=\"og:image:type\" content=\"image\/jpeg\" \/>\n<meta name=\"author\" content=\"youssouphasarr\" \/>\n<meta name=\"twitter:card\" content=\"summary_large_image\" \/>\n<meta name=\"twitter:label1\" content=\"\u00c9crit par\" \/>\n\t<meta name=\"twitter:data1\" content=\"youssouphasarr\" \/>\n\t<meta name=\"twitter:label2\" content=\"Dur\u00e9e de lecture estim\u00e9e\" \/>\n\t<meta name=\"twitter:data2\" content=\"4 minutes\" \/>\n<script type=\"application\/ld+json\" class=\"yoast-schema-graph\">{\"@context\":\"https:\/\/schema.org\",\"@graph\":[{\"@type\":\"Article\",\"@id\":\"https:\/\/praps.sn\/archives\/atelier-de-planification-pluriannuelle-du-pdeps\/#article\",\"isPartOf\":{\"@id\":\"https:\/\/praps.sn\/archives\/atelier-de-planification-pluriannuelle-du-pdeps\/\"},\"author\":{\"name\":\"youssouphasarr\",\"@id\":\"https:\/\/praps.sn\/archives\/#\/schema\/person\/a674c1b3cc917deb3478bff3c0de730f\"},\"headline\":\"Atelier de planification pluriannuelle du PDEPS\",\"datePublished\":\"2019-09-18T22:28:24+00:00\",\"dateModified\":\"2020-09-13T21:44:16+00:00\",\"mainEntityOfPage\":{\"@id\":\"https:\/\/praps.sn\/archives\/atelier-de-planification-pluriannuelle-du-pdeps\/\"},\"wordCount\":822,\"publisher\":{\"@id\":\"https:\/\/praps.sn\/archives\/#organization\"},\"image\":{\"@id\":\"https:\/\/praps.sn\/archives\/atelier-de-planification-pluriannuelle-du-pdeps\/#primaryimage\"},\"thumbnailUrl\":\"https:\/\/praps.sn\/archives\/wp-content\/uploads\/2019\/09\/c1572c59821062c96d0fc33ad32a2983_L.jpg\",\"articleSection\":[\"A la une\",\"Gestion du projet et appui institutionnel\"],\"inLanguage\":\"fr-FR\"},{\"@type\":\"WebPage\",\"@id\":\"https:\/\/praps.sn\/archives\/atelier-de-planification-pluriannuelle-du-pdeps\/\",\"url\":\"https:\/\/praps.sn\/archives\/atelier-de-planification-pluriannuelle-du-pdeps\/\",\"name\":\"Atelier de planification pluriannuelle du PDEPS - PRAPS 1 SENEGAL\",\"isPartOf\":{\"@id\":\"https:\/\/praps.sn\/archives\/#website\"},\"primaryImageOfPage\":{\"@id\":\"https:\/\/praps.sn\/archives\/atelier-de-planification-pluriannuelle-du-pdeps\/#primaryimage\"},\"image\":{\"@id\":\"https:\/\/praps.sn\/archives\/atelier-de-planification-pluriannuelle-du-pdeps\/#primaryimage\"},\"thumbnailUrl\":\"https:\/\/praps.sn\/archives\/wp-content\/uploads\/2019\/09\/c1572c59821062c96d0fc33ad32a2983_L.jpg\",\"datePublished\":\"2019-09-18T22:28:24+00:00\",\"dateModified\":\"2020-09-13T21:44:16+00:00\",\"breadcrumb\":{\"@id\":\"https:\/\/praps.sn\/archives\/atelier-de-planification-pluriannuelle-du-pdeps\/#breadcrumb\"},\"inLanguage\":\"fr-FR\",\"potentialAction\":[{\"@type\":\"ReadAction\",\"target\":[\"https:\/\/praps.sn\/archives\/atelier-de-planification-pluriannuelle-du-pdeps\/\"]}]},{\"@type\":\"ImageObject\",\"inLanguage\":\"fr-FR\",\"@id\":\"https:\/\/praps.sn\/archives\/atelier-de-planification-pluriannuelle-du-pdeps\/#primaryimage\",\"url\":\"https:\/\/praps.sn\/archives\/wp-content\/uploads\/2019\/09\/c1572c59821062c96d0fc33ad32a2983_L.jpg\",\"contentUrl\":\"https:\/\/praps.sn\/archives\/wp-content\/uploads\/2019\/09\/c1572c59821062c96d0fc33ad32a2983_L.jpg\",\"width\":850,\"height\":637},{\"@type\":\"BreadcrumbList\",\"@id\":\"https:\/\/praps.sn\/archives\/atelier-de-planification-pluriannuelle-du-pdeps\/#breadcrumb\",\"itemListElement\":[{\"@type\":\"ListItem\",\"position\":1,\"name\":\"Home\",\"item\":\"https:\/\/praps.sn\/archives\/\"},{\"@type\":\"ListItem\",\"position\":2,\"name\":\"Atelier de planification pluriannuelle du PDEPS\"}]},{\"@type\":\"WebSite\",\"@id\":\"https:\/\/praps.sn\/archives\/#website\",\"url\":\"https:\/\/praps.sn\/archives\/\",\"name\":\"PRAPS SENEGAL\",\"description\":\"Projet d&#039;Appui au Pastoralisme au Sahel-Phase 1\",\"publisher\":{\"@id\":\"https:\/\/praps.sn\/archives\/#organization\"},\"potentialAction\":[{\"@type\":\"SearchAction\",\"target\":{\"@type\":\"EntryPoint\",\"urlTemplate\":\"https:\/\/praps.sn\/archives\/?s={search_term_string}\"},\"query-input\":\"required name=search_term_string\"}],\"inLanguage\":\"fr-FR\"},{\"@type\":\"Organization\",\"@id\":\"https:\/\/praps.sn\/archives\/#organization\",\"name\":\"PRAPS S\u00e9n\u00e9gal\",\"url\":\"https:\/\/praps.sn\/archives\/\",\"logo\":{\"@type\":\"ImageObject\",\"inLanguage\":\"fr-FR\",\"@id\":\"https:\/\/praps.sn\/archives\/#\/schema\/logo\/image\/\",\"url\":\"https:\/\/praps.sn\/archives\/wp-content\/uploads\/2019\/09\/banniere_praps-1.png\",\"contentUrl\":\"https:\/\/praps.sn\/archives\/wp-content\/uploads\/2019\/09\/banniere_praps-1.png\",\"width\":159,\"height\":154,\"caption\":\"PRAPS S\u00e9n\u00e9gal\"},\"image\":{\"@id\":\"https:\/\/praps.sn\/archives\/#\/schema\/logo\/image\/\"}},{\"@type\":\"Person\",\"@id\":\"https:\/\/praps.sn\/archives\/#\/schema\/person\/a674c1b3cc917deb3478bff3c0de730f\",\"name\":\"youssouphasarr\"}]}<\/script>\n<!-- \/ Yoast SEO plugin. -->","yoast_head_json":{"title":"Atelier de planification pluriannuelle du PDEPS - PRAPS 1 SENEGAL","robots":{"index":"index","follow":"follow","max-snippet":"max-snippet:-1","max-image-preview":"max-image-preview:large","max-video-preview":"max-video-preview:-1"},"canonical":"https:\/\/praps.sn\/archives\/atelier-de-planification-pluriannuelle-du-pdeps\/","og_locale":"fr_FR","og_type":"article","og_title":"Atelier de planification pluriannuelle du PDEPS - PRAPS 1 SENEGAL","og_description":"L\u2019h\u00f4tel Club \u00ab&nbsp;Les Filaos&nbsp;\u00bb de Saly Portudal a abrit\u00e9 les 2 et 3 mai 2019 l\u2019atelier de planification pluriannuelle du Programme de d\u00e9veloppement durable des exploitations pastorales au Sahel (PDEPS). Cet exercice qui a r\u00e9uni l\u2019Unit\u00e9 de Coordination du Programme, les Chefs d\u2019Antenne en poste et diff\u00e9rents partenaires, avait pour objectif de d\u00e9cliner les pr\u00e9visions &hellip;","og_url":"https:\/\/praps.sn\/archives\/atelier-de-planification-pluriannuelle-du-pdeps\/","og_site_name":"PRAPS 1 SENEGAL","article_published_time":"2019-09-18T22:28:24+00:00","article_modified_time":"2020-09-13T21:44:16+00:00","og_image":[{"width":850,"height":637,"url":"https:\/\/praps.sn\/archives\/wp-content\/uploads\/2019\/09\/c1572c59821062c96d0fc33ad32a2983_L.jpg","type":"image\/jpeg"}],"author":"youssouphasarr","twitter_card":"summary_large_image","twitter_misc":{"\u00c9crit par":"youssouphasarr","Dur\u00e9e de lecture estim\u00e9e":"4 minutes"},"schema":{"@context":"https:\/\/schema.org","@graph":[{"@type":"Article","@id":"https:\/\/praps.sn\/archives\/atelier-de-planification-pluriannuelle-du-pdeps\/#article","isPartOf":{"@id":"https:\/\/praps.sn\/archives\/atelier-de-planification-pluriannuelle-du-pdeps\/"},"author":{"name":"youssouphasarr","@id":"https:\/\/praps.sn\/archives\/#\/schema\/person\/a674c1b3cc917deb3478bff3c0de730f"},"headline":"Atelier de planification pluriannuelle du PDEPS","datePublished":"2019-09-18T22:28:24+00:00","dateModified":"2020-09-13T21:44:16+00:00","mainEntityOfPage":{"@id":"https:\/\/praps.sn\/archives\/atelier-de-planification-pluriannuelle-du-pdeps\/"},"wordCount":822,"publisher":{"@id":"https:\/\/praps.sn\/archives\/#organization"},"image":{"@id":"https:\/\/praps.sn\/archives\/atelier-de-planification-pluriannuelle-du-pdeps\/#primaryimage"},"thumbnailUrl":"https:\/\/praps.sn\/archives\/wp-content\/uploads\/2019\/09\/c1572c59821062c96d0fc33ad32a2983_L.jpg","articleSection":["A la une","Gestion du projet et appui institutionnel"],"inLanguage":"fr-FR"},{"@type":"WebPage","@id":"https:\/\/praps.sn\/archives\/atelier-de-planification-pluriannuelle-du-pdeps\/","url":"https:\/\/praps.sn\/archives\/atelier-de-planification-pluriannuelle-du-pdeps\/","name":"Atelier de planification pluriannuelle du PDEPS - PRAPS 1 SENEGAL","isPartOf":{"@id":"https:\/\/praps.sn\/archives\/#website"},"primaryImageOfPage":{"@id":"https:\/\/praps.sn\/archives\/atelier-de-planification-pluriannuelle-du-pdeps\/#primaryimage"},"image":{"@id":"https:\/\/praps.sn\/archives\/atelier-de-planification-pluriannuelle-du-pdeps\/#primaryimage"},"thumbnailUrl":"https:\/\/praps.sn\/archives\/wp-content\/uploads\/2019\/09\/c1572c59821062c96d0fc33ad32a2983_L.jpg","datePublished":"2019-09-18T22:28:24+00:00","dateModified":"2020-09-13T21:44:16+00:00","breadcrumb":{"@id":"https:\/\/praps.sn\/archives\/atelier-de-planification-pluriannuelle-du-pdeps\/#breadcrumb"},"inLanguage":"fr-FR","potentialAction":[{"@type":"ReadAction","target":["https:\/\/praps.sn\/archives\/atelier-de-planification-pluriannuelle-du-pdeps\/"]}]},{"@type":"ImageObject","inLanguage":"fr-FR","@id":"https:\/\/praps.sn\/archives\/atelier-de-planification-pluriannuelle-du-pdeps\/#primaryimage","url":"https:\/\/praps.sn\/archives\/wp-content\/uploads\/2019\/09\/c1572c59821062c96d0fc33ad32a2983_L.jpg","contentUrl":"https:\/\/praps.sn\/archives\/wp-content\/uploads\/2019\/09\/c1572c59821062c96d0fc33ad32a2983_L.jpg","width":850,"height":637},{"@type":"BreadcrumbList","@id":"https:\/\/praps.sn\/archives\/atelier-de-planification-pluriannuelle-du-pdeps\/#breadcrumb","itemListElement":[{"@type":"ListItem","position":1,"name":"Home","item":"https:\/\/praps.sn\/archives\/"},{"@type":"ListItem","position":2,"name":"Atelier de planification pluriannuelle du PDEPS"}]},{"@type":"WebSite","@id":"https:\/\/praps.sn\/archives\/#website","url":"https:\/\/praps.sn\/archives\/","name":"PRAPS SENEGAL","description":"Projet d&#039;Appui au Pastoralisme au Sahel-Phase 1","publisher":{"@id":"https:\/\/praps.sn\/archives\/#organization"},"potentialAction":[{"@type":"SearchAction","target":{"@type":"EntryPoint","urlTemplate":"https:\/\/praps.sn\/archives\/?s={search_term_string}"},"query-input":"required name=search_term_string"}],"inLanguage":"fr-FR"},{"@type":"Organization","@id":"https:\/\/praps.sn\/archives\/#organization","name":"PRAPS S\u00e9n\u00e9gal","url":"https:\/\/praps.sn\/archives\/","logo":{"@type":"ImageObject","inLanguage":"fr-FR","@id":"https:\/\/praps.sn\/archives\/#\/schema\/logo\/image\/","url":"https:\/\/praps.sn\/archives\/wp-content\/uploads\/2019\/09\/banniere_praps-1.png","contentUrl":"https:\/\/praps.sn\/archives\/wp-content\/uploads\/2019\/09\/banniere_praps-1.png","width":159,"height":154,"caption":"PRAPS S\u00e9n\u00e9gal"},"image":{"@id":"https:\/\/praps.sn\/archives\/#\/schema\/logo\/image\/"}},{"@type":"Person","@id":"https:\/\/praps.sn\/archives\/#\/schema\/person\/a674c1b3cc917deb3478bff3c0de730f","name":"youssouphasarr"}]}},"_links":{"self":[{"href":"https:\/\/praps.sn\/archives\/wp-json\/wp\/v2\/posts\/33","targetHints":{"allow":["GET"]}}],"collection":[{"href":"https:\/\/praps.sn\/archives\/wp-json\/wp\/v2\/posts"}],"about":[{"href":"https:\/\/praps.sn\/archives\/wp-json\/wp\/v2\/types\/post"}],"author":[{"embeddable":true,"href":"https:\/\/praps.sn\/archives\/wp-json\/wp\/v2\/users\/1"}],"replies":[{"embeddable":true,"href":"https:\/\/praps.sn\/archives\/wp-json\/wp\/v2\/comments?post=33"}],"version-history":[{"count":5,"href":"https:\/\/praps.sn\/archives\/wp-json\/wp\/v2\/posts\/33\/revisions"}],"predecessor-version":[{"id":258,"href":"https:\/\/praps.sn\/archives\/wp-json\/wp\/v2\/posts\/33\/revisions\/258"}],"wp:featuredmedia":[{"embeddable":true,"href":"https:\/\/praps.sn\/archives\/wp-json\/wp\/v2\/media\/24"}],"wp:attachment":[{"href":"https:\/\/praps.sn\/archives\/wp-json\/wp\/v2\/media?parent=33"}],"wp:term":[{"taxonomy":"category","embeddable":true,"href":"https:\/\/praps.sn\/archives\/wp-json\/wp\/v2\/categories?post=33"},{"taxonomy":"post_tag","embeddable":true,"href":"https:\/\/praps.sn\/archives\/wp-json\/wp\/v2\/tags?post=33"}],"curies":[{"name":"wp","href":"https:\/\/api.w.org\/{rel}","templated":true}]}}