{"id":267,"date":"2020-11-04T12:09:44","date_gmt":"2020-11-04T11:09:44","guid":{"rendered":"https:\/\/praps.sn\/archives\/?p=267"},"modified":"2020-11-11T14:17:10","modified_gmt":"2020-11-11T13:17:10","slug":"vol-de-betail-les-comites-de-lutte-passe-a-la-vitesse-superieure","status":"publish","type":"post","link":"https:\/\/praps.sn\/archives\/vol-de-betail-les-comites-de-lutte-passe-a-la-vitesse-superieure\/","title":{"rendered":"VOL DE BETAIL : LES COMITES DE LUTTE PASSENT A LA VITESSE SUPERIEURE"},"content":{"rendered":"\n<p>A Thiel, le 24 octobre, une bande de 20 voleurs est mise aux arr\u00eats avec l\u2019appui de la Gendarmerie. La bande conduite par O.D.K op\u00e9rait nuitamment pour emporter des dizaines de moutons et de bovins. Les pertes pour les \u00e9leveurs sont estim\u00e9es \u00e0 25 millions de F CFA pour les seuls dix premiers mois de l\u2019ann\u00e9e 2020. Un autre coup de filet avait permis le 16 septembre de mettre la main sur un grand voleur qui avait sous ses ordres une dizaine de jeunes pour op\u00e9rer le jour comme la nuit.<\/p>\n\n\n\n<p>A Bokhol, dans le d\u00e9partement de Dagana et \u00e0 Ourossogui (d\u00e9partement de Matam) les comit\u00e9s de lutte ont aid\u00e9 \u00e0 mettre sous les verrous pr\u00e8s neuf voleurs et receleurs. D\u2019autres comit\u00e9s ont eu autant de r\u00e9ussite, mais ont pr\u00e9f\u00e9r\u00e9 ne pas communiquer pour ne pas \u00e9veiller des soup\u00e7ons. Certains sont d\u2019avis que la lutte est plus efficace dans la discr\u00e9tion, car en g\u00e9n\u00e9ral les voleurs sont connus dans les terroirs au niveau desquels ils op\u00e8rent. Les arrestations sans publicit\u00e9, pourraient donc \u00e9viter, selon eux, d\u2019indexer des d\u00e9nonciateurs et donc des repr\u00e9sailles.<\/p>\n\n\n\n<p>Le plus important donc, c\u2019est l\u2019implication des populations \u00e0 travers la cr\u00e9ation de comit\u00e9s de veille, de pr\u00e9vention et de lutte contre le vol de b\u00e9tail, particuli\u00e8rement dans les zones transfrontali\u00e8res. Pour documenter les exp\u00e9riences locales des diff\u00e9rents comit\u00e9s, le Projet r\u00e9gional d\u2019appui au pastoralisme au sahel (PRAPS) avait financ\u00e9 une \u00e9tude visant \u00e0 valoriser davantage les initiatives r\u00e9ussies et en faire des sources d\u2019inspiration des politiques de lutte contre le vol de b\u00e9tail. L\u2019\u00e9tude de capitalisation commandit\u00e9e par le PRAPS, portait sur les causes du ph\u00e9nom\u00e8ne de vol de b\u00e9tail, ses facteurs amplificateurs, ses cons\u00e9quences et les bonnes pratiques entreprises \u00e0 diff\u00e9rents niveaux pour endiguer ce fl\u00e9au et ses impacts.<\/p>\n\n\n\n<p>Ce travail a \u00e9t\u00e9 entrepris par le PRAPS dans le cadre de sa composante \u00ab&nbsp;gestion des crises pastorales.&nbsp;\u00bb Le projet s\u2019est engag\u00e9 dans un processus de capitalisation de ces bonnes pratiques dans une perspective de r\u00e9plication sur tout le territoire national. Les meilleures pratiques ont \u00e9t\u00e9 ainsi partag\u00e9es, avant leur passage \u00e0 l\u2019\u00e9chelle.<\/p>\n\n\n\n<p>Quelle que soit la strat\u00e9gie adopt\u00e9e, la v\u00e9rit\u00e9, c\u2019est que les comit\u00e9s de lutte et de veille sur le vol de b\u00e9tail commencent \u00e0 r\u00e9colter les fruits de leur d\u00e9termination. Pour rappel, le PRAPS s\u2019est bien impliqu\u00e9 dans la pr\u00e9vention du vol de b\u00e9tail par la constitution et la formation de 20 comit\u00e9s de lutte dans les huit d\u00e9partements couverts par le projet. Ces comit\u00e9s avaient re\u00e7u chacun des \u00e9quipements constitu\u00e9s de sifflets, de botte et de torches \u00e0 tr\u00e8s longue port\u00e9e.<\/p>\n\n\n\n<p>Pour \u00e9viter les abus, les forces de s\u00e9curit\u00e9 et de d\u00e9fense ont contribu\u00e9 \u00e0 cette formation. Elles ont surtout expliqu\u00e9 aux membres des comit\u00e9s les tenants et les aboutissants de leurs pr\u00e9rogatives et la n\u00e9cessit\u00e9 de saisir les corps de l\u2019Etat \u00e0 certains niveaux d\u2019intervention. Les arrestations op\u00e9r\u00e9es jusqu\u2019ici ont confirm\u00e9 que la collaboration entre les comit\u00e9s et la Gendarmerie, par exemple, semblent bien huil\u00e9e.<\/p>\n\n\n\n<blockquote class=\"wp-block-quote is-layout-flow wp-block-quote-is-layout-flow\"><p><strong>LES DIX COMMANDEMENTS POUR ATTENUER LE VOL DE BETAIL<\/strong><\/p><\/blockquote>\n\n\n\n<ol class=\"wp-block-list\"><li>Utiliser le t\u00e9l\u00e9phone portable pour partager rapidement les informations et les caract\u00e9ristiques des animaux vol\u00e9s avec les autres comit\u00e9s de veille, les chefs de village, les collectivit\u00e9s locales et les forces de s\u00e9curit\u00e9.<\/li><li>Eviter d\u2019utiliser imm\u00e9diatement les radios communautaires et les m\u00e9dias de masse, car les voleurs et leurs complices font partie des auditeurs qui re\u00e7oivent les informations.<\/li><li>Parcourir les abattoirs et les march\u00e9s hebdomadaires pour effectuer des contr\u00f4les syst\u00e9matiques sur tous les animaux destin\u00e9s \u00e0 l\u2019abattage.<\/li><li>Faire conna\u00eetre et enregistrer les associations et comit\u00e9s de vigilance au niveau du minist\u00e8re de l\u2019Int\u00e9rieur pour les rendre l\u00e9gaux et l\u00e9gitimes devant les acteurs y compris l\u2019administration et les autorit\u00e9s religieuses.<\/li><li>D\u00e9ployer une large campagne de plaidoyer et de communication afin de juguler le vol de b\u00e9tail et confondre les voleurs d\u00e9masqu\u00e9s. Mat\u00e9rialiser la fluidit\u00e9 des relations entre les comit\u00e9s de veille, les autorit\u00e9s administratives, les services de l\u2019\u00e9levage et les forces de s\u00e9curit\u00e9 par un partage permanent d\u2019informations.<\/li><li>Vulgariser les bonnes pratiques recens\u00e9es en y associant les forces de s\u00e9curit\u00e9 et de d\u00e9fenses, les collectivit\u00e9s territoriales, les femmes, les jeunes, les chefs de village et les associations professionnelles du b\u00e9tail et de la viande.<\/li><li>Initier un pool d\u2019avocats gracieusement mis \u00e0 la disposition des comit\u00e9s de lutte contre le vol de b\u00e9tail pour les assister, les d\u00e9fendre et les conseiller en cas de besoin.<\/li><li>Vulgariser les proc\u00e9dures du code p\u00e9nal et du code de proc\u00e9dures avec toutes les nouvelles modifications apport\u00e9es et visant, entre autres, \u00e0 criminaliser le vol de b\u00e9tail.<\/li><li>Impliquer les Organisations pastorales dans l\u2019identification et l\u2019assurance du cheptel. G\u00e9n\u00e9raliser la lutte contre les abattages clandestins et mettre en place un plan de reconversion et d\u2019int\u00e9gration des bouchers clandestins.<\/li><li>Appliquer avec rigueur les contr\u00f4les sur les mouvements de b\u00e9tail y compris la transhumance, en application de la r\u00e9glementation sanitaire et l\u2019identification des transhumants et de leurs animaux.<\/li><\/ol>\n","protected":false},"excerpt":{"rendered":"<p>A Thiel, le 24 octobre, une bande de 20 voleurs est mise aux arr\u00eats avec l\u2019appui de la Gendarmerie. La bande conduite par O.D.K op\u00e9rait nuitamment pour emporter des dizaines de moutons et de bovins. Les pertes pour les \u00e9leveurs sont estim\u00e9es \u00e0 25 millions de F CFA pour les seuls dix premiers mois de &hellip;<\/p>\n","protected":false},"author":1,"featured_media":0,"comment_status":"closed","ping_status":"closed","sticky":false,"template":"","format":"standard","meta":{"_monsterinsights_skip_tracking":false,"_monsterinsights_sitenote_active":false,"_monsterinsights_sitenote_note":"","_monsterinsights_sitenote_category":0,"footnotes":""},"categories":[4,8],"tags":[],"class_list":["post-267","post","type-post","status-publish","format-standard","","category-a-la-une","category-gestion-des-crises-pastorales"],"yoast_head":"<!-- This site is optimized with the Yoast SEO plugin v22.7 - https:\/\/yoast.com\/wordpress\/plugins\/seo\/ -->\n<title>VOL DE BETAIL : LES COMITES DE LUTTE PASSENT A LA VITESSE SUPERIEURE - PRAPS 1 SENEGAL<\/title>\n<meta name=\"robots\" content=\"index, follow, max-snippet:-1, max-image-preview:large, max-video-preview:-1\" \/>\n<link rel=\"canonical\" href=\"https:\/\/praps.sn\/archives\/vol-de-betail-les-comites-de-lutte-passe-a-la-vitesse-superieure\/\" \/>\n<meta property=\"og:locale\" content=\"fr_FR\" \/>\n<meta property=\"og:type\" content=\"article\" \/>\n<meta property=\"og:title\" content=\"VOL DE BETAIL : LES COMITES DE LUTTE PASSENT A LA VITESSE SUPERIEURE - PRAPS 1 SENEGAL\" \/>\n<meta property=\"og:description\" content=\"A Thiel, le 24 octobre, une bande de 20 voleurs est mise aux arr\u00eats avec l\u2019appui de la Gendarmerie. La bande conduite par O.D.K op\u00e9rait nuitamment pour emporter des dizaines de moutons et de bovins. Les pertes pour les \u00e9leveurs sont estim\u00e9es \u00e0 25 millions de F CFA pour les seuls dix premiers mois de &hellip;\" \/>\n<meta property=\"og:url\" content=\"https:\/\/praps.sn\/archives\/vol-de-betail-les-comites-de-lutte-passe-a-la-vitesse-superieure\/\" \/>\n<meta property=\"og:site_name\" content=\"PRAPS 1 SENEGAL\" \/>\n<meta property=\"article:published_time\" content=\"2020-11-04T11:09:44+00:00\" \/>\n<meta property=\"article:modified_time\" content=\"2020-11-11T13:17:10+00:00\" \/>\n<meta name=\"author\" content=\"youssouphasarr\" \/>\n<meta name=\"twitter:card\" content=\"summary_large_image\" \/>\n<meta name=\"twitter:label1\" content=\"\u00c9crit par\" \/>\n\t<meta name=\"twitter:data1\" content=\"youssouphasarr\" \/>\n\t<meta name=\"twitter:label2\" content=\"Dur\u00e9e de lecture estim\u00e9e\" \/>\n\t<meta name=\"twitter:data2\" content=\"5 minutes\" \/>\n<script type=\"application\/ld+json\" class=\"yoast-schema-graph\">{\"@context\":\"https:\/\/schema.org\",\"@graph\":[{\"@type\":\"Article\",\"@id\":\"https:\/\/praps.sn\/archives\/vol-de-betail-les-comites-de-lutte-passe-a-la-vitesse-superieure\/#article\",\"isPartOf\":{\"@id\":\"https:\/\/praps.sn\/archives\/vol-de-betail-les-comites-de-lutte-passe-a-la-vitesse-superieure\/\"},\"author\":{\"name\":\"youssouphasarr\",\"@id\":\"https:\/\/praps.sn\/archives\/#\/schema\/person\/a674c1b3cc917deb3478bff3c0de730f\"},\"headline\":\"VOL DE BETAIL : LES COMITES DE LUTTE PASSENT A LA VITESSE SUPERIEURE\",\"datePublished\":\"2020-11-04T11:09:44+00:00\",\"dateModified\":\"2020-11-11T13:17:10+00:00\",\"mainEntityOfPage\":{\"@id\":\"https:\/\/praps.sn\/archives\/vol-de-betail-les-comites-de-lutte-passe-a-la-vitesse-superieure\/\"},\"wordCount\":948,\"publisher\":{\"@id\":\"https:\/\/praps.sn\/archives\/#organization\"},\"articleSection\":[\"A la une\",\"Gestion des crises pastorales\"],\"inLanguage\":\"fr-FR\"},{\"@type\":\"WebPage\",\"@id\":\"https:\/\/praps.sn\/archives\/vol-de-betail-les-comites-de-lutte-passe-a-la-vitesse-superieure\/\",\"url\":\"https:\/\/praps.sn\/archives\/vol-de-betail-les-comites-de-lutte-passe-a-la-vitesse-superieure\/\",\"name\":\"VOL DE BETAIL : LES COMITES DE LUTTE PASSENT A LA VITESSE SUPERIEURE - PRAPS 1 SENEGAL\",\"isPartOf\":{\"@id\":\"https:\/\/praps.sn\/archives\/#website\"},\"datePublished\":\"2020-11-04T11:09:44+00:00\",\"dateModified\":\"2020-11-11T13:17:10+00:00\",\"breadcrumb\":{\"@id\":\"https:\/\/praps.sn\/archives\/vol-de-betail-les-comites-de-lutte-passe-a-la-vitesse-superieure\/#breadcrumb\"},\"inLanguage\":\"fr-FR\",\"potentialAction\":[{\"@type\":\"ReadAction\",\"target\":[\"https:\/\/praps.sn\/archives\/vol-de-betail-les-comites-de-lutte-passe-a-la-vitesse-superieure\/\"]}]},{\"@type\":\"BreadcrumbList\",\"@id\":\"https:\/\/praps.sn\/archives\/vol-de-betail-les-comites-de-lutte-passe-a-la-vitesse-superieure\/#breadcrumb\",\"itemListElement\":[{\"@type\":\"ListItem\",\"position\":1,\"name\":\"Home\",\"item\":\"https:\/\/praps.sn\/archives\/\"},{\"@type\":\"ListItem\",\"position\":2,\"name\":\"VOL DE BETAIL : LES COMITES DE LUTTE PASSENT A LA VITESSE SUPERIEURE\"}]},{\"@type\":\"WebSite\",\"@id\":\"https:\/\/praps.sn\/archives\/#website\",\"url\":\"https:\/\/praps.sn\/archives\/\",\"name\":\"PRAPS SENEGAL\",\"description\":\"Projet d&#039;Appui au Pastoralisme au Sahel-Phase 1\",\"publisher\":{\"@id\":\"https:\/\/praps.sn\/archives\/#organization\"},\"potentialAction\":[{\"@type\":\"SearchAction\",\"target\":{\"@type\":\"EntryPoint\",\"urlTemplate\":\"https:\/\/praps.sn\/archives\/?s={search_term_string}\"},\"query-input\":\"required name=search_term_string\"}],\"inLanguage\":\"fr-FR\"},{\"@type\":\"Organization\",\"@id\":\"https:\/\/praps.sn\/archives\/#organization\",\"name\":\"PRAPS S\u00e9n\u00e9gal\",\"url\":\"https:\/\/praps.sn\/archives\/\",\"logo\":{\"@type\":\"ImageObject\",\"inLanguage\":\"fr-FR\",\"@id\":\"https:\/\/praps.sn\/archives\/#\/schema\/logo\/image\/\",\"url\":\"https:\/\/praps.sn\/archives\/wp-content\/uploads\/2019\/09\/banniere_praps-1.png\",\"contentUrl\":\"https:\/\/praps.sn\/archives\/wp-content\/uploads\/2019\/09\/banniere_praps-1.png\",\"width\":159,\"height\":154,\"caption\":\"PRAPS S\u00e9n\u00e9gal\"},\"image\":{\"@id\":\"https:\/\/praps.sn\/archives\/#\/schema\/logo\/image\/\"}},{\"@type\":\"Person\",\"@id\":\"https:\/\/praps.sn\/archives\/#\/schema\/person\/a674c1b3cc917deb3478bff3c0de730f\",\"name\":\"youssouphasarr\"}]}<\/script>\n<!-- \/ Yoast SEO plugin. -->","yoast_head_json":{"title":"VOL DE BETAIL : LES COMITES DE LUTTE PASSENT A LA VITESSE SUPERIEURE - PRAPS 1 SENEGAL","robots":{"index":"index","follow":"follow","max-snippet":"max-snippet:-1","max-image-preview":"max-image-preview:large","max-video-preview":"max-video-preview:-1"},"canonical":"https:\/\/praps.sn\/archives\/vol-de-betail-les-comites-de-lutte-passe-a-la-vitesse-superieure\/","og_locale":"fr_FR","og_type":"article","og_title":"VOL DE BETAIL : LES COMITES DE LUTTE PASSENT A LA VITESSE SUPERIEURE - PRAPS 1 SENEGAL","og_description":"A Thiel, le 24 octobre, une bande de 20 voleurs est mise aux arr\u00eats avec l\u2019appui de la Gendarmerie. La bande conduite par O.D.K op\u00e9rait nuitamment pour emporter des dizaines de moutons et de bovins. Les pertes pour les \u00e9leveurs sont estim\u00e9es \u00e0 25 millions de F CFA pour les seuls dix premiers mois de &hellip;","og_url":"https:\/\/praps.sn\/archives\/vol-de-betail-les-comites-de-lutte-passe-a-la-vitesse-superieure\/","og_site_name":"PRAPS 1 SENEGAL","article_published_time":"2020-11-04T11:09:44+00:00","article_modified_time":"2020-11-11T13:17:10+00:00","author":"youssouphasarr","twitter_card":"summary_large_image","twitter_misc":{"\u00c9crit par":"youssouphasarr","Dur\u00e9e de lecture estim\u00e9e":"5 minutes"},"schema":{"@context":"https:\/\/schema.org","@graph":[{"@type":"Article","@id":"https:\/\/praps.sn\/archives\/vol-de-betail-les-comites-de-lutte-passe-a-la-vitesse-superieure\/#article","isPartOf":{"@id":"https:\/\/praps.sn\/archives\/vol-de-betail-les-comites-de-lutte-passe-a-la-vitesse-superieure\/"},"author":{"name":"youssouphasarr","@id":"https:\/\/praps.sn\/archives\/#\/schema\/person\/a674c1b3cc917deb3478bff3c0de730f"},"headline":"VOL DE BETAIL : LES COMITES DE LUTTE PASSENT A LA VITESSE SUPERIEURE","datePublished":"2020-11-04T11:09:44+00:00","dateModified":"2020-11-11T13:17:10+00:00","mainEntityOfPage":{"@id":"https:\/\/praps.sn\/archives\/vol-de-betail-les-comites-de-lutte-passe-a-la-vitesse-superieure\/"},"wordCount":948,"publisher":{"@id":"https:\/\/praps.sn\/archives\/#organization"},"articleSection":["A la une","Gestion des crises pastorales"],"inLanguage":"fr-FR"},{"@type":"WebPage","@id":"https:\/\/praps.sn\/archives\/vol-de-betail-les-comites-de-lutte-passe-a-la-vitesse-superieure\/","url":"https:\/\/praps.sn\/archives\/vol-de-betail-les-comites-de-lutte-passe-a-la-vitesse-superieure\/","name":"VOL DE BETAIL : LES COMITES DE LUTTE PASSENT A LA VITESSE SUPERIEURE - PRAPS 1 SENEGAL","isPartOf":{"@id":"https:\/\/praps.sn\/archives\/#website"},"datePublished":"2020-11-04T11:09:44+00:00","dateModified":"2020-11-11T13:17:10+00:00","breadcrumb":{"@id":"https:\/\/praps.sn\/archives\/vol-de-betail-les-comites-de-lutte-passe-a-la-vitesse-superieure\/#breadcrumb"},"inLanguage":"fr-FR","potentialAction":[{"@type":"ReadAction","target":["https:\/\/praps.sn\/archives\/vol-de-betail-les-comites-de-lutte-passe-a-la-vitesse-superieure\/"]}]},{"@type":"BreadcrumbList","@id":"https:\/\/praps.sn\/archives\/vol-de-betail-les-comites-de-lutte-passe-a-la-vitesse-superieure\/#breadcrumb","itemListElement":[{"@type":"ListItem","position":1,"name":"Home","item":"https:\/\/praps.sn\/archives\/"},{"@type":"ListItem","position":2,"name":"VOL DE BETAIL : LES COMITES DE LUTTE PASSENT A LA VITESSE SUPERIEURE"}]},{"@type":"WebSite","@id":"https:\/\/praps.sn\/archives\/#website","url":"https:\/\/praps.sn\/archives\/","name":"PRAPS SENEGAL","description":"Projet d&#039;Appui au Pastoralisme au Sahel-Phase 1","publisher":{"@id":"https:\/\/praps.sn\/archives\/#organization"},"potentialAction":[{"@type":"SearchAction","target":{"@type":"EntryPoint","urlTemplate":"https:\/\/praps.sn\/archives\/?s={search_term_string}"},"query-input":"required name=search_term_string"}],"inLanguage":"fr-FR"},{"@type":"Organization","@id":"https:\/\/praps.sn\/archives\/#organization","name":"PRAPS S\u00e9n\u00e9gal","url":"https:\/\/praps.sn\/archives\/","logo":{"@type":"ImageObject","inLanguage":"fr-FR","@id":"https:\/\/praps.sn\/archives\/#\/schema\/logo\/image\/","url":"https:\/\/praps.sn\/archives\/wp-content\/uploads\/2019\/09\/banniere_praps-1.png","contentUrl":"https:\/\/praps.sn\/archives\/wp-content\/uploads\/2019\/09\/banniere_praps-1.png","width":159,"height":154,"caption":"PRAPS S\u00e9n\u00e9gal"},"image":{"@id":"https:\/\/praps.sn\/archives\/#\/schema\/logo\/image\/"}},{"@type":"Person","@id":"https:\/\/praps.sn\/archives\/#\/schema\/person\/a674c1b3cc917deb3478bff3c0de730f","name":"youssouphasarr"}]}},"_links":{"self":[{"href":"https:\/\/praps.sn\/archives\/wp-json\/wp\/v2\/posts\/267","targetHints":{"allow":["GET"]}}],"collection":[{"href":"https:\/\/praps.sn\/archives\/wp-json\/wp\/v2\/posts"}],"about":[{"href":"https:\/\/praps.sn\/archives\/wp-json\/wp\/v2\/types\/post"}],"author":[{"embeddable":true,"href":"https:\/\/praps.sn\/archives\/wp-json\/wp\/v2\/users\/1"}],"replies":[{"embeddable":true,"href":"https:\/\/praps.sn\/archives\/wp-json\/wp\/v2\/comments?post=267"}],"version-history":[{"count":2,"href":"https:\/\/praps.sn\/archives\/wp-json\/wp\/v2\/posts\/267\/revisions"}],"predecessor-version":[{"id":280,"href":"https:\/\/praps.sn\/archives\/wp-json\/wp\/v2\/posts\/267\/revisions\/280"}],"wp:attachment":[{"href":"https:\/\/praps.sn\/archives\/wp-json\/wp\/v2\/media?parent=267"}],"wp:term":[{"taxonomy":"category","embeddable":true,"href":"https:\/\/praps.sn\/archives\/wp-json\/wp\/v2\/categories?post=267"},{"taxonomy":"post_tag","embeddable":true,"href":"https:\/\/praps.sn\/archives\/wp-json\/wp\/v2\/tags?post=267"}],"curies":[{"name":"wp","href":"https:\/\/api.w.org\/{rel}","templated":true}]}}