{"id":230,"date":"2020-07-02T15:29:14","date_gmt":"2020-07-02T14:29:14","guid":{"rendered":"https:\/\/praps.sn\/archives\/?p=230"},"modified":"2020-07-02T15:31:01","modified_gmt":"2020-07-02T14:31:01","slug":"resilience-pastorale-les-magasins-de-lespoir","status":"publish","type":"post","link":"https:\/\/praps.sn\/archives\/resilience-pastorale-les-magasins-de-lespoir\/","title":{"rendered":"R\u00c9SILIENCE PASTORALE : LES MAGASINS DE L\u2019ESPOIR"},"content":{"rendered":"\n<p>La r\u00e9union pr\u00e9paratoire \u00e0 la mise en service des magasins de stockage de 50 T ou boutiques pastorales d\u00e9j\u00e0 r\u00e9ceptionn\u00e9es, s\u2019est tenue le 24 juin 2020 \u00e0 Dagana. Objectifs&nbsp;: examiner les possibilit\u00e9s de d\u00e9marrage des activit\u00e9s au niveau de l\u2019Antenne Nord du PRAPS et exprimer les besoins de chacune des cinq boutiques pastorales concern\u00e9es.<\/p>\n\n\n\n<p>A l&rsquo;issue des discussions, les acteurs pr\u00e9sents ont pris les d\u00e9cisions suivantes&nbsp;:<\/p>\n\n\n\n<ol class=\"wp-block-list\" type=\"1\"><li>D\u00e9marrage, sans d\u00e9lai, des activit\u00e9s des boutiques d\u00e8s r\u00e9ception des denr\u00e9es promises par le projet.<\/li><li>Diff\u00e9rer le ravitaillement des magasins en aliment de b\u00e9tail concentr\u00e9 pour \u00e9viter la d\u00e9pr\u00e9ciation des prix et les risques d\u2019avarie et de m\u00e9vente pendant la saison des pluies.<\/li><li>Les participants ont pris la ferme d\u00e9cision d&rsquo;asseoir un collectif d&rsquo;acheteurs regroupant l&rsquo;ensemble &nbsp; des comit\u00e9s de gestion des magasins de Dagana et &nbsp;&nbsp;&nbsp;&nbsp;&nbsp;&nbsp;&nbsp; de Podor pour proc\u00e9der \u00e0 des achats group\u00e9s aupr\u00e8s des rizeries. Cette disposition leur permettrait d&rsquo;avoir un pouvoir de n\u00e9gociation non n\u00e9gligeable avec les fournisseurs.<\/li><\/ol>\n\n\n\n<figure class=\"wp-block-image size-large\"><img loading=\"lazy\" decoding=\"async\" width=\"1024\" height=\"683\" src=\"https:\/\/praps.sn\/archives\/wp-content\/uploads\/2020\/07\/1-1024x683.jpg\" alt=\"\" class=\"wp-image-231\" srcset=\"https:\/\/praps.sn\/archives\/wp-content\/uploads\/2020\/07\/1-1024x683.jpg 1024w, https:\/\/praps.sn\/archives\/wp-content\/uploads\/2020\/07\/1-300x200.jpg 300w, https:\/\/praps.sn\/archives\/wp-content\/uploads\/2020\/07\/1-768x512.jpg 768w, https:\/\/praps.sn\/archives\/wp-content\/uploads\/2020\/07\/1.jpg 1086w\" sizes=\"auto, (max-width: 1024px) 100vw, 1024px\" \/><figcaption> Magasin de stockage de 100 T \u00e0 Missira Wad\u00e8ne, d\u00e9partement de Koungheul<\/figcaption><\/figure>\n\n\n\n<figure class=\"wp-block-image size-large\"><img loading=\"lazy\" decoding=\"async\" width=\"1024\" height=\"683\" src=\"https:\/\/praps.sn\/archives\/wp-content\/uploads\/2020\/07\/2-1024x683.jpg\" alt=\"\" class=\"wp-image-232\" srcset=\"https:\/\/praps.sn\/archives\/wp-content\/uploads\/2020\/07\/2-1024x683.jpg 1024w, https:\/\/praps.sn\/archives\/wp-content\/uploads\/2020\/07\/2-300x200.jpg 300w, https:\/\/praps.sn\/archives\/wp-content\/uploads\/2020\/07\/2-768x512.jpg 768w, https:\/\/praps.sn\/archives\/wp-content\/uploads\/2020\/07\/2.jpg 1086w\" sizes=\"auto, (max-width: 1024px) 100vw, 1024px\" \/><figcaption>Magasin de 50 T ou boutique pastorale \u00e0 Nissant\u00e9, d\u00e9partement de Dagana<\/figcaption><\/figure>\n\n\n\n<p>Le mode op\u00e9ratoire du projet est de doter gratuitement les magasins en denr\u00e9es de premi\u00e8re n\u00e9cessit\u00e9 d&rsquo;une valeur estim\u00e9e \u00e0 3 millions de FCFA et d\u2019un million de F CFA pour les boutiques pastorales, en guise d&rsquo;appui unique au d\u00e9marrage de leurs activit\u00e9s.<\/p>\n\n\n\n<p>Etaient pr\u00e9sents \u00e0 cette rencontre, l&rsquo;antenne de Ndioum, les SDEL et les animateurs de Dagana et Podor. (cf liste de pr\u00e9sence jointe en annexe de ce rapport). Les magasins des d\u00e9partements de Matam et Kanel sont toujours en cours de construction ne sont pas concern\u00e9s.<\/p>\n\n\n\n<p>La rencontre \u00e9tait plac\u00e9e sous la pr\u00e9sidence du Chef d\u2019Antenne du PRAPS \u00e0 Ndioum. Le Dr Mamadou Moustapha Thiam a d\u2019abord pris la parole pour souhaiter la bienvenue aux invit\u00e9s. Il s\u2019est ensuite appesanti les fonctions des magasins de stockage et boutiques pastorales dans la r\u00e9silience des communaut\u00e9s pastorales, en cas de crise due \u00e0 un d\u00e9ficit fourrager quantitatif ou qualitatif.<\/p>\n\n\n\n<p>Un tour de table a \u00e9t\u00e9 effectu\u00e9 pour permettre aux participants de partager leur v\u00e9cu ou exp\u00e9rience dans le domaine de l&rsquo;acquisition et de la distribution d&rsquo;aliment de b\u00e9tail. Plusieurs modes de gestion de stock d&rsquo;aliment ont \u00e9t\u00e9 \u00e9voqu\u00e9s, allant du mode de gestion adopt\u00e9 par les op\u00e9rations de Sauvegarde du b\u00e9tail (OSB) aux autres modes pratiqu\u00e9s sur le terrain, avec les diff\u00e9rents projets et programmes d&rsquo;appui \u00e0 l&rsquo;\u00e9levage intervenant dans les d\u00e9partements de Dagana et de Podor.<\/p>\n\n\n\n<p>Les participants ont \u00e9t\u00e9 sensibilis\u00e9s sur un des soucis majeurs du PRAPS qui est de promouvoir, partout dans sa zone d&rsquo;intervention, un syst\u00e8me d&rsquo;acquisition et de revente d&rsquo;aliment de b\u00e9tail et de denr\u00e9es strat\u00e9giques, autonome, rentable, r\u00e9plicable et durable.<\/p>\n\n\n\n<p><strong>EXPRESSIONS DES BESOINS DES BOUTIQUES PASTORALES<\/strong><\/p>\n\n\n\n<figure class=\"wp-block-table\"><table><tbody><tr><td>Boutiques pastorales<\/td><td>Denr\u00e9es<\/td><\/tr><tr><td>P\u00e9tel Sowonab\u00e9<\/td><td>&nbsp; 1.Riz 5.Lampes torche 9.Bonbons 13.Vinaigre 2.Huile 6.Cordes 10. P\u00e2te alimentaire 14.Sel de cuisine 3.Sucre 7.Savon 11.Biscuit 15.Arachide 4.Th\u00e9 8.Farine de bl\u00e9 12.Moutarde 16.Lait en poudre &nbsp;<\/td><\/tr><tr><td>Loumbol Thilly<\/td><td>&nbsp; 1.Riz 5.Lampes torche 9. Couches pour b\u00e9b\u00e9 13.Ni\u00e9b\u00e9 2.Huile 6.Cordes 10.P\u00e2te alimentaire 14.Sel de cuisine 3.Sucre 7.Savon 11.Poivre 15.Haricots 4.Th\u00e9 8.Farine de bl\u00e9 12.Ail 16.Poissons secs &nbsp;<\/td><\/tr><tr><td>Souyl\u00e8ne<\/td><td>&nbsp; 1.Riz 5.Lampes torche 9.Bonbons 13.Couches pour b\u00e9b\u00e9 2.Huile 6.Cordes 10.Macaroni 14.Sel de cuisine 3.Sucre 7.Savon 11.Biscuit 15.Arachide 4.Th\u00e9 8.Farine de bl\u00e9 12.Moutarde 16.Poissons secs &nbsp;<\/td><\/tr><tr><td>Niassant\u00e9<\/td><td>&nbsp; 1.Riz 5.Lampes torche 9.Bonbons 13.Vinaigre 2.Huile 6.Cordes 10. P\u00e2te alimentaire 14.Sel de cuisine 3.Sucre 7.Savon 11.Biscuit 15.Arachide 4.Th\u00e9 8.Farine de bl\u00e9 12.Moutarde 16.Lait en poudre &nbsp;<\/td><\/tr><tr><td>Daymane<\/td><td>&nbsp; 1.Riz 5.Lampes torche 9.Bonbons 13.D\u00e9tergents 2.Huile 6.Cordes 10.Macaroni 14.Sel de cuisine 3.Sucre 7.Savon 11.Biscuit 15.P\u00e2te d&rsquo;arachide 4.Th\u00e9 8.Farine de bl\u00e9 12.Moutarde 16.Mil &nbsp;<\/td><\/tr><\/tbody><\/table><\/figure>\n\n\n\n<p>NB. &nbsp;Pour les magasins de 100 T, le choix des participants porte sur les sous-produits de la transformation du riz.<\/p>\n\n\n\n<p><strong>Texte \u00e9crit sur la base des informations fournies par le Dr Mamadou Moustpha Thiam, chef d\u2019Antnne PRAPS Ndioum<\/strong><\/p>\n","protected":false},"excerpt":{"rendered":"<p>La r\u00e9union pr\u00e9paratoire \u00e0 la mise en service des magasins de stockage de 50 T ou boutiques pastorales d\u00e9j\u00e0 r\u00e9ceptionn\u00e9es, s\u2019est tenue le 24 juin 2020 \u00e0 Dagana. Objectifs&nbsp;: examiner les possibilit\u00e9s de d\u00e9marrage des activit\u00e9s au niveau de l\u2019Antenne Nord du PRAPS et exprimer les besoins de chacune des cinq boutiques pastorales concern\u00e9es. A &hellip;<\/p>\n","protected":false},"author":1,"featured_media":231,"comment_status":"closed","ping_status":"closed","sticky":false,"template":"","format":"standard","meta":{"_monsterinsights_skip_tracking":false,"_monsterinsights_sitenote_active":false,"_monsterinsights_sitenote_note":"","_monsterinsights_sitenote_category":0,"footnotes":""},"categories":[4,8],"tags":[],"class_list":["post-230","post","type-post","status-publish","format-standard","has-post-thumbnail","","category-a-la-une","category-gestion-des-crises-pastorales"],"yoast_head":"<!-- This site is optimized with the Yoast SEO plugin v22.7 - https:\/\/yoast.com\/wordpress\/plugins\/seo\/ -->\n<title>R\u00c9SILIENCE PASTORALE : LES MAGASINS DE L\u2019ESPOIR - PRAPS 1 SENEGAL<\/title>\n<meta name=\"robots\" content=\"index, follow, max-snippet:-1, max-image-preview:large, max-video-preview:-1\" \/>\n<link rel=\"canonical\" href=\"https:\/\/praps.sn\/archives\/resilience-pastorale-les-magasins-de-lespoir\/\" \/>\n<meta property=\"og:locale\" content=\"fr_FR\" \/>\n<meta property=\"og:type\" content=\"article\" \/>\n<meta property=\"og:title\" content=\"R\u00c9SILIENCE PASTORALE : LES MAGASINS DE L\u2019ESPOIR - PRAPS 1 SENEGAL\" \/>\n<meta property=\"og:description\" content=\"La r\u00e9union pr\u00e9paratoire \u00e0 la mise en service des magasins de stockage de 50 T ou boutiques pastorales d\u00e9j\u00e0 r\u00e9ceptionn\u00e9es, s\u2019est tenue le 24 juin 2020 \u00e0 Dagana. Objectifs&nbsp;: examiner les possibilit\u00e9s de d\u00e9marrage des activit\u00e9s au niveau de l\u2019Antenne Nord du PRAPS et exprimer les besoins de chacune des cinq boutiques pastorales concern\u00e9es. A &hellip;\" \/>\n<meta property=\"og:url\" content=\"https:\/\/praps.sn\/archives\/resilience-pastorale-les-magasins-de-lespoir\/\" \/>\n<meta property=\"og:site_name\" content=\"PRAPS 1 SENEGAL\" \/>\n<meta property=\"article:published_time\" content=\"2020-07-02T14:29:14+00:00\" \/>\n<meta property=\"article:modified_time\" content=\"2020-07-02T14:31:01+00:00\" \/>\n<meta property=\"og:image\" content=\"https:\/\/praps.sn\/archives\/wp-content\/uploads\/2020\/07\/1.jpg\" \/>\n\t<meta property=\"og:image:width\" content=\"1086\" \/>\n\t<meta property=\"og:image:height\" content=\"724\" \/>\n\t<meta property=\"og:image:type\" content=\"image\/jpeg\" \/>\n<meta name=\"author\" content=\"youssouphasarr\" \/>\n<meta name=\"twitter:card\" content=\"summary_large_image\" \/>\n<meta name=\"twitter:label1\" content=\"\u00c9crit par\" \/>\n\t<meta name=\"twitter:data1\" content=\"youssouphasarr\" \/>\n\t<meta name=\"twitter:label2\" content=\"Dur\u00e9e de lecture estim\u00e9e\" \/>\n\t<meta name=\"twitter:data2\" content=\"4 minutes\" \/>\n<script type=\"application\/ld+json\" class=\"yoast-schema-graph\">{\"@context\":\"https:\/\/schema.org\",\"@graph\":[{\"@type\":\"Article\",\"@id\":\"https:\/\/praps.sn\/archives\/resilience-pastorale-les-magasins-de-lespoir\/#article\",\"isPartOf\":{\"@id\":\"https:\/\/praps.sn\/archives\/resilience-pastorale-les-magasins-de-lespoir\/\"},\"author\":{\"name\":\"youssouphasarr\",\"@id\":\"https:\/\/praps.sn\/archives\/#\/schema\/person\/a674c1b3cc917deb3478bff3c0de730f\"},\"headline\":\"R\u00c9SILIENCE PASTORALE : LES MAGASINS DE L\u2019ESPOIR\",\"datePublished\":\"2020-07-02T14:29:14+00:00\",\"dateModified\":\"2020-07-02T14:31:01+00:00\",\"mainEntityOfPage\":{\"@id\":\"https:\/\/praps.sn\/archives\/resilience-pastorale-les-magasins-de-lespoir\/\"},\"wordCount\":731,\"publisher\":{\"@id\":\"https:\/\/praps.sn\/archives\/#organization\"},\"image\":{\"@id\":\"https:\/\/praps.sn\/archives\/resilience-pastorale-les-magasins-de-lespoir\/#primaryimage\"},\"thumbnailUrl\":\"https:\/\/praps.sn\/archives\/wp-content\/uploads\/2020\/07\/1.jpg\",\"articleSection\":[\"A la une\",\"Gestion des crises pastorales\"],\"inLanguage\":\"fr-FR\"},{\"@type\":\"WebPage\",\"@id\":\"https:\/\/praps.sn\/archives\/resilience-pastorale-les-magasins-de-lespoir\/\",\"url\":\"https:\/\/praps.sn\/archives\/resilience-pastorale-les-magasins-de-lespoir\/\",\"name\":\"R\u00c9SILIENCE PASTORALE : LES MAGASINS DE L\u2019ESPOIR - PRAPS 1 SENEGAL\",\"isPartOf\":{\"@id\":\"https:\/\/praps.sn\/archives\/#website\"},\"primaryImageOfPage\":{\"@id\":\"https:\/\/praps.sn\/archives\/resilience-pastorale-les-magasins-de-lespoir\/#primaryimage\"},\"image\":{\"@id\":\"https:\/\/praps.sn\/archives\/resilience-pastorale-les-magasins-de-lespoir\/#primaryimage\"},\"thumbnailUrl\":\"https:\/\/praps.sn\/archives\/wp-content\/uploads\/2020\/07\/1.jpg\",\"datePublished\":\"2020-07-02T14:29:14+00:00\",\"dateModified\":\"2020-07-02T14:31:01+00:00\",\"breadcrumb\":{\"@id\":\"https:\/\/praps.sn\/archives\/resilience-pastorale-les-magasins-de-lespoir\/#breadcrumb\"},\"inLanguage\":\"fr-FR\",\"potentialAction\":[{\"@type\":\"ReadAction\",\"target\":[\"https:\/\/praps.sn\/archives\/resilience-pastorale-les-magasins-de-lespoir\/\"]}]},{\"@type\":\"ImageObject\",\"inLanguage\":\"fr-FR\",\"@id\":\"https:\/\/praps.sn\/archives\/resilience-pastorale-les-magasins-de-lespoir\/#primaryimage\",\"url\":\"https:\/\/praps.sn\/archives\/wp-content\/uploads\/2020\/07\/1.jpg\",\"contentUrl\":\"https:\/\/praps.sn\/archives\/wp-content\/uploads\/2020\/07\/1.jpg\",\"width\":1086,\"height\":724},{\"@type\":\"BreadcrumbList\",\"@id\":\"https:\/\/praps.sn\/archives\/resilience-pastorale-les-magasins-de-lespoir\/#breadcrumb\",\"itemListElement\":[{\"@type\":\"ListItem\",\"position\":1,\"name\":\"Home\",\"item\":\"https:\/\/praps.sn\/archives\/\"},{\"@type\":\"ListItem\",\"position\":2,\"name\":\"R\u00c9SILIENCE PASTORALE : LES MAGASINS DE L\u2019ESPOIR\"}]},{\"@type\":\"WebSite\",\"@id\":\"https:\/\/praps.sn\/archives\/#website\",\"url\":\"https:\/\/praps.sn\/archives\/\",\"name\":\"PRAPS SENEGAL\",\"description\":\"Projet d&#039;Appui au Pastoralisme au Sahel-Phase 1\",\"publisher\":{\"@id\":\"https:\/\/praps.sn\/archives\/#organization\"},\"potentialAction\":[{\"@type\":\"SearchAction\",\"target\":{\"@type\":\"EntryPoint\",\"urlTemplate\":\"https:\/\/praps.sn\/archives\/?s={search_term_string}\"},\"query-input\":\"required name=search_term_string\"}],\"inLanguage\":\"fr-FR\"},{\"@type\":\"Organization\",\"@id\":\"https:\/\/praps.sn\/archives\/#organization\",\"name\":\"PRAPS S\u00e9n\u00e9gal\",\"url\":\"https:\/\/praps.sn\/archives\/\",\"logo\":{\"@type\":\"ImageObject\",\"inLanguage\":\"fr-FR\",\"@id\":\"https:\/\/praps.sn\/archives\/#\/schema\/logo\/image\/\",\"url\":\"https:\/\/praps.sn\/archives\/wp-content\/uploads\/2019\/09\/banniere_praps-1.png\",\"contentUrl\":\"https:\/\/praps.sn\/archives\/wp-content\/uploads\/2019\/09\/banniere_praps-1.png\",\"width\":159,\"height\":154,\"caption\":\"PRAPS S\u00e9n\u00e9gal\"},\"image\":{\"@id\":\"https:\/\/praps.sn\/archives\/#\/schema\/logo\/image\/\"}},{\"@type\":\"Person\",\"@id\":\"https:\/\/praps.sn\/archives\/#\/schema\/person\/a674c1b3cc917deb3478bff3c0de730f\",\"name\":\"youssouphasarr\"}]}<\/script>\n<!-- \/ Yoast SEO plugin. -->","yoast_head_json":{"title":"R\u00c9SILIENCE PASTORALE : LES MAGASINS DE L\u2019ESPOIR - PRAPS 1 SENEGAL","robots":{"index":"index","follow":"follow","max-snippet":"max-snippet:-1","max-image-preview":"max-image-preview:large","max-video-preview":"max-video-preview:-1"},"canonical":"https:\/\/praps.sn\/archives\/resilience-pastorale-les-magasins-de-lespoir\/","og_locale":"fr_FR","og_type":"article","og_title":"R\u00c9SILIENCE PASTORALE : LES MAGASINS DE L\u2019ESPOIR - PRAPS 1 SENEGAL","og_description":"La r\u00e9union pr\u00e9paratoire \u00e0 la mise en service des magasins de stockage de 50 T ou boutiques pastorales d\u00e9j\u00e0 r\u00e9ceptionn\u00e9es, s\u2019est tenue le 24 juin 2020 \u00e0 Dagana. Objectifs&nbsp;: examiner les possibilit\u00e9s de d\u00e9marrage des activit\u00e9s au niveau de l\u2019Antenne Nord du PRAPS et exprimer les besoins de chacune des cinq boutiques pastorales concern\u00e9es. A &hellip;","og_url":"https:\/\/praps.sn\/archives\/resilience-pastorale-les-magasins-de-lespoir\/","og_site_name":"PRAPS 1 SENEGAL","article_published_time":"2020-07-02T14:29:14+00:00","article_modified_time":"2020-07-02T14:31:01+00:00","og_image":[{"width":1086,"height":724,"url":"https:\/\/praps.sn\/archives\/wp-content\/uploads\/2020\/07\/1.jpg","type":"image\/jpeg"}],"author":"youssouphasarr","twitter_card":"summary_large_image","twitter_misc":{"\u00c9crit par":"youssouphasarr","Dur\u00e9e de lecture estim\u00e9e":"4 minutes"},"schema":{"@context":"https:\/\/schema.org","@graph":[{"@type":"Article","@id":"https:\/\/praps.sn\/archives\/resilience-pastorale-les-magasins-de-lespoir\/#article","isPartOf":{"@id":"https:\/\/praps.sn\/archives\/resilience-pastorale-les-magasins-de-lespoir\/"},"author":{"name":"youssouphasarr","@id":"https:\/\/praps.sn\/archives\/#\/schema\/person\/a674c1b3cc917deb3478bff3c0de730f"},"headline":"R\u00c9SILIENCE PASTORALE : LES MAGASINS DE L\u2019ESPOIR","datePublished":"2020-07-02T14:29:14+00:00","dateModified":"2020-07-02T14:31:01+00:00","mainEntityOfPage":{"@id":"https:\/\/praps.sn\/archives\/resilience-pastorale-les-magasins-de-lespoir\/"},"wordCount":731,"publisher":{"@id":"https:\/\/praps.sn\/archives\/#organization"},"image":{"@id":"https:\/\/praps.sn\/archives\/resilience-pastorale-les-magasins-de-lespoir\/#primaryimage"},"thumbnailUrl":"https:\/\/praps.sn\/archives\/wp-content\/uploads\/2020\/07\/1.jpg","articleSection":["A la une","Gestion des crises pastorales"],"inLanguage":"fr-FR"},{"@type":"WebPage","@id":"https:\/\/praps.sn\/archives\/resilience-pastorale-les-magasins-de-lespoir\/","url":"https:\/\/praps.sn\/archives\/resilience-pastorale-les-magasins-de-lespoir\/","name":"R\u00c9SILIENCE PASTORALE : LES MAGASINS DE L\u2019ESPOIR - PRAPS 1 SENEGAL","isPartOf":{"@id":"https:\/\/praps.sn\/archives\/#website"},"primaryImageOfPage":{"@id":"https:\/\/praps.sn\/archives\/resilience-pastorale-les-magasins-de-lespoir\/#primaryimage"},"image":{"@id":"https:\/\/praps.sn\/archives\/resilience-pastorale-les-magasins-de-lespoir\/#primaryimage"},"thumbnailUrl":"https:\/\/praps.sn\/archives\/wp-content\/uploads\/2020\/07\/1.jpg","datePublished":"2020-07-02T14:29:14+00:00","dateModified":"2020-07-02T14:31:01+00:00","breadcrumb":{"@id":"https:\/\/praps.sn\/archives\/resilience-pastorale-les-magasins-de-lespoir\/#breadcrumb"},"inLanguage":"fr-FR","potentialAction":[{"@type":"ReadAction","target":["https:\/\/praps.sn\/archives\/resilience-pastorale-les-magasins-de-lespoir\/"]}]},{"@type":"ImageObject","inLanguage":"fr-FR","@id":"https:\/\/praps.sn\/archives\/resilience-pastorale-les-magasins-de-lespoir\/#primaryimage","url":"https:\/\/praps.sn\/archives\/wp-content\/uploads\/2020\/07\/1.jpg","contentUrl":"https:\/\/praps.sn\/archives\/wp-content\/uploads\/2020\/07\/1.jpg","width":1086,"height":724},{"@type":"BreadcrumbList","@id":"https:\/\/praps.sn\/archives\/resilience-pastorale-les-magasins-de-lespoir\/#breadcrumb","itemListElement":[{"@type":"ListItem","position":1,"name":"Home","item":"https:\/\/praps.sn\/archives\/"},{"@type":"ListItem","position":2,"name":"R\u00c9SILIENCE PASTORALE : LES MAGASINS DE L\u2019ESPOIR"}]},{"@type":"WebSite","@id":"https:\/\/praps.sn\/archives\/#website","url":"https:\/\/praps.sn\/archives\/","name":"PRAPS SENEGAL","description":"Projet d&#039;Appui au Pastoralisme au Sahel-Phase 1","publisher":{"@id":"https:\/\/praps.sn\/archives\/#organization"},"potentialAction":[{"@type":"SearchAction","target":{"@type":"EntryPoint","urlTemplate":"https:\/\/praps.sn\/archives\/?s={search_term_string}"},"query-input":"required name=search_term_string"}],"inLanguage":"fr-FR"},{"@type":"Organization","@id":"https:\/\/praps.sn\/archives\/#organization","name":"PRAPS S\u00e9n\u00e9gal","url":"https:\/\/praps.sn\/archives\/","logo":{"@type":"ImageObject","inLanguage":"fr-FR","@id":"https:\/\/praps.sn\/archives\/#\/schema\/logo\/image\/","url":"https:\/\/praps.sn\/archives\/wp-content\/uploads\/2019\/09\/banniere_praps-1.png","contentUrl":"https:\/\/praps.sn\/archives\/wp-content\/uploads\/2019\/09\/banniere_praps-1.png","width":159,"height":154,"caption":"PRAPS S\u00e9n\u00e9gal"},"image":{"@id":"https:\/\/praps.sn\/archives\/#\/schema\/logo\/image\/"}},{"@type":"Person","@id":"https:\/\/praps.sn\/archives\/#\/schema\/person\/a674c1b3cc917deb3478bff3c0de730f","name":"youssouphasarr"}]}},"_links":{"self":[{"href":"https:\/\/praps.sn\/archives\/wp-json\/wp\/v2\/posts\/230","targetHints":{"allow":["GET"]}}],"collection":[{"href":"https:\/\/praps.sn\/archives\/wp-json\/wp\/v2\/posts"}],"about":[{"href":"https:\/\/praps.sn\/archives\/wp-json\/wp\/v2\/types\/post"}],"author":[{"embeddable":true,"href":"https:\/\/praps.sn\/archives\/wp-json\/wp\/v2\/users\/1"}],"replies":[{"embeddable":true,"href":"https:\/\/praps.sn\/archives\/wp-json\/wp\/v2\/comments?post=230"}],"version-history":[{"count":1,"href":"https:\/\/praps.sn\/archives\/wp-json\/wp\/v2\/posts\/230\/revisions"}],"predecessor-version":[{"id":233,"href":"https:\/\/praps.sn\/archives\/wp-json\/wp\/v2\/posts\/230\/revisions\/233"}],"wp:featuredmedia":[{"embeddable":true,"href":"https:\/\/praps.sn\/archives\/wp-json\/wp\/v2\/media\/231"}],"wp:attachment":[{"href":"https:\/\/praps.sn\/archives\/wp-json\/wp\/v2\/media?parent=230"}],"wp:term":[{"taxonomy":"category","embeddable":true,"href":"https:\/\/praps.sn\/archives\/wp-json\/wp\/v2\/categories?post=230"},{"taxonomy":"post_tag","embeddable":true,"href":"https:\/\/praps.sn\/archives\/wp-json\/wp\/v2\/tags?post=230"}],"curies":[{"name":"wp","href":"https:\/\/api.w.org\/{rel}","templated":true}]}}